{"id":5623,"date":"2023-05-22T14:59:36","date_gmt":"2023-05-22T18:59:36","guid":{"rendered":"https:\/\/minaguas.gob.ve\/?p=5623"},"modified":"2023-05-22T15:00:01","modified_gmt":"2023-05-22T19:00:01","slug":"aguas-de-yaracuy-sustituyo-54-metros-del-colector-de-aguas-servidas-en-san-felipe","status":"publish","type":"post","link":"https:\/\/minaguas.gob.ve\/?p=5623","title":{"rendered":"\u00a0Aguas de Yaracuy sustituy\u00f3 54 metros de colector de aguas servidas en San Felipe"},"content":{"rendered":"\n<p><\/p>\n\n\n<div class=\"wp-block-image\">\n<figure class=\"aligncenter size-full\"><img loading=\"lazy\" decoding=\"async\" width=\"751\" height=\"563\" src=\"https:\/\/minaguas.gob.ve\/wp-content\/uploads\/2023\/05\/WhatsApp-Image-2023-05-22-at-2.29.31-PM.jpeg\" alt=\"\" class=\"wp-image-5625\" srcset=\"https:\/\/minaguas.gob.ve\/wp-content\/uploads\/2023\/05\/WhatsApp-Image-2023-05-22-at-2.29.31-PM.jpeg 751w, https:\/\/minaguas.gob.ve\/wp-content\/uploads\/2023\/05\/WhatsApp-Image-2023-05-22-at-2.29.31-PM-300x225.jpeg 300w\" sizes=\"auto, (max-width: 751px) 100vw, 751px\" \/><\/figure>\n<\/div>\n\n\n<p><strong>(Prensa MinAguas\/Aguas de Yaracuy 22-05-2023).-<\/strong> Cuadrillas de mantenimiento y soldadura de Aguas de Yaracuy en articulaci\u00f3n con la alcald\u00eda del municipio San Felipe, sustituyeron 54 metros del colector de 8 pulgadas en la 6ta Avenida entre calle 20 y 21 de la ciudad capitalina.<\/p>\n\n\n\n<p>Juan Luis Vel\u00e1squez, presidente del ente h\u00eddrico manifest\u00f3 que durante el despliegue la fuerza trabajadora realiz\u00f3 la excavaci\u00f3n y remoci\u00f3n de un tramo de tuber\u00eda de concreto por PEAD de 8 pulgadas, as\u00ed como tambi\u00e9n la construcci\u00f3n de siete cachimbos, en beneficio de m\u00e1s de 50 familias de la localidad.<\/p>\n\n\n\n<p>Adem\u00e1s, indic\u00f3 que de manera simult\u00e1nea se realiz\u00f3 la sustituci\u00f3n de 42 metros de colector de 8 pulgadas en el sector La Tiama del municipio Pe\u00f1a; cinco metros del colector de aguas en la urbanizaci\u00f3n Altos de Yurub\u00ed en Independencia y cinco metros en el sector Tricentenario de Bruzual.<\/p>\n\n\n\n<figure class=\"wp-block-gallery has-nested-images columns-default is-cropped wp-block-gallery-1 is-layout-flex wp-block-gallery-is-layout-flex\">\n<figure class=\"wp-block-image size-large\"><img loading=\"lazy\" decoding=\"async\" width=\"486\" height=\"486\" data-id=\"5626\" src=\"https:\/\/minaguas.gob.ve\/wp-content\/uploads\/2023\/05\/WhatsApp-Image-2023-05-22-at-2.29.30-PM-1.jpeg\" alt=\"\" class=\"wp-image-5626\" srcset=\"https:\/\/minaguas.gob.ve\/wp-content\/uploads\/2023\/05\/WhatsApp-Image-2023-05-22-at-2.29.30-PM-1.jpeg 486w, https:\/\/minaguas.gob.ve\/wp-content\/uploads\/2023\/05\/WhatsApp-Image-2023-05-22-at-2.29.30-PM-1-300x300.jpeg 300w, https:\/\/minaguas.gob.ve\/wp-content\/uploads\/2023\/05\/WhatsApp-Image-2023-05-22-at-2.29.30-PM-1-150x150.jpeg 150w\" sizes=\"auto, (max-width: 486px) 100vw, 486px\" \/><\/figure>\n\n\n\n<figure class=\"wp-block-image size-large\"><img loading=\"lazy\" decoding=\"async\" width=\"780\" height=\"780\" data-id=\"5627\" src=\"https:\/\/minaguas.gob.ve\/wp-content\/uploads\/2023\/05\/WhatsApp-Image-2023-05-22-at-2.29.30-PM-2.jpeg\" alt=\"\" class=\"wp-image-5627\" srcset=\"https:\/\/minaguas.gob.ve\/wp-content\/uploads\/2023\/05\/WhatsApp-Image-2023-05-22-at-2.29.30-PM-2.jpeg 780w, https:\/\/minaguas.gob.ve\/wp-content\/uploads\/2023\/05\/WhatsApp-Image-2023-05-22-at-2.29.30-PM-2-300x300.jpeg 300w, https:\/\/minaguas.gob.ve\/wp-content\/uploads\/2023\/05\/WhatsApp-Image-2023-05-22-at-2.29.30-PM-2-150x150.jpeg 150w, https:\/\/minaguas.gob.ve\/wp-content\/uploads\/2023\/05\/WhatsApp-Image-2023-05-22-at-2.29.30-PM-2-768x768.jpeg 768w\" sizes=\"auto, (max-width: 780px) 100vw, 780px\" \/><\/figure>\n<\/figure>\n\n\n\n<p>Por otra parte, Vel\u00e1squez a\u00f1adi\u00f3 que recientemente inici\u00f3 un nuevo frente de trabajo en la comunidad Tierra Amarilla del sector El Ceibal, ubicado en el municipio Bruzual, la cual consiste en la reconstrucci\u00f3n de 511 metros lineales del colector de aguas servidas y la construcci\u00f3n de 35 empotramientos.<\/p>\n\n\n\n<p>Estas acciones cumplen los lineamientos dictados por el presidente Nicol\u00e1s Maduro a trav\u00e9s de la vicepresidencia sectorial de Obras P\u00fablicas y Servicios y del Ministerio del Poder Popular de Atenci\u00f3n de las Aguas, en materia de saneamiento y conservaci\u00f3n del medio ambiente, como parte del Mapa de Soluciones y la Agenda Concreta de Acci\u00f3n.<\/p>\n","protected":false},"excerpt":{"rendered":"<p>(Prensa MinAguas\/Aguas de Yaracuy 22-05-2023).- Cuadrillas de mantenimiento y soldadura de Aguas de Yaracuy en articulaci\u00f3n con la alcald\u00eda del municipio San Felipe, sustituyeron 54 metros del colector de 8 pulgadas en la 6ta Avenida entre calle 20 y 21 de la ciudad capitalina. Juan Luis Vel\u00e1squez, presidente del ente h\u00eddrico manifest\u00f3 que durante el [&hellip;]<\/p>\n","protected":false},"author":28,"featured_media":5627,"comment_status":"open","ping_status":"open","sticky":false,"template":"","format":"standard","meta":{"footnotes":""},"categories":[1],"tags":[52,24,45],"class_list":["post-5623","post","type-post","status-publish","format-standard","has-post-thumbnail","hentry","category-noticias","tag-aguas-de-yaracuy","tag-pueblo-trabajador-del-agua","tag-regionales"],"_links":{"self":[{"href":"https:\/\/minaguas.gob.ve\/index.php?rest_route=\/wp\/v2\/posts\/5623","targetHints":{"allow":["GET"]}}],"collection":[{"href":"https:\/\/minaguas.gob.ve\/index.php?rest_route=\/wp\/v2\/posts"}],"about":[{"href":"https:\/\/minaguas.gob.ve\/index.php?rest_route=\/wp\/v2\/types\/post"}],"author":[{"embeddable":true,"href":"https:\/\/minaguas.gob.ve\/index.php?rest_route=\/wp\/v2\/users\/28"}],"replies":[{"embeddable":true,"href":"https:\/\/minaguas.gob.ve\/index.php?rest_route=%2Fwp%2Fv2%2Fcomments&post=5623"}],"version-history":[{"count":0,"href":"https:\/\/minaguas.gob.ve\/index.php?rest_route=\/wp\/v2\/posts\/5623\/revisions"}],"wp:featuredmedia":[{"embeddable":true,"href":"https:\/\/minaguas.gob.ve\/index.php?rest_route=\/wp\/v2\/media\/5627"}],"wp:attachment":[{"href":"https:\/\/minaguas.gob.ve\/index.php?rest_route=%2Fwp%2Fv2%2Fmedia&parent=5623"}],"wp:term":[{"taxonomy":"category","embeddable":true,"href":"https:\/\/minaguas.gob.ve\/index.php?rest_route=%2Fwp%2Fv2%2Fcategories&post=5623"},{"taxonomy":"post_tag","embeddable":true,"href":"https:\/\/minaguas.gob.ve\/index.php?rest_route=%2Fwp%2Fv2%2Ftags&post=5623"}],"curies":[{"name":"wp","href":"https:\/\/api.w.org\/{rel}","templated":true}]}}