{"id":5570,"date":"2023-05-12T15:25:50","date_gmt":"2023-05-12T19:25:50","guid":{"rendered":"https:\/\/minaguas.gob.ve\/?p=5570"},"modified":"2023-05-12T15:25:50","modified_gmt":"2023-05-12T19:25:50","slug":"hidrobolivar-reactivo-pozo-en-la-comunidad-indigena-itoy-ponkon","status":"publish","type":"post","link":"https:\/\/minaguas.gob.ve\/?p=5570","title":{"rendered":"Hidrobol\u00edvar reactiv\u00f3 pozo en la comunidad ind\u00edgena Itoy Ponkon"},"content":{"rendered":"<div class=\"wp-block-image\">\n<figure class=\"aligncenter size-full\"><img loading=\"lazy\" decoding=\"async\" width=\"773\" height=\"739\" src=\"https:\/\/minaguas.gob.ve\/wp-content\/uploads\/2023\/05\/bolivar.jpg\" alt=\"\" class=\"wp-image-5572\" srcset=\"https:\/\/minaguas.gob.ve\/wp-content\/uploads\/2023\/05\/bolivar.jpg 773w, https:\/\/minaguas.gob.ve\/wp-content\/uploads\/2023\/05\/bolivar-300x287.jpg 300w, https:\/\/minaguas.gob.ve\/wp-content\/uploads\/2023\/05\/bolivar-768x734.jpg 768w\" sizes=\"auto, (max-width: 773px) 100vw, 773px\" \/><\/figure>\n<\/div>\n\n\n<p><\/p>\n\n\n\n<p><strong>(Prensa MinAguas\/Hidrobol\u00edvar 12-05-2023).- <\/strong>El personal de la hidrol\u00f3gica del estado Bol\u00edvar (Hidrobol\u00edvar), \u00a0reactiv\u00f3 el pozo que surte a la comunidad ind\u00edgena Itoy Ponkon, ubicada en la parroquia Jos\u00e9 Antonio P\u00e1ez, luego de los trabajos de rehabilitaci\u00f3n en el tablero el\u00e9ctrico.<\/p>\n\n\n\n<p>Daniel Valenzuela, presidente de la hidrol\u00f3gica asegur\u00f3 que se mantienen atentos al llamado del pueblo. \u201cEstamos dispuestos a atender las necesidades del pueblo, donde nos llamen tenga la seguridad que ah\u00ed estaremos\u201d, mencion\u00f3.<\/p>\n\n\n\n<p>Las correcciones se realizaron en compa\u00f1\u00eda del Poder Popular, a favor de m\u00e1s de mil habitantes de Itoy Ponkon, en el municipio Angostura del Orinoco.<\/p>\n\n\n\n<p>Con estas acciones la fuerza trabajadora de Hidrobolivar cumple con la quinta l\u00ednea estrat\u00e9gica implementada por el presidente Nicol\u00e1s Maduro para este a\u00f1o 2023.<\/p>\n","protected":false},"excerpt":{"rendered":"<p>(Prensa MinAguas\/Hidrobol\u00edvar 12-05-2023).- El personal de la hidrol\u00f3gica del estado Bol\u00edvar (Hidrobol\u00edvar), \u00a0reactiv\u00f3 el pozo que surte a la comunidad ind\u00edgena Itoy Ponkon, ubicada en la parroquia Jos\u00e9 Antonio P\u00e1ez, luego de los trabajos de rehabilitaci\u00f3n en el tablero el\u00e9ctrico. Daniel Valenzuela, presidente de la hidrol\u00f3gica asegur\u00f3 que se mantienen atentos al llamado del pueblo. [&hellip;]<\/p>\n","protected":false},"author":28,"featured_media":5572,"comment_status":"open","ping_status":"open","sticky":false,"template":"","format":"standard","meta":{"footnotes":""},"categories":[1],"tags":[54,53,45],"class_list":["post-5570","post","type-post","status-publish","format-standard","has-post-thumbnail","hentry","category-noticias","tag-hidrobolivar","tag-hidrologicas-2","tag-regionales"],"_links":{"self":[{"href":"https:\/\/minaguas.gob.ve\/index.php?rest_route=\/wp\/v2\/posts\/5570","targetHints":{"allow":["GET"]}}],"collection":[{"href":"https:\/\/minaguas.gob.ve\/index.php?rest_route=\/wp\/v2\/posts"}],"about":[{"href":"https:\/\/minaguas.gob.ve\/index.php?rest_route=\/wp\/v2\/types\/post"}],"author":[{"embeddable":true,"href":"https:\/\/minaguas.gob.ve\/index.php?rest_route=\/wp\/v2\/users\/28"}],"replies":[{"embeddable":true,"href":"https:\/\/minaguas.gob.ve\/index.php?rest_route=%2Fwp%2Fv2%2Fcomments&post=5570"}],"version-history":[{"count":0,"href":"https:\/\/minaguas.gob.ve\/index.php?rest_route=\/wp\/v2\/posts\/5570\/revisions"}],"wp:featuredmedia":[{"embeddable":true,"href":"https:\/\/minaguas.gob.ve\/index.php?rest_route=\/wp\/v2\/media\/5572"}],"wp:attachment":[{"href":"https:\/\/minaguas.gob.ve\/index.php?rest_route=%2Fwp%2Fv2%2Fmedia&parent=5570"}],"wp:term":[{"taxonomy":"category","embeddable":true,"href":"https:\/\/minaguas.gob.ve\/index.php?rest_route=%2Fwp%2Fv2%2Fcategories&post=5570"},{"taxonomy":"post_tag","embeddable":true,"href":"https:\/\/minaguas.gob.ve\/index.php?rest_route=%2Fwp%2Fv2%2Ftags&post=5570"}],"curies":[{"name":"wp","href":"https:\/\/api.w.org\/{rel}","templated":true}]}}