{"id":5559,"date":"2023-05-12T11:02:24","date_gmt":"2023-05-12T15:02:24","guid":{"rendered":"https:\/\/minaguas.gob.ve\/?p=5559"},"modified":"2023-05-12T11:02:24","modified_gmt":"2023-05-12T15:02:24","slug":"hidroandes-fortalece-servicio-de-agua-potable-y-saneamiento-en-el-estado-trujillo","status":"publish","type":"post","link":"https:\/\/minaguas.gob.ve\/?p=5559","title":{"rendered":"Hidroandes fortalece servicio de agua potable y saneamiento en el estado Trujillo"},"content":{"rendered":"<div class=\"wp-block-image\">\n<figure class=\"aligncenter size-large is-resized\"><img loading=\"lazy\" decoding=\"async\" src=\"https:\/\/minaguas.gob.ve\/wp-content\/uploads\/2023\/05\/valera-1024x708.jpg\" alt=\"\" class=\"wp-image-5560\" width=\"785\" height=\"542\" srcset=\"https:\/\/minaguas.gob.ve\/wp-content\/uploads\/2023\/05\/valera-1024x708.jpg 1024w, https:\/\/minaguas.gob.ve\/wp-content\/uploads\/2023\/05\/valera-300x208.jpg 300w, https:\/\/minaguas.gob.ve\/wp-content\/uploads\/2023\/05\/valera-768x531.jpg 768w, https:\/\/minaguas.gob.ve\/wp-content\/uploads\/2023\/05\/valera.jpg 1080w\" sizes=\"auto, (max-width: 785px) 100vw, 785px\" \/><\/figure>\n<\/div>\n\n\n<p><\/p>\n\n\n\n<p><strong>(Prensa MinAguas\/Hidroandes 12-05-2023).-<\/strong> La Hidrol\u00f3gica de la Cordillera Andina, Hidroandes realiz\u00f3 jornadas de trabajo en distintas comunidades del estado Trujillo con el objetivo de fortalecer el servicio de agua potable y saneamiento en la entidad.<\/p>\n\n\n\n<p>En ese sentido, una de las labores m\u00e1s importantes que se ha ejecutado, es la construcci\u00f3n de una boca de visita en las calles 18 y 19 con avenida 10, v\u00eda hacia el sector Santo Domingo, en el municipio Valera, para consolidar el saneamiento ambiental de 60 familias.<\/p>\n\n\n\n<p>El consejo comunal \u201cArgelia Laya\u201d agradeci\u00f3 al presidente Nicol\u00e1s Maduro, al Ministerio del Poder Popular de Atenci\u00f3n de las Aguas y a la hidrol\u00f3gica por la ejecuci\u00f3n de estos trabajos que garantizan la recolecci\u00f3n de aguas servidas en la zona.<\/p>\n\n\n\n<p>En materia de agua potable se repar\u00f3 una fuga de agua potable en tuber\u00eda de 6 pulgadas en el Caser\u00edo Quevedo, parroquia La Uni\u00f3n del municipio Escuque, en beneficio de 38 familias de la localidad.<\/p>\n\n\n\n<p>Adem\u00e1s, en atenci\u00f3n a los reportes efectuados a trav\u00e9s de la VenApp y el sistema 1&#215;10 del Buen Gobierno, se repar\u00f3 fuga de agua potable en tuber\u00eda de 4 pulgadas en el sector El Golondrino, parroquia Chejend\u00e9, municipio Candelaria para fortalecer el servicio a 53 familias de la zona.<\/p>\n\n\n<div class=\"wp-block-image\">\n<figure class=\"aligncenter size-large\"><img loading=\"lazy\" decoding=\"async\" width=\"1024\" height=\"576\" src=\"https:\/\/minaguas.gob.ve\/wp-content\/uploads\/2023\/05\/valera-1-1-1024x576.jpg\" alt=\"\" class=\"wp-image-5562\" srcset=\"https:\/\/minaguas.gob.ve\/wp-content\/uploads\/2023\/05\/valera-1-1-1024x576.jpg 1024w, https:\/\/minaguas.gob.ve\/wp-content\/uploads\/2023\/05\/valera-1-1-300x169.jpg 300w, https:\/\/minaguas.gob.ve\/wp-content\/uploads\/2023\/05\/valera-1-1-768x432.jpg 768w, https:\/\/minaguas.gob.ve\/wp-content\/uploads\/2023\/05\/valera-1-1.jpg 1080w\" sizes=\"auto, (max-width: 1024px) 100vw, 1024px\" \/><\/figure>\n<\/div>","protected":false},"excerpt":{"rendered":"<p>(Prensa MinAguas\/Hidroandes 12-05-2023).- La Hidrol\u00f3gica de la Cordillera Andina, Hidroandes realiz\u00f3 jornadas de trabajo en distintas comunidades del estado Trujillo con el objetivo de fortalecer el servicio de agua potable y saneamiento en la entidad. En ese sentido, una de las labores m\u00e1s importantes que se ha ejecutado, es la construcci\u00f3n de una boca de [&hellip;]<\/p>\n","protected":false},"author":28,"featured_media":5563,"comment_status":"open","ping_status":"open","sticky":false,"template":"","format":"standard","meta":{"footnotes":""},"categories":[1],"tags":[51,45],"class_list":["post-5559","post","type-post","status-publish","format-standard","has-post-thumbnail","hentry","category-noticias","tag-hidrologicas","tag-regionales"],"_links":{"self":[{"href":"https:\/\/minaguas.gob.ve\/index.php?rest_route=\/wp\/v2\/posts\/5559","targetHints":{"allow":["GET"]}}],"collection":[{"href":"https:\/\/minaguas.gob.ve\/index.php?rest_route=\/wp\/v2\/posts"}],"about":[{"href":"https:\/\/minaguas.gob.ve\/index.php?rest_route=\/wp\/v2\/types\/post"}],"author":[{"embeddable":true,"href":"https:\/\/minaguas.gob.ve\/index.php?rest_route=\/wp\/v2\/users\/28"}],"replies":[{"embeddable":true,"href":"https:\/\/minaguas.gob.ve\/index.php?rest_route=%2Fwp%2Fv2%2Fcomments&post=5559"}],"version-history":[{"count":0,"href":"https:\/\/minaguas.gob.ve\/index.php?rest_route=\/wp\/v2\/posts\/5559\/revisions"}],"wp:featuredmedia":[{"embeddable":true,"href":"https:\/\/minaguas.gob.ve\/index.php?rest_route=\/wp\/v2\/media\/5563"}],"wp:attachment":[{"href":"https:\/\/minaguas.gob.ve\/index.php?rest_route=%2Fwp%2Fv2%2Fmedia&parent=5559"}],"wp:term":[{"taxonomy":"category","embeddable":true,"href":"https:\/\/minaguas.gob.ve\/index.php?rest_route=%2Fwp%2Fv2%2Fcategories&post=5559"},{"taxonomy":"post_tag","embeddable":true,"href":"https:\/\/minaguas.gob.ve\/index.php?rest_route=%2Fwp%2Fv2%2Ftags&post=5559"}],"curies":[{"name":"wp","href":"https:\/\/api.w.org\/{rel}","templated":true}]}}