{"id":4591,"date":"2022-06-23T13:52:49","date_gmt":"2022-06-23T17:52:49","guid":{"rendered":"https:\/\/minaguas.gob.ve\/?p=4591"},"modified":"2022-06-23T13:55:01","modified_gmt":"2022-06-23T17:55:01","slug":"hidrocapital-reparo-tuberia-en-charallave","status":"publish","type":"post","link":"https:\/\/minaguas.gob.ve\/?p=4591","title":{"rendered":"Hidrocapital repar\u00f3 tuber\u00eda en Charallave"},"content":{"rendered":"<div class=\"wp-block-image\">\n<figure class=\"aligncenter size-large\"><img loading=\"lazy\" decoding=\"async\" width=\"1024\" height=\"473\" src=\"https:\/\/minaguas.gob.ve\/wp-content\/uploads\/2022\/06\/WhatsApp-Image-2022-06-23-at-1.48.14-PM-1024x473.jpeg\" alt=\"\" class=\"wp-image-4592\" srcset=\"https:\/\/minaguas.gob.ve\/wp-content\/uploads\/2022\/06\/WhatsApp-Image-2022-06-23-at-1.48.14-PM-1024x473.jpeg 1024w, https:\/\/minaguas.gob.ve\/wp-content\/uploads\/2022\/06\/WhatsApp-Image-2022-06-23-at-1.48.14-PM-300x138.jpeg 300w, https:\/\/minaguas.gob.ve\/wp-content\/uploads\/2022\/06\/WhatsApp-Image-2022-06-23-at-1.48.14-PM-768x354.jpeg 768w, https:\/\/minaguas.gob.ve\/wp-content\/uploads\/2022\/06\/WhatsApp-Image-2022-06-23-at-1.48.14-PM.jpeg 1040w\" sizes=\"auto, (max-width: 1024px) 100vw, 1024px\" \/><\/figure>\n<\/div>\n\n\n<p><em>La clase obrera trabaj\u00f3 arduamente para solventar la falla en el tubo de distribuci\u00f3n del vital l\u00edquido<\/em><\/p>\n\n\n\n<p><strong> (Prensa MinAguas\/Hidrocapital 23-06-2022).-<\/strong> Como parte de las acciones en el 1&#215;10 del Buen Gobierno, la cuadrilla de Hidrocapital efectu\u00f3 la reparaci\u00f3n de una fuga de agua potable en la avenida Tosta Garc\u00eda, municipio Crist\u00f3bal Rojas, Charallave.<\/p>\n\n\n\n<p>La fuerza trabajadora del Acueducto Valles del Tuy ejecut\u00f3 los trabajos de roturaci\u00f3n y excavaci\u00f3n con la retroexcavadora, logrando encontrar la aver\u00eda que proven\u00eda de una tuber\u00eda de 8\u201d, a la misma se le coloc\u00f3 una faja de la misma dimisi\u00f3n, y se pudo detener el bote del vital l\u00edquido.<br>De esta manera, Hidrocapital cumple con las \u00f3rdenes emitidas por el presidente de la Rep\u00fablica, Nicol\u00e1s Maduro Moros, de fortalecer el Sistema H\u00eddrico Nacional y ejecuta las tareas dise\u00f1adas en el Mapa de Soluciones y la Agenda Concreta de Accion.<\/p>\n\n\n<div class=\"wp-block-image\">\n<figure class=\"aligncenter size-large\"><img loading=\"lazy\" decoding=\"async\" width=\"1024\" height=\"473\" src=\"https:\/\/minaguas.gob.ve\/wp-content\/uploads\/2022\/06\/WhatsApp-Image-2022-06-23-at-1.48.15-PM-1024x473.jpeg\" alt=\"\" class=\"wp-image-4593\" srcset=\"https:\/\/minaguas.gob.ve\/wp-content\/uploads\/2022\/06\/WhatsApp-Image-2022-06-23-at-1.48.15-PM-1024x473.jpeg 1024w, https:\/\/minaguas.gob.ve\/wp-content\/uploads\/2022\/06\/WhatsApp-Image-2022-06-23-at-1.48.15-PM-300x138.jpeg 300w, https:\/\/minaguas.gob.ve\/wp-content\/uploads\/2022\/06\/WhatsApp-Image-2022-06-23-at-1.48.15-PM-768x354.jpeg 768w, https:\/\/minaguas.gob.ve\/wp-content\/uploads\/2022\/06\/WhatsApp-Image-2022-06-23-at-1.48.15-PM.jpeg 1040w\" sizes=\"auto, (max-width: 1024px) 100vw, 1024px\" \/><\/figure>\n<\/div>","protected":false},"excerpt":{"rendered":"<p>La clase obrera trabaj\u00f3 arduamente para solventar la falla en el tubo de distribuci\u00f3n del vital l\u00edquido (Prensa MinAguas\/Hidrocapital 23-06-2022).- Como parte de las acciones en el 1&#215;10 del Buen Gobierno, la cuadrilla de Hidrocapital efectu\u00f3 la reparaci\u00f3n de una fuga de agua potable en la avenida Tosta Garc\u00eda, municipio Crist\u00f3bal Rojas, Charallave. La fuerza [&hellip;]<\/p>\n","protected":false},"author":28,"featured_media":4592,"comment_status":"open","ping_status":"open","sticky":false,"template":"","format":"standard","meta":{"footnotes":""},"categories":[1],"tags":[8],"class_list":["post-4591","post","type-post","status-publish","format-standard","has-post-thumbnail","hentry","category-noticias","tag-nacionales"],"_links":{"self":[{"href":"https:\/\/minaguas.gob.ve\/index.php?rest_route=\/wp\/v2\/posts\/4591","targetHints":{"allow":["GET"]}}],"collection":[{"href":"https:\/\/minaguas.gob.ve\/index.php?rest_route=\/wp\/v2\/posts"}],"about":[{"href":"https:\/\/minaguas.gob.ve\/index.php?rest_route=\/wp\/v2\/types\/post"}],"author":[{"embeddable":true,"href":"https:\/\/minaguas.gob.ve\/index.php?rest_route=\/wp\/v2\/users\/28"}],"replies":[{"embeddable":true,"href":"https:\/\/minaguas.gob.ve\/index.php?rest_route=%2Fwp%2Fv2%2Fcomments&post=4591"}],"version-history":[{"count":0,"href":"https:\/\/minaguas.gob.ve\/index.php?rest_route=\/wp\/v2\/posts\/4591\/revisions"}],"wp:featuredmedia":[{"embeddable":true,"href":"https:\/\/minaguas.gob.ve\/index.php?rest_route=\/wp\/v2\/media\/4592"}],"wp:attachment":[{"href":"https:\/\/minaguas.gob.ve\/index.php?rest_route=%2Fwp%2Fv2%2Fmedia&parent=4591"}],"wp:term":[{"taxonomy":"category","embeddable":true,"href":"https:\/\/minaguas.gob.ve\/index.php?rest_route=%2Fwp%2Fv2%2Fcategories&post=4591"},{"taxonomy":"post_tag","embeddable":true,"href":"https:\/\/minaguas.gob.ve\/index.php?rest_route=%2Fwp%2Fv2%2Ftags&post=4591"}],"curies":[{"name":"wp","href":"https:\/\/api.w.org\/{rel}","templated":true}]}}