{"id":4290,"date":"2022-05-31T16:08:16","date_gmt":"2022-05-31T20:08:16","guid":{"rendered":"https:\/\/minaguas.gob.ve\/?p=4290"},"modified":"2022-05-31T16:08:16","modified_gmt":"2022-05-31T20:08:16","slug":"inicia-perforacion-de-pozo-en-el-hospital-victorino-santaella-de-los-teques","status":"publish","type":"post","link":"https:\/\/minaguas.gob.ve\/?p=4290","title":{"rendered":"Inicia perforaci\u00f3n de pozo en el Hospital Victorino Santaella de Los Teques"},"content":{"rendered":"<div class=\"wp-block-image\">\n<figure class=\"aligncenter size-full\"><img loading=\"lazy\" decoding=\"async\" width=\"960\" height=\"869\" src=\"https:\/\/minaguas.gob.ve\/wp-content\/uploads\/2022\/05\/8904597b-fb87-4f96-861d-26661bef959c.jpg\" alt=\"\" class=\"wp-image-4291\" srcset=\"https:\/\/minaguas.gob.ve\/wp-content\/uploads\/2022\/05\/8904597b-fb87-4f96-861d-26661bef959c.jpg 960w, https:\/\/minaguas.gob.ve\/wp-content\/uploads\/2022\/05\/8904597b-fb87-4f96-861d-26661bef959c-300x272.jpg 300w, https:\/\/minaguas.gob.ve\/wp-content\/uploads\/2022\/05\/8904597b-fb87-4f96-861d-26661bef959c-768x695.jpg 768w\" sizes=\"auto, (max-width: 960px) 100vw, 960px\" \/><\/figure>\n<\/div>\n\n\n<p><em><strong>Una vez culminados los estudios de suelo por parte de Hidrocapital, se procedi\u00f3 a instalar la maquinaria para iniciar la excavaci\u00f3n de la nueva fuente h\u00eddrica<\/strong><\/em><br>\u00a0 \u00a0<br><strong>(Prensa MinAguas\/Hidrocapital 31-05-2022).-<\/strong> En el marco del Mapa de Soluciones y la Agenda Concreta de Acci\u00f3n, que adelanta la Vicepresidencia Sectorial de Obras P\u00fablicas y Servicios y el Ministerio del Poder Popular de Atenci\u00f3n de las Agua, personal de proyectos del Acueducto Altos Mirandinos de Hidrocapital llev\u00f3 a cabo los estudios pertinentes de suelo en el Hospital General Victorino Santaella en Los Teques, municipio Guaicaipuro del estado Miranda, para dar comienzo a la perforaci\u00f3n de un pozo profundo en este centro hospitalario.<\/p>\n\n\n\n<p>Cumplida esta etapa de trabajo, donde se localiz\u00f3 el lugar perfecto para iniciar&nbsp;la perforaci\u00f3n de dicha fuente subterr\u00e1nea, se procedi\u00f3 a instalar la maquinaria necesaria para empezar las labores de construcci\u00f3n.<\/p>\n\n\n\n<p>Con la activaci\u00f3n de este pozo profundo, el cual aumentar\u00e1 el caudal de agua hacia las instalaciones del Hospital General Victorino Santaella, la fuerza trabajadora de Hidrocapital garantizar\u00e1 la operatividad y mantenimiento de esta fuente h\u00eddrica que contribuir\u00e1 al buen desenvolvimiento de las labores hospitalaria, cumpliendo instrucciones del presidente de la Rep\u00fablica, Nicol\u00e1s Maduro; del&nbsp;vicepresidente sectorial de Obras P\u00fablicas y Servicios, G\/J N\u00e9stor Reverol; del ministro del Poder Popular de Atenci\u00f3n de las Aguas, G\/D Rodolfo Marco Torres, y del titular de la hidrol\u00f3gica, C\/C Harol Clemente.<\/p>\n","protected":false},"excerpt":{"rendered":"<p>Una vez culminados los estudios de suelo por parte de Hidrocapital, se procedi\u00f3 a instalar la maquinaria para iniciar la excavaci\u00f3n de la nueva fuente h\u00eddrica\u00a0 \u00a0(Prensa MinAguas\/Hidrocapital 31-05-2022).- En el marco del Mapa de Soluciones y la Agenda Concreta de Acci\u00f3n, que adelanta la Vicepresidencia Sectorial de Obras P\u00fablicas y Servicios y el Ministerio [&hellip;]<\/p>\n","protected":false},"author":28,"featured_media":4291,"comment_status":"open","ping_status":"open","sticky":false,"template":"","format":"standard","meta":{"footnotes":""},"categories":[1],"tags":[8],"class_list":["post-4290","post","type-post","status-publish","format-standard","has-post-thumbnail","hentry","category-noticias","tag-nacionales"],"_links":{"self":[{"href":"https:\/\/minaguas.gob.ve\/index.php?rest_route=\/wp\/v2\/posts\/4290","targetHints":{"allow":["GET"]}}],"collection":[{"href":"https:\/\/minaguas.gob.ve\/index.php?rest_route=\/wp\/v2\/posts"}],"about":[{"href":"https:\/\/minaguas.gob.ve\/index.php?rest_route=\/wp\/v2\/types\/post"}],"author":[{"embeddable":true,"href":"https:\/\/minaguas.gob.ve\/index.php?rest_route=\/wp\/v2\/users\/28"}],"replies":[{"embeddable":true,"href":"https:\/\/minaguas.gob.ve\/index.php?rest_route=%2Fwp%2Fv2%2Fcomments&post=4290"}],"version-history":[{"count":0,"href":"https:\/\/minaguas.gob.ve\/index.php?rest_route=\/wp\/v2\/posts\/4290\/revisions"}],"wp:featuredmedia":[{"embeddable":true,"href":"https:\/\/minaguas.gob.ve\/index.php?rest_route=\/wp\/v2\/media\/4291"}],"wp:attachment":[{"href":"https:\/\/minaguas.gob.ve\/index.php?rest_route=%2Fwp%2Fv2%2Fmedia&parent=4290"}],"wp:term":[{"taxonomy":"category","embeddable":true,"href":"https:\/\/minaguas.gob.ve\/index.php?rest_route=%2Fwp%2Fv2%2Fcategories&post=4290"},{"taxonomy":"post_tag","embeddable":true,"href":"https:\/\/minaguas.gob.ve\/index.php?rest_route=%2Fwp%2Fv2%2Ftags&post=4290"}],"curies":[{"name":"wp","href":"https:\/\/api.w.org\/{rel}","templated":true}]}}