{"id":4111,"date":"2022-05-23T15:56:50","date_gmt":"2022-05-23T19:56:50","guid":{"rendered":"https:\/\/minaguas.gob.ve\/?p=4111"},"modified":"2022-05-23T15:56:50","modified_gmt":"2022-05-23T19:56:50","slug":"aguas-de-yaracuy-inicia-soluciones-a-traves-del-sistema-venapp","status":"publish","type":"post","link":"https:\/\/minaguas.gob.ve\/?p=4111","title":{"rendered":"Aguas de Yaracuy inicia soluciones a trav\u00e9s del sistema VenApp"},"content":{"rendered":"\n<div class=\"wp-block-image\"><figure class=\"aligncenter size-full\"><img loading=\"lazy\" decoding=\"async\" width=\"1000\" height=\"450\" src=\"https:\/\/minaguas.gob.ve\/wp-content\/uploads\/2022\/05\/WhatsApp-Image-2022-05-23-at-11.47.15-AM.jpeg\" alt=\"\" class=\"wp-image-4112\" srcset=\"https:\/\/minaguas.gob.ve\/wp-content\/uploads\/2022\/05\/WhatsApp-Image-2022-05-23-at-11.47.15-AM.jpeg 1000w, https:\/\/minaguas.gob.ve\/wp-content\/uploads\/2022\/05\/WhatsApp-Image-2022-05-23-at-11.47.15-AM-300x135.jpeg 300w, https:\/\/minaguas.gob.ve\/wp-content\/uploads\/2022\/05\/WhatsApp-Image-2022-05-23-at-11.47.15-AM-768x346.jpeg 768w\" sizes=\"auto, (max-width: 1000px) 100vw, 1000px\" \/><\/figure><\/div>\n\n\n\n<p><em>De esta manera se avanza en el cumplimiento de la tercera l\u00ednea estrat\u00e9gica de acci\u00f3n, dando respuesta a los casos emitidos en toda la regi\u00f3n<\/em><\/p>\n\n\n\n<p><strong>(Prensa MinAguas\/Aguas de Yaracuy 23-05-2022).-<\/strong> A fin de garantizar el cumplimiento de los programas sociales del Gobierno Bolivariano, el ejecutivo regional, a trav\u00e9s de la hidrol\u00f3gica Aguas de Yaracuy, avanza en la soluci\u00f3n de casos activados a trav\u00e9s de la plataforma tecnol\u00f3gica del sistema 1 x 10 del Buen Gobierno, herramienta que fue lanzada el pasado viernes por el presidente de la Rep\u00fablica, Nicol\u00e1s Maduro, desde el Poliedro de Caracas.<\/p>\n\n\n\n<p>Juan Luis Vel\u00e1squez, presidente del ente h\u00eddrico, manifest\u00f3 que, en el marco del Mapa de Soluciones y la Agenda Concreta de Acci\u00f3n del Poder Popular, el Pueblo Trabajador del Agua se encuentra \u201ctrabajando en el cumpliendo de la tercera l\u00ednea estrat\u00e9gica de acci\u00f3n, dando respuesta en los casos emitidos en sistema VenApp\u201d.<\/p>\n\n\n\n<figure class=\"wp-block-gallery has-nested-images columns-default is-cropped wp-block-gallery-1 is-layout-flex wp-block-gallery-is-layout-flex\">\n<figure class=\"wp-block-image size-large\"><img loading=\"lazy\" decoding=\"async\" width=\"1008\" height=\"477\" data-id=\"4113\" src=\"https:\/\/minaguas.gob.ve\/wp-content\/uploads\/2022\/05\/WhatsApp-Image-2022-05-23-at-11.50.50-AM.jpeg\" alt=\"\" class=\"wp-image-4113\" srcset=\"https:\/\/minaguas.gob.ve\/wp-content\/uploads\/2022\/05\/WhatsApp-Image-2022-05-23-at-11.50.50-AM.jpeg 1008w, https:\/\/minaguas.gob.ve\/wp-content\/uploads\/2022\/05\/WhatsApp-Image-2022-05-23-at-11.50.50-AM-300x142.jpeg 300w, https:\/\/minaguas.gob.ve\/wp-content\/uploads\/2022\/05\/WhatsApp-Image-2022-05-23-at-11.50.50-AM-768x363.jpeg 768w\" sizes=\"auto, (max-width: 1008px) 100vw, 1008px\" \/><\/figure>\n\n\n\n<figure class=\"wp-block-image size-large\"><img loading=\"lazy\" decoding=\"async\" width=\"1008\" height=\"477\" data-id=\"4114\" src=\"https:\/\/minaguas.gob.ve\/wp-content\/uploads\/2022\/05\/WhatsApp-Image-2022-05-23-at-11.51.09-AM.jpeg\" alt=\"\" class=\"wp-image-4114\" srcset=\"https:\/\/minaguas.gob.ve\/wp-content\/uploads\/2022\/05\/WhatsApp-Image-2022-05-23-at-11.51.09-AM.jpeg 1008w, https:\/\/minaguas.gob.ve\/wp-content\/uploads\/2022\/05\/WhatsApp-Image-2022-05-23-at-11.51.09-AM-300x142.jpeg 300w, https:\/\/minaguas.gob.ve\/wp-content\/uploads\/2022\/05\/WhatsApp-Image-2022-05-23-at-11.51.09-AM-768x363.jpeg 768w\" sizes=\"auto, (max-width: 1008px) 100vw, 1008px\" \/><\/figure>\n<\/figure>\n\n\n\n<p>Refiri\u00f3, adem\u00e1s, que la fuerza laboral de Aguas de Yaracuy dio inicio a la soluci\u00f3n de casos desde la urbanizaci\u00f3n La Ascensi\u00f3n del municipio San Felipe, donde se realiza mantenimiento a la red de acci\u00f3n de aguas servidas y levantamiento de proyecto para la reubicaci\u00f3n del colector principal de 12 pulgadas.<\/p>\n\n\n\n<p>Asimismo, el titular de Aguas de Yaracuy sostuvo que, en el municipio Pe\u00f1a sector La Ensenada, se realiz\u00f3 la inspecci\u00f3n para reparar un tanque, mediante el mantenimiento de las v\u00e1lvulas de 3 y 4 pulgadas, y posteriormente se levantar\u00e1 el proyecto de ampliaci\u00f3n de la caja de agua, la cual actualmente tiene una capacidad de 60 mil litros a un mill\u00f3n 500 mil litros, para continuar brindando la distribuci\u00f3n del servicio a la poblaci\u00f3n yaritag\u00fce\u00f1a.<\/p>\n\n\n\n<p>De esta manera, la hidrol\u00f3gica da seguimiento a las instrucciones emanadas por el jefe de Estado, a trav\u00e9s del vicepresidente sectorial de Obras P\u00fablicas y Servicios, G\/J N\u00e9stor Reverol, y del ministro del Poder Popular de Atenci\u00f3n de las Aguas, G\/D Rodolfo Marco Torres, para el fortalecimiento del Sistema H\u00eddrico Nacional.<\/p>\n","protected":false},"excerpt":{"rendered":"<p>De esta manera se avanza en el cumplimiento de la tercera l\u00ednea estrat\u00e9gica de acci\u00f3n, dando respuesta a los casos emitidos en toda la regi\u00f3n (Prensa MinAguas\/Aguas de Yaracuy 23-05-2022).- A fin de garantizar el cumplimiento de los programas sociales del Gobierno Bolivariano, el ejecutivo regional, a trav\u00e9s de la hidrol\u00f3gica Aguas de Yaracuy, avanza [&hellip;]<\/p>\n","protected":false},"author":28,"featured_media":4112,"comment_status":"open","ping_status":"open","sticky":false,"template":"","format":"standard","meta":{"footnotes":""},"categories":[1],"tags":[8],"class_list":["post-4111","post","type-post","status-publish","format-standard","has-post-thumbnail","hentry","category-noticias","tag-nacionales"],"_links":{"self":[{"href":"https:\/\/minaguas.gob.ve\/index.php?rest_route=\/wp\/v2\/posts\/4111","targetHints":{"allow":["GET"]}}],"collection":[{"href":"https:\/\/minaguas.gob.ve\/index.php?rest_route=\/wp\/v2\/posts"}],"about":[{"href":"https:\/\/minaguas.gob.ve\/index.php?rest_route=\/wp\/v2\/types\/post"}],"author":[{"embeddable":true,"href":"https:\/\/minaguas.gob.ve\/index.php?rest_route=\/wp\/v2\/users\/28"}],"replies":[{"embeddable":true,"href":"https:\/\/minaguas.gob.ve\/index.php?rest_route=%2Fwp%2Fv2%2Fcomments&post=4111"}],"version-history":[{"count":0,"href":"https:\/\/minaguas.gob.ve\/index.php?rest_route=\/wp\/v2\/posts\/4111\/revisions"}],"wp:featuredmedia":[{"embeddable":true,"href":"https:\/\/minaguas.gob.ve\/index.php?rest_route=\/wp\/v2\/media\/4112"}],"wp:attachment":[{"href":"https:\/\/minaguas.gob.ve\/index.php?rest_route=%2Fwp%2Fv2%2Fmedia&parent=4111"}],"wp:term":[{"taxonomy":"category","embeddable":true,"href":"https:\/\/minaguas.gob.ve\/index.php?rest_route=%2Fwp%2Fv2%2Fcategories&post=4111"},{"taxonomy":"post_tag","embeddable":true,"href":"https:\/\/minaguas.gob.ve\/index.php?rest_route=%2Fwp%2Fv2%2Ftags&post=4111"}],"curies":[{"name":"wp","href":"https:\/\/api.w.org\/{rel}","templated":true}]}}