{"id":3947,"date":"2022-05-16T14:43:32","date_gmt":"2022-05-16T18:43:32","guid":{"rendered":"https:\/\/minaguas.gob.ve\/?p=3947"},"modified":"2022-05-16T14:43:32","modified_gmt":"2022-05-16T18:43:32","slug":"hidrocapital-corrigio-averia-en-el-municipio-cristobal-rojas-del-estado-miranda","status":"publish","type":"post","link":"https:\/\/minaguas.gob.ve\/?p=3947","title":{"rendered":"Hidrocapital corrigi\u00f3 aver\u00eda en el municipio Crist\u00f3bal Rojas del estado Miranda"},"content":{"rendered":"\n<div class=\"wp-block-image\"><figure class=\"aligncenter size-large\"><img loading=\"lazy\" decoding=\"async\" width=\"1024\" height=\"624\" src=\"https:\/\/minaguas.gob.ve\/wp-content\/uploads\/2022\/05\/WhatsApp-Image-2022-05-16-at-2.31.49-PM-1-1024x624.jpeg\" alt=\"\" class=\"wp-image-3949\" srcset=\"https:\/\/minaguas.gob.ve\/wp-content\/uploads\/2022\/05\/WhatsApp-Image-2022-05-16-at-2.31.49-PM-1-1024x624.jpeg 1024w, https:\/\/minaguas.gob.ve\/wp-content\/uploads\/2022\/05\/WhatsApp-Image-2022-05-16-at-2.31.49-PM-1-300x183.jpeg 300w, https:\/\/minaguas.gob.ve\/wp-content\/uploads\/2022\/05\/WhatsApp-Image-2022-05-16-at-2.31.49-PM-1-768x468.jpeg 768w, https:\/\/minaguas.gob.ve\/wp-content\/uploads\/2022\/05\/WhatsApp-Image-2022-05-16-at-2.31.49-PM-1.jpeg 1079w\" sizes=\"auto, (max-width: 1024px) 100vw, 1024px\" \/><\/figure><\/div>\n\n\n\n<p><em>Fuerza trabajadora de la hidrol\u00f3gica se encuentra desplegada reparando aver\u00edas en los Valles del Tuy<\/em><\/p>\n\n\n\n<p><strong>(Prensa MinAguas\/Hidrocapital 16-05-2022).- <\/strong>La fuerza trabajadora del Acueducto Valles del Tuy de Hidrocapital repar\u00f3 la aver\u00eda en una tuber\u00eda de 12 pulgadas en la autopista Charallave &#8211; Ocumare, sector La Pe\u00f1ita, frente a la estaci\u00f3n del ferrocarril Charallave Norte en el municipio Crist\u00f3bal Rojas del estado Miranda.<\/p>\n\n\n\n<p>En el lugar se ejecutaron trabajos de roturaci\u00f3n y excavaci\u00f3n, encontrando un poro en la tuber\u00eda de 12 pulgadas de di\u00e1metro. Para corregir esta afectaci\u00f3n se realiz\u00f3 la soldadura de una l\u00e1mina de 10 cent\u00edmetros de alto por 10 cent\u00edmetros de ancho.<\/p>\n\n\n\n<p>De esta manera, la hidrol\u00f3gica sigue dando cumplimiento a las instrucciones del presidente de la Rep\u00fablica, Nicol\u00e1s Maduro; del vicepresidente sectorial de Obras P\u00fablicas y Servicios, G\/J N\u00e9stor Reverol; del ministro del Poder Popular de Atenci\u00f3n de las Aguas, G\/D Rodolfo Marco Torres, y del titular de Hidrocapital, C\/C Harol Clemente, en el marco del Mapa de Soluciones y la Agenda Concreta de Acci\u00f3n para consolidar el Sistema H\u00eddrico Nacional.<\/p>\n","protected":false},"excerpt":{"rendered":"<p>Fuerza trabajadora de la hidrol\u00f3gica se encuentra desplegada reparando aver\u00edas en los Valles del Tuy (Prensa MinAguas\/Hidrocapital 16-05-2022).- La fuerza trabajadora del Acueducto Valles del Tuy de Hidrocapital repar\u00f3 la aver\u00eda en una tuber\u00eda de 12 pulgadas en la autopista Charallave &#8211; Ocumare, sector La Pe\u00f1ita, frente a la estaci\u00f3n del ferrocarril Charallave Norte en [&hellip;]<\/p>\n","protected":false},"author":28,"featured_media":3949,"comment_status":"open","ping_status":"open","sticky":false,"template":"","format":"standard","meta":{"footnotes":""},"categories":[1],"tags":[8],"class_list":["post-3947","post","type-post","status-publish","format-standard","has-post-thumbnail","hentry","category-noticias","tag-nacionales"],"_links":{"self":[{"href":"https:\/\/minaguas.gob.ve\/index.php?rest_route=\/wp\/v2\/posts\/3947","targetHints":{"allow":["GET"]}}],"collection":[{"href":"https:\/\/minaguas.gob.ve\/index.php?rest_route=\/wp\/v2\/posts"}],"about":[{"href":"https:\/\/minaguas.gob.ve\/index.php?rest_route=\/wp\/v2\/types\/post"}],"author":[{"embeddable":true,"href":"https:\/\/minaguas.gob.ve\/index.php?rest_route=\/wp\/v2\/users\/28"}],"replies":[{"embeddable":true,"href":"https:\/\/minaguas.gob.ve\/index.php?rest_route=%2Fwp%2Fv2%2Fcomments&post=3947"}],"version-history":[{"count":0,"href":"https:\/\/minaguas.gob.ve\/index.php?rest_route=\/wp\/v2\/posts\/3947\/revisions"}],"wp:featuredmedia":[{"embeddable":true,"href":"https:\/\/minaguas.gob.ve\/index.php?rest_route=\/wp\/v2\/media\/3949"}],"wp:attachment":[{"href":"https:\/\/minaguas.gob.ve\/index.php?rest_route=%2Fwp%2Fv2%2Fmedia&parent=3947"}],"wp:term":[{"taxonomy":"category","embeddable":true,"href":"https:\/\/minaguas.gob.ve\/index.php?rest_route=%2Fwp%2Fv2%2Fcategories&post=3947"},{"taxonomy":"post_tag","embeddable":true,"href":"https:\/\/minaguas.gob.ve\/index.php?rest_route=%2Fwp%2Fv2%2Ftags&post=3947"}],"curies":[{"name":"wp","href":"https:\/\/api.w.org\/{rel}","templated":true}]}}