{"id":3907,"date":"2022-05-13T17:41:02","date_gmt":"2022-05-13T21:41:02","guid":{"rendered":"https:\/\/minaguas.gob.ve\/?p=3907"},"modified":"2022-05-13T17:41:02","modified_gmt":"2022-05-13T21:41:02","slug":"hidrocapital-reparo-tuberia-matriz-de-60-pulgadas-en-la-avenida-libertador","status":"publish","type":"post","link":"https:\/\/minaguas.gob.ve\/?p=3907","title":{"rendered":"Hidrocapital repar\u00f3 tuber\u00eda matriz de 60 pulgadas en la avenida Libertador"},"content":{"rendered":"\n<div class=\"wp-block-image\"><figure class=\"aligncenter size-full\"><img loading=\"lazy\" decoding=\"async\" width=\"780\" height=\"777\" src=\"https:\/\/minaguas.gob.ve\/wp-content\/uploads\/2022\/05\/1652477675002.jpg\" alt=\"\" class=\"wp-image-3908\" srcset=\"https:\/\/minaguas.gob.ve\/wp-content\/uploads\/2022\/05\/1652477675002.jpg 780w, https:\/\/minaguas.gob.ve\/wp-content\/uploads\/2022\/05\/1652477675002-300x300.jpg 300w, https:\/\/minaguas.gob.ve\/wp-content\/uploads\/2022\/05\/1652477675002-150x150.jpg 150w, https:\/\/minaguas.gob.ve\/wp-content\/uploads\/2022\/05\/1652477675002-768x765.jpg 768w\" sizes=\"auto, (max-width: 780px) 100vw, 780px\" \/><\/figure><\/div>\n\n\n\n<p><strong><em>El personal del Acueducto Metropolitano trabaj\u00f3 durante ocho d\u00edas para solventar la aver\u00eda que afectaba a la parroquia El Recreo de Caracas<\/em><\/strong><\/p>\n\n\n\n<p><strong>(Prensa MinAguas\/Hidrocapital 13-05-2022).-<\/strong> El personal del Acueducto Metropolitano de Hidrocapital ejecut\u00f3 la reparaci\u00f3n de una aver\u00eda presentada en una tuber\u00eda matriz de 60 pulgadas, ubicada en la parte baja de la avenida Libertador y que suministra el vital l\u00edquido a las comunidades de El Recreo, Los Caobos, Quebrada Honda, Sabana Grande, Las Delicias, La Campi\u00f1a, La Florida y Los Cedros.<\/p>\n\n\n\n<p>La fuerza trabajadora efectu\u00f3 labores de excavaci\u00f3n y exploraci\u00f3n para determinar la afectaci\u00f3n que sufri\u00f3 la tuber\u00eda matriz, perteneciente al Sistema Tuy I. Durante 8 d\u00edas continuos, el personal realiz\u00f3 los trabajos correctivos pertinentes, que incluyeron labores de soldadura de una plancha para sellar la fisura en la tuber\u00eda y reparar la fuga de agua potable, as\u00ed como el relleno y compactaci\u00f3n para reparar la afectaci\u00f3n de la vialidad que fue requerida para los trabajos en dicha aducci\u00f3n.<\/p>\n\n\n\n<figure class=\"wp-block-gallery has-nested-images columns-default is-cropped wp-block-gallery-1 is-layout-flex wp-block-gallery-is-layout-flex\">\n<figure class=\"wp-block-image size-large\"><img loading=\"lazy\" decoding=\"async\" width=\"960\" height=\"540\" data-id=\"3910\" src=\"https:\/\/minaguas.gob.ve\/wp-content\/uploads\/2022\/05\/1652477731181.jpg\" alt=\"\" class=\"wp-image-3910\" srcset=\"https:\/\/minaguas.gob.ve\/wp-content\/uploads\/2022\/05\/1652477731181.jpg 960w, https:\/\/minaguas.gob.ve\/wp-content\/uploads\/2022\/05\/1652477731181-300x169.jpg 300w, https:\/\/minaguas.gob.ve\/wp-content\/uploads\/2022\/05\/1652477731181-768x432.jpg 768w\" sizes=\"auto, (max-width: 960px) 100vw, 960px\" \/><\/figure>\n\n\n\n<figure class=\"wp-block-image size-large\"><img loading=\"lazy\" decoding=\"async\" width=\"1000\" height=\"450\" data-id=\"3909\" src=\"https:\/\/minaguas.gob.ve\/wp-content\/uploads\/2022\/05\/1652477674978.jpg\" alt=\"\" class=\"wp-image-3909\" srcset=\"https:\/\/minaguas.gob.ve\/wp-content\/uploads\/2022\/05\/1652477674978.jpg 1000w, https:\/\/minaguas.gob.ve\/wp-content\/uploads\/2022\/05\/1652477674978-300x135.jpg 300w, https:\/\/minaguas.gob.ve\/wp-content\/uploads\/2022\/05\/1652477674978-768x346.jpg 768w\" sizes=\"auto, (max-width: 1000px) 100vw, 1000px\" \/><\/figure>\n<\/figure>\n\n\n\n<p>Al respecto, el presidente de la Hidrol\u00f3gica de la Regi\u00f3n Capital, C\/C Harol Clemente, expres\u00f3: \u201cNos encontramos aqu\u00ed bajo las instrucciones del ministro Rodolfo Marco Torres, para supervisar las obras que se han venido realizando. Los trabajadores de Hidrocapital trabajaron d\u00eda y noche sin descanso para reparar la aver\u00eda y la arteria vial, un trabajo articulado por el Ministerio del Poder Popular de Atenci\u00f3n para las Aguas, la Alcald\u00eda de Caracas e Hidrocapital\u201d.<\/p>\n\n\n\n<p>De esta manera, Hidrocapital da cumplimiento a las instrucciones emanadas por el presidente de la Rep\u00fablica, Nicol\u00e1s Maduro; el vicepresidente sectorial de Obras P\u00fablicas y Servicios, G\/J N\u00e9stor Reverol, y el ministro del Poder Popular de Atenci\u00f3n de las Aguas, G\/D Rodolfo Marco Torres, para fortalecer el sistema h\u00eddrico, en el marco del Mapa de Soluciones, la Agenda Concreta de Acci\u00f3n y el Plan de Rehabilitaci\u00f3n, Estabilizaci\u00f3n y Mantenimiento (REM).<\/p>\n","protected":false},"excerpt":{"rendered":"<p>El personal del Acueducto Metropolitano trabaj\u00f3 durante ocho d\u00edas para solventar la aver\u00eda que afectaba a la parroquia El Recreo de Caracas (Prensa MinAguas\/Hidrocapital 13-05-2022).- El personal del Acueducto Metropolitano de Hidrocapital ejecut\u00f3 la reparaci\u00f3n de una aver\u00eda presentada en una tuber\u00eda matriz de 60 pulgadas, ubicada en la parte baja de la avenida Libertador [&hellip;]<\/p>\n","protected":false},"author":28,"featured_media":3908,"comment_status":"open","ping_status":"open","sticky":false,"template":"","format":"standard","meta":{"footnotes":""},"categories":[1],"tags":[8],"class_list":["post-3907","post","type-post","status-publish","format-standard","has-post-thumbnail","hentry","category-noticias","tag-nacionales"],"_links":{"self":[{"href":"https:\/\/minaguas.gob.ve\/index.php?rest_route=\/wp\/v2\/posts\/3907","targetHints":{"allow":["GET"]}}],"collection":[{"href":"https:\/\/minaguas.gob.ve\/index.php?rest_route=\/wp\/v2\/posts"}],"about":[{"href":"https:\/\/minaguas.gob.ve\/index.php?rest_route=\/wp\/v2\/types\/post"}],"author":[{"embeddable":true,"href":"https:\/\/minaguas.gob.ve\/index.php?rest_route=\/wp\/v2\/users\/28"}],"replies":[{"embeddable":true,"href":"https:\/\/minaguas.gob.ve\/index.php?rest_route=%2Fwp%2Fv2%2Fcomments&post=3907"}],"version-history":[{"count":0,"href":"https:\/\/minaguas.gob.ve\/index.php?rest_route=\/wp\/v2\/posts\/3907\/revisions"}],"wp:featuredmedia":[{"embeddable":true,"href":"https:\/\/minaguas.gob.ve\/index.php?rest_route=\/wp\/v2\/media\/3908"}],"wp:attachment":[{"href":"https:\/\/minaguas.gob.ve\/index.php?rest_route=%2Fwp%2Fv2%2Fmedia&parent=3907"}],"wp:term":[{"taxonomy":"category","embeddable":true,"href":"https:\/\/minaguas.gob.ve\/index.php?rest_route=%2Fwp%2Fv2%2Fcategories&post=3907"},{"taxonomy":"post_tag","embeddable":true,"href":"https:\/\/minaguas.gob.ve\/index.php?rest_route=%2Fwp%2Fv2%2Ftags&post=3907"}],"curies":[{"name":"wp","href":"https:\/\/api.w.org\/{rel}","templated":true}]}}