{"id":3513,"date":"2022-04-22T14:32:28","date_gmt":"2022-04-22T18:32:28","guid":{"rendered":"https:\/\/minaguas.gob.ve\/?p=3513"},"modified":"2022-04-22T14:32:28","modified_gmt":"2022-04-22T18:32:28","slug":"aguas-de-ejido-mantiene-plan-de-contingencia-para-garantizar-suministro-hidrico-al-municipio-campo-elias","status":"publish","type":"post","link":"https:\/\/minaguas.gob.ve\/?p=3513","title":{"rendered":"Aguas de Ejido mantiene plan de contingencia para garantizar suministro h\u00eddrico al municipio Campo El\u00edas"},"content":{"rendered":"\n<div class=\"wp-block-image\"><figure class=\"aligncenter size-full is-resized\"><img loading=\"lazy\" decoding=\"async\" src=\"https:\/\/minaguas.gob.ve\/wp-content\/uploads\/2022\/04\/cd18d02f-b732-425e-a7a8-5fd75dd31d89-1.jpg\" alt=\"\" class=\"wp-image-3517\" width=\"467\" height=\"624\" srcset=\"https:\/\/minaguas.gob.ve\/wp-content\/uploads\/2022\/04\/cd18d02f-b732-425e-a7a8-5fd75dd31d89-1.jpg 750w, https:\/\/minaguas.gob.ve\/wp-content\/uploads\/2022\/04\/cd18d02f-b732-425e-a7a8-5fd75dd31d89-1-225x300.jpg 225w\" sizes=\"auto, (max-width: 467px) 100vw, 467px\" \/><\/figure><\/div>\n\n\n\n<p><em><strong>Dicho acci\u00f3n se ejecuta con el fin de llevar el vital l\u00edquido a las comunidades y entidades p\u00fablicas que resultaron afectadas por la crecida de la quebrada La Fr\u00eda<\/strong><\/em><\/p>\n\n\n\n<p><strong>(Prensa MinAguas\/ Aguas de Ejido 22-04-2022).-<\/strong> La Hidrol\u00f3gica Municipal Aguas de Ejido C.A., siguiendo los lineamientos del presidente del presidente de la Rep\u00fablica, Nicol\u00e1s Maduro; del vicepresidente sectorial de Obras P\u00fablicas y Servicios, G\/J N\u00e9stor Reverol, y del ministro del Poder Popular de Atenci\u00f3n de las Aguas, G\/D Rodolfo Marco Torres, mantiene activo el plan de contingencia para atender a las comunidades del municipio Campo El\u00edas, afectadas tras la crecida de la quebrada La Fr\u00eda, estado M\u00e9rida, la cual ocasion\u00f3 da\u00f1os considerables en el dique que surte a esta localidad el pasado 4 de abril.<\/p>\n\n\n\n<p>Hasta la fecha, m\u00e1s de 20 comunidades y 13 entidades p\u00fablicas en las diferentes parroquias del municipio han recibido atenci\u00f3n por parte de las comisiones de la hidrol\u00f3gica, mediante la distribuci\u00f3n de 1.808.000 litros de agua potable a trav\u00e9s de cisternas, como parte del Mapa de Soluciones y la Agenda Concreta de Acci\u00f3n.<\/p>\n\n\n\n<p>Rafael Rodr\u00edguez, ingeniero del ente h\u00eddrico, resalt\u00f3 que algunas de las comunidades favorecidas son: Santa Eduviges Manzano Medio, Calle Urdaneta Manzano Bajo, Barrio El Manzanito, El Pilar\/Nuevo Desarrollo, El Ceibal, El Palmo, Bella Vista, Residencias Campo Alegre, Residencias Riberas de la Milagrosa, Residencias Paso Real, Urbanizaci\u00f3n San Miguel, San Buenaventura, La Campi\u00f1a, La Vega, entre otros sectores.<\/p>\n\n\n\n<p>Mientras que en los entes p\u00fablicos beneficiados se encuentran: Cl\u00ednica San Mart\u00edn, Ambulatorio Urbano III, Materno Infantil, Cl\u00ednica San Miguel, Ambulatorio los Cedros y U.E. Bolivariana San Miguel.<\/p>\n","protected":false},"excerpt":{"rendered":"<p>Dicho acci\u00f3n se ejecuta con el fin de llevar el vital l\u00edquido a las comunidades y entidades p\u00fablicas que resultaron afectadas por la crecida de la quebrada La Fr\u00eda (Prensa MinAguas\/ Aguas de Ejido 22-04-2022).- La Hidrol\u00f3gica Municipal Aguas de Ejido C.A., siguiendo los lineamientos del presidente del presidente de la Rep\u00fablica, Nicol\u00e1s Maduro; del [&hellip;]<\/p>\n","protected":false},"author":28,"featured_media":3517,"comment_status":"open","ping_status":"open","sticky":false,"template":"","format":"standard","meta":{"footnotes":""},"categories":[1],"tags":[8],"class_list":["post-3513","post","type-post","status-publish","format-standard","has-post-thumbnail","hentry","category-noticias","tag-nacionales"],"_links":{"self":[{"href":"https:\/\/minaguas.gob.ve\/index.php?rest_route=\/wp\/v2\/posts\/3513","targetHints":{"allow":["GET"]}}],"collection":[{"href":"https:\/\/minaguas.gob.ve\/index.php?rest_route=\/wp\/v2\/posts"}],"about":[{"href":"https:\/\/minaguas.gob.ve\/index.php?rest_route=\/wp\/v2\/types\/post"}],"author":[{"embeddable":true,"href":"https:\/\/minaguas.gob.ve\/index.php?rest_route=\/wp\/v2\/users\/28"}],"replies":[{"embeddable":true,"href":"https:\/\/minaguas.gob.ve\/index.php?rest_route=%2Fwp%2Fv2%2Fcomments&post=3513"}],"version-history":[{"count":0,"href":"https:\/\/minaguas.gob.ve\/index.php?rest_route=\/wp\/v2\/posts\/3513\/revisions"}],"wp:featuredmedia":[{"embeddable":true,"href":"https:\/\/minaguas.gob.ve\/index.php?rest_route=\/wp\/v2\/media\/3517"}],"wp:attachment":[{"href":"https:\/\/minaguas.gob.ve\/index.php?rest_route=%2Fwp%2Fv2%2Fmedia&parent=3513"}],"wp:term":[{"taxonomy":"category","embeddable":true,"href":"https:\/\/minaguas.gob.ve\/index.php?rest_route=%2Fwp%2Fv2%2Fcategories&post=3513"},{"taxonomy":"post_tag","embeddable":true,"href":"https:\/\/minaguas.gob.ve\/index.php?rest_route=%2Fwp%2Fv2%2Ftags&post=3513"}],"curies":[{"name":"wp","href":"https:\/\/api.w.org\/{rel}","templated":true}]}}