{"id":3419,"date":"2022-04-14T09:08:47","date_gmt":"2022-04-14T13:08:47","guid":{"rendered":"https:\/\/minaguas.gob.ve\/?p=3419"},"modified":"2022-04-14T09:08:47","modified_gmt":"2022-04-14T13:08:47","slug":"acueducto-valles-del-tuy-reparo-averia-en-el-municipio-rafael-urdaneta","status":"publish","type":"post","link":"https:\/\/minaguas.gob.ve\/?p=3419","title":{"rendered":"Acueducto Valles del Tuy repar\u00f3 aver\u00eda en el municipio Rafael Urdaneta"},"content":{"rendered":"\n<div class=\"wp-block-image\"><figure class=\"aligncenter size-large is-resized\"><img loading=\"lazy\" decoding=\"async\" src=\"https:\/\/minaguas.gob.ve\/wp-content\/uploads\/2022\/04\/WhatsApp-Image-2022-04-13-at-4.17.56-PM-1024x512.jpeg\" alt=\"\" class=\"wp-image-3420\" width=\"952\" height=\"476\" srcset=\"https:\/\/minaguas.gob.ve\/wp-content\/uploads\/2022\/04\/WhatsApp-Image-2022-04-13-at-4.17.56-PM-1024x512.jpeg 1024w, https:\/\/minaguas.gob.ve\/wp-content\/uploads\/2022\/04\/WhatsApp-Image-2022-04-13-at-4.17.56-PM-300x150.jpeg 300w, https:\/\/minaguas.gob.ve\/wp-content\/uploads\/2022\/04\/WhatsApp-Image-2022-04-13-at-4.17.56-PM-768x384.jpeg 768w, https:\/\/minaguas.gob.ve\/wp-content\/uploads\/2022\/04\/WhatsApp-Image-2022-04-13-at-4.17.56-PM.jpeg 1080w\" sizes=\"auto, (max-width: 952px) 100vw, 952px\" \/><\/figure><\/div>\n\n\n\n<p><strong><em>Se instalaron dos juntas mec\u00e1nicas de 6&#8243; y sus respectivos anclajes de gancho<\/em><\/strong><\/p>\n\n\n\n<p><strong>(Prensa MinAguas\/Hidrocapital 14-04-2022).-<\/strong> El personal del Acueducto Valles del Tuy efectu\u00f3 maniobras de achique, excavaci\u00f3n y acondicionamiento de terreno para corregir una aver\u00eda en la tuber\u00eda de 6&#8243; de la zona industrial de Mar\u00edn 2, municipio Rafael Urdaneta del estado Miranda.<\/p>\n\n\n\n<p>Los trabajos de reparaci\u00f3n ejecutados por la fuerza trabajadora de Hidrocapital, liderada por el C\/C Harol Clemente, consistieron en la colocaci\u00f3n de dos juntas mec\u00e1nicas de 6&#8243; y sus respectivos anclajes de gancho.<\/p>\n\n\n\n<p>De esta manera, la Hidrol\u00f3gica de la Regi\u00f3n Capital cumple con los lineamientos emanados por el presidente de la Rep\u00fablica, Nicol\u00e1s Maduro; el vicepresidente sectorial de Obras P\u00fablicas y Servicios, G\/J N\u00e9stor Reverol, y el ministro del Poder Popular de Atenci\u00f3n de las Aguas, Rodolfo Marco Torres, en el marco de las 3R.Nets (Renacimiento, resistencia y revoluci\u00f3n), el Mapa de Soluciones y la Agenda Concreta de Acci\u00f3n, para fortalecer el Sistema H\u00eddrico Nacional.<\/p>\n","protected":false},"excerpt":{"rendered":"<p>Se instalaron dos juntas mec\u00e1nicas de 6&#8243; y sus respectivos anclajes de gancho (Prensa MinAguas\/Hidrocapital 14-04-2022).- El personal del Acueducto Valles del Tuy efectu\u00f3 maniobras de achique, excavaci\u00f3n y acondicionamiento de terreno para corregir una aver\u00eda en la tuber\u00eda de 6&#8243; de la zona industrial de Mar\u00edn 2, municipio Rafael Urdaneta del estado Miranda. Los [&hellip;]<\/p>\n","protected":false},"author":28,"featured_media":3420,"comment_status":"open","ping_status":"open","sticky":false,"template":"","format":"standard","meta":{"footnotes":""},"categories":[1],"tags":[8],"class_list":["post-3419","post","type-post","status-publish","format-standard","has-post-thumbnail","hentry","category-noticias","tag-nacionales"],"_links":{"self":[{"href":"https:\/\/minaguas.gob.ve\/index.php?rest_route=\/wp\/v2\/posts\/3419","targetHints":{"allow":["GET"]}}],"collection":[{"href":"https:\/\/minaguas.gob.ve\/index.php?rest_route=\/wp\/v2\/posts"}],"about":[{"href":"https:\/\/minaguas.gob.ve\/index.php?rest_route=\/wp\/v2\/types\/post"}],"author":[{"embeddable":true,"href":"https:\/\/minaguas.gob.ve\/index.php?rest_route=\/wp\/v2\/users\/28"}],"replies":[{"embeddable":true,"href":"https:\/\/minaguas.gob.ve\/index.php?rest_route=%2Fwp%2Fv2%2Fcomments&post=3419"}],"version-history":[{"count":0,"href":"https:\/\/minaguas.gob.ve\/index.php?rest_route=\/wp\/v2\/posts\/3419\/revisions"}],"wp:featuredmedia":[{"embeddable":true,"href":"https:\/\/minaguas.gob.ve\/index.php?rest_route=\/wp\/v2\/media\/3420"}],"wp:attachment":[{"href":"https:\/\/minaguas.gob.ve\/index.php?rest_route=%2Fwp%2Fv2%2Fmedia&parent=3419"}],"wp:term":[{"taxonomy":"category","embeddable":true,"href":"https:\/\/minaguas.gob.ve\/index.php?rest_route=%2Fwp%2Fv2%2Fcategories&post=3419"},{"taxonomy":"post_tag","embeddable":true,"href":"https:\/\/minaguas.gob.ve\/index.php?rest_route=%2Fwp%2Fv2%2Ftags&post=3419"}],"curies":[{"name":"wp","href":"https:\/\/api.w.org\/{rel}","templated":true}]}}