{"id":3137,"date":"2022-03-24T18:34:21","date_gmt":"2022-03-24T22:34:21","guid":{"rendered":"https:\/\/minaguas.gob.ve\/?p=3137"},"modified":"2022-03-24T18:34:21","modified_gmt":"2022-03-24T22:34:21","slug":"minaguas-reactivo-dos-pozos-de-agua-profunda-para-beneficiar-a-mas-de-20-mil-habitantes-de-guatire","status":"publish","type":"post","link":"https:\/\/minaguas.gob.ve\/?p=3137","title":{"rendered":"MinAguas reactiv\u00f3 dos pozos de agua profunda para beneficiar a m\u00e1s de 20 mil habitantes de Guatire"},"content":{"rendered":"\n<div class=\"wp-block-image\"><figure class=\"aligncenter size-full\"><img loading=\"lazy\" decoding=\"async\" width=\"910\" height=\"608\" src=\"https:\/\/minaguas.gob.ve\/wp-content\/uploads\/2022\/03\/WhatsApp-Image-2022-03-24-at-1.35.55-PM.jpeg\" alt=\"\" class=\"wp-image-3138\" srcset=\"https:\/\/minaguas.gob.ve\/wp-content\/uploads\/2022\/03\/WhatsApp-Image-2022-03-24-at-1.35.55-PM.jpeg 910w, https:\/\/minaguas.gob.ve\/wp-content\/uploads\/2022\/03\/WhatsApp-Image-2022-03-24-at-1.35.55-PM-300x200.jpeg 300w, https:\/\/minaguas.gob.ve\/wp-content\/uploads\/2022\/03\/WhatsApp-Image-2022-03-24-at-1.35.55-PM-768x513.jpeg 768w\" sizes=\"auto, (max-width: 910px) 100vw, 910px\" \/><\/figure><\/div>\n\n\n\n<p><strong><em>Con estas fuentes subterr\u00e1neas, ya son 13 pozos reactivados en la entidad mirandina en lo que va de a\u00f1o y que suman 56 litros por segundo de agua al acueducto Taguaza<\/em><\/strong><\/p>\n\n\n\n<p><strong>(Prensa MinAguas 24-03-2022).-<\/strong> Cumpliendo instrucciones del presidente de la Rep\u00fablica, Nicol\u00e1s Maduro, y del vicepresidente sectorial de Obras P\u00fablicas y Servicios, G\/J N\u00e9stor Reverol, el ministro del Poder Popular de Atenci\u00f3n de las Aguas, G\/D Rodolfo Marco Torres, reactiv\u00f3 los pozos 4 y 6 de El Ingenio, en Guatire, acompa\u00f1ado del gobernador de Miranda, H\u00e9ctor Rodr\u00edguez, y el presidente de Hidrocapital, C\/C Harol Clemente.<\/p>\n\n\n\n<p>El ministro Marco Torres coment\u00f3 que con la reactivaci\u00f3n de estos pozos de agua profunda, que forman parte del Mapa de Soluciones y la Agenda Concreta de Acci\u00f3n (ACA), se han incorporado 56 litros por segundo de agua para el sistema de distribuci\u00f3n del acueducto Taguaza, en beneficio de 20 mil 690 habitantes, \u201ccomo parte de un trabajo en conjunto con la Gobernaci\u00f3n de Miranda, Hidrocapital, la clase obrera trabajadora y, por supuesto, de la mano del Poder Popular\u201d.<\/p>\n\n\n\n<figure class=\"wp-block-gallery has-nested-images columns-default is-cropped wp-block-gallery-1 is-layout-flex wp-block-gallery-is-layout-flex\">\n<figure class=\"wp-block-image size-large\"><img loading=\"lazy\" decoding=\"async\" width=\"1024\" height=\"688\" data-id=\"3139\" src=\"https:\/\/minaguas.gob.ve\/wp-content\/uploads\/2022\/03\/WhatsApp-Image-2022-03-24-at-1.35.56-PM-1024x688.jpeg\" alt=\"\" class=\"wp-image-3139\" srcset=\"https:\/\/minaguas.gob.ve\/wp-content\/uploads\/2022\/03\/WhatsApp-Image-2022-03-24-at-1.35.56-PM-1024x688.jpeg 1024w, https:\/\/minaguas.gob.ve\/wp-content\/uploads\/2022\/03\/WhatsApp-Image-2022-03-24-at-1.35.56-PM-300x202.jpeg 300w, https:\/\/minaguas.gob.ve\/wp-content\/uploads\/2022\/03\/WhatsApp-Image-2022-03-24-at-1.35.56-PM-768x516.jpeg 768w, https:\/\/minaguas.gob.ve\/wp-content\/uploads\/2022\/03\/WhatsApp-Image-2022-03-24-at-1.35.56-PM.jpeg 1080w\" sizes=\"auto, (max-width: 1024px) 100vw, 1024px\" \/><\/figure>\n\n\n\n<figure class=\"wp-block-image size-large\"><img loading=\"lazy\" decoding=\"async\" width=\"960\" height=\"640\" data-id=\"3140\" src=\"https:\/\/minaguas.gob.ve\/wp-content\/uploads\/2022\/03\/WhatsApp-Image-2022-03-24-at-1.35.56-PM-1.jpeg\" alt=\"\" class=\"wp-image-3140\" srcset=\"https:\/\/minaguas.gob.ve\/wp-content\/uploads\/2022\/03\/WhatsApp-Image-2022-03-24-at-1.35.56-PM-1.jpeg 960w, https:\/\/minaguas.gob.ve\/wp-content\/uploads\/2022\/03\/WhatsApp-Image-2022-03-24-at-1.35.56-PM-1-300x200.jpeg 300w, https:\/\/minaguas.gob.ve\/wp-content\/uploads\/2022\/03\/WhatsApp-Image-2022-03-24-at-1.35.56-PM-1-768x512.jpeg 768w\" sizes=\"auto, (max-width: 960px) 100vw, 960px\" \/><\/figure>\n<\/figure>\n\n\n\n<p>Por su parte, el gobernador de la entidad mirandina destac\u00f3 el trabajo que han venido desarrollando junto a las Mesas T\u00e9cnicas de Agua (MTA) para la construcci\u00f3n de un plan de trabajo que permita adem\u00e1s la atenci\u00f3n de aver\u00edas. \u00abEste es el pozo n\u00famero 13 que activamos en lo que va de a\u00f1o, gracias al esfuerzo que est\u00e1 haciendo el gobierno nacional, regional y local, para resolver el problema del agua y darle mayor calidad de vida a todo el pueblo de Miranda\u00bb, agreg\u00f3<\/p>\n\n\n\n<p>Carolina Reyes, jefa de la UBCH Livia Gouverneur, junto a dem\u00e1s dirigentes del Poder Popular y habitantes de la zona, expresaron su satisfacci\u00f3n por la reactivaci\u00f3n de estas fuentes subterr\u00e1neas que permitir\u00e1n el suministro de agua constante a cuarenta comunidades: \u201cLlegar\u00e1 agua a sitios donde nunca ha llegado y eso solo puede ser posible en Revoluci\u00f3n, gracias a nuestro presidente Nicol\u00e1s Maduro\u201d.<\/p>\n","protected":false},"excerpt":{"rendered":"<p>Con estas fuentes subterr\u00e1neas, ya son 13 pozos reactivados en la entidad mirandina en lo que va de a\u00f1o y que suman 56 litros por segundo de agua al acueducto Taguaza (Prensa MinAguas 24-03-2022).- Cumpliendo instrucciones del presidente de la Rep\u00fablica, Nicol\u00e1s Maduro, y del vicepresidente sectorial de Obras P\u00fablicas y Servicios, G\/J N\u00e9stor Reverol, [&hellip;]<\/p>\n","protected":false},"author":28,"featured_media":3138,"comment_status":"open","ping_status":"open","sticky":false,"template":"","format":"standard","meta":{"footnotes":""},"categories":[1],"tags":[8],"class_list":["post-3137","post","type-post","status-publish","format-standard","has-post-thumbnail","hentry","category-noticias","tag-nacionales"],"_links":{"self":[{"href":"https:\/\/minaguas.gob.ve\/index.php?rest_route=\/wp\/v2\/posts\/3137","targetHints":{"allow":["GET"]}}],"collection":[{"href":"https:\/\/minaguas.gob.ve\/index.php?rest_route=\/wp\/v2\/posts"}],"about":[{"href":"https:\/\/minaguas.gob.ve\/index.php?rest_route=\/wp\/v2\/types\/post"}],"author":[{"embeddable":true,"href":"https:\/\/minaguas.gob.ve\/index.php?rest_route=\/wp\/v2\/users\/28"}],"replies":[{"embeddable":true,"href":"https:\/\/minaguas.gob.ve\/index.php?rest_route=%2Fwp%2Fv2%2Fcomments&post=3137"}],"version-history":[{"count":0,"href":"https:\/\/minaguas.gob.ve\/index.php?rest_route=\/wp\/v2\/posts\/3137\/revisions"}],"wp:featuredmedia":[{"embeddable":true,"href":"https:\/\/minaguas.gob.ve\/index.php?rest_route=\/wp\/v2\/media\/3138"}],"wp:attachment":[{"href":"https:\/\/minaguas.gob.ve\/index.php?rest_route=%2Fwp%2Fv2%2Fmedia&parent=3137"}],"wp:term":[{"taxonomy":"category","embeddable":true,"href":"https:\/\/minaguas.gob.ve\/index.php?rest_route=%2Fwp%2Fv2%2Fcategories&post=3137"},{"taxonomy":"post_tag","embeddable":true,"href":"https:\/\/minaguas.gob.ve\/index.php?rest_route=%2Fwp%2Fv2%2Ftags&post=3137"}],"curies":[{"name":"wp","href":"https:\/\/api.w.org\/{rel}","templated":true}]}}