{"id":2675,"date":"2022-02-16T16:27:46","date_gmt":"2022-02-16T20:27:46","guid":{"rendered":"https:\/\/minaguas.gob.ve\/?p=2675"},"modified":"2022-02-16T16:27:46","modified_gmt":"2022-02-16T20:27:46","slug":"ministro-marco-torres-participo-en-i-congreso-nacional-de-servicios-publicos-en-miranda","status":"publish","type":"post","link":"https:\/\/minaguas.gob.ve\/?p=2675","title":{"rendered":"Ministro Marco Torres particip\u00f3 en I Congreso Nacional de Servicios P\u00fablicos en Miranda"},"content":{"rendered":"\n<div class=\"wp-block-image\"><figure class=\"aligncenter size-large is-resized\"><img loading=\"lazy\" decoding=\"async\" src=\"https:\/\/minaguas.gob.ve\/wp-content\/uploads\/2022\/02\/WhatsApp-Image-2022-02-16-at-4.26.46-PM-1024x682.jpeg\" alt=\"\" class=\"wp-image-2676\" width=\"778\" height=\"518\" srcset=\"https:\/\/minaguas.gob.ve\/wp-content\/uploads\/2022\/02\/WhatsApp-Image-2022-02-16-at-4.26.46-PM-1024x682.jpeg 1024w, https:\/\/minaguas.gob.ve\/wp-content\/uploads\/2022\/02\/WhatsApp-Image-2022-02-16-at-4.26.46-PM-300x200.jpeg 300w, https:\/\/minaguas.gob.ve\/wp-content\/uploads\/2022\/02\/WhatsApp-Image-2022-02-16-at-4.26.46-PM-768x512.jpeg 768w, https:\/\/minaguas.gob.ve\/wp-content\/uploads\/2022\/02\/WhatsApp-Image-2022-02-16-at-4.26.46-PM.jpeg 1280w\" sizes=\"auto, (max-width: 778px) 100vw, 778px\" \/><\/figure><\/div>\n\n\n\n<p><em>El objetivo de esta jornada es materializar la participaci\u00f3n popular y el protagonismo en la construcci\u00f3n de mapas de soluciones<\/em><\/p>\n\n\n\n<p><strong>(Prensa MinAguas 16-02-2022). \u2013<\/strong> El presidente de la Rep\u00fablica, Nicol\u00e1s Maduro Moros, durante su rendici\u00f3n de cuenta ante la Asamblea Nacional, decret\u00f3 el 2022 como el a\u00f1o de los servicios p\u00fablicos y bajo esos lineamientos este mi\u00e9rcoles 16 de febrero el ministro del Poder Popular de Atenci\u00f3n de las Aguas, G\/D Rodolfo Marco Torres, particip\u00f3 en el I Congreso Nacional de Servicios P\u00fablicos, inaugurado por el vicepresidente sectorial de Obras P\u00fablicas y Servicios (VPSOPS), G\/J N\u00e9stor Reverol, en el estado Miranda.<\/p>\n\n\n\n<p>El titular de la cartera de Aguas resalt\u00f3 que con la instalaci\u00f3n de este congreso se da cumplimiento a los objetivos de gesti\u00f3n eficiente y en el \u00e1mbito de las 3R.Nets propuestas por el primer mandatario venezolano, para garantizar el bienestar del pueblo.<\/p>\n\n\n\n<p>Dicho encuentro se desarroll\u00f3 con los integrantes de la Vicepresidencia de Obras P\u00fablicas y Servicios y diputados de la Asamblea Nacional (AN) para materializar la participaci\u00f3n popular y el protagonismo en la construcci\u00f3n de mapas de soluciones.<\/p>\n\n\n\n<p>La actividad cont\u00f3 con la participaci\u00f3n del gobernador del estado Miranda, H\u00e9ctor Rodr\u00edguez; el ministro de Obras P\u00fablicas y presidente de la Gran Misi\u00f3n Barrio Nuevo Barrio Tricolor, G\/D Ra\u00fal Paredes; la presidenta de PDVSA Gas Comunal, Caryl Bertho; el ministro de Ecosocialismo, Josu\u00e9 Lorca, y el diputado Willian Gil, presidente de la Comisi\u00f3n Permanente de Administraci\u00f3n y Servicios de la Asamblea Nacional.<\/p>\n\n\n\n<figure class=\"wp-block-gallery has-nested-images columns-default is-cropped wp-block-gallery-1 is-layout-flex wp-block-gallery-is-layout-flex\">\n<figure class=\"wp-block-image size-large\"><img loading=\"lazy\" decoding=\"async\" width=\"1024\" height=\"682\" data-id=\"2677\" src=\"https:\/\/minaguas.gob.ve\/wp-content\/uploads\/2022\/02\/WhatsApp-Image-2022-02-16-at-4.26.46-PM-1-1024x682.jpeg\" alt=\"\" class=\"wp-image-2677\" srcset=\"https:\/\/minaguas.gob.ve\/wp-content\/uploads\/2022\/02\/WhatsApp-Image-2022-02-16-at-4.26.46-PM-1-1024x682.jpeg 1024w, https:\/\/minaguas.gob.ve\/wp-content\/uploads\/2022\/02\/WhatsApp-Image-2022-02-16-at-4.26.46-PM-1-300x200.jpeg 300w, https:\/\/minaguas.gob.ve\/wp-content\/uploads\/2022\/02\/WhatsApp-Image-2022-02-16-at-4.26.46-PM-1-768x512.jpeg 768w, https:\/\/minaguas.gob.ve\/wp-content\/uploads\/2022\/02\/WhatsApp-Image-2022-02-16-at-4.26.46-PM-1.jpeg 1280w\" sizes=\"auto, (max-width: 1024px) 100vw, 1024px\" \/><\/figure>\n\n\n\n<figure class=\"wp-block-image size-large\"><img loading=\"lazy\" decoding=\"async\" width=\"960\" height=\"640\" data-id=\"2678\" src=\"https:\/\/minaguas.gob.ve\/wp-content\/uploads\/2022\/02\/WhatsApp-Image-2022-02-16-at-4.26.46-PM-2.jpeg\" alt=\"\" class=\"wp-image-2678\" srcset=\"https:\/\/minaguas.gob.ve\/wp-content\/uploads\/2022\/02\/WhatsApp-Image-2022-02-16-at-4.26.46-PM-2.jpeg 960w, https:\/\/minaguas.gob.ve\/wp-content\/uploads\/2022\/02\/WhatsApp-Image-2022-02-16-at-4.26.46-PM-2-300x200.jpeg 300w, https:\/\/minaguas.gob.ve\/wp-content\/uploads\/2022\/02\/WhatsApp-Image-2022-02-16-at-4.26.46-PM-2-768x512.jpeg 768w\" sizes=\"auto, (max-width: 960px) 100vw, 960px\" \/><\/figure>\n<\/figure>\n\n\n\n<p>El vicepresidente sectorial N\u00e9stor Reverol destac\u00f3 la creaci\u00f3n de un mapa de soluciones que ser\u00e1 trabajado de manera articulada entre el Gobierno Bolivariano y el Poder Popular, para establecer estrategias que permitan dar respuesta a todo el territorio, acortando los tiempos de atenci\u00f3n en los servicios. \u201cTenemos 10 d\u00edas para inspeccionar el estado Miranda y hacer un informe final acerca del mapa de soluciones, tambi\u00e9n la visita de nosotros permite accionar de manera inmediata para buscar las victorias tempranas\u201d, precis\u00f3.<\/p>\n\n\n\n<p>En materia de agua, el diputado Willian Gil destac\u00f3 que desde MinAguas, a trav\u00e9s de sus entes adscritos, se busca empoderar las Mesas T\u00e9cnicas de Agua y mejorar las condiciones de los servicios p\u00fablicos para todos los venezolanos.<\/p>\n\n\n\n<p>Al respecto, el gobernador H\u00e9ctor Rodr\u00edguez, refiri\u00f3 que: \u201cEl congreso se enmarca en un esfuerzo por seguir resistiendo, fortaleciendo las ganas, los m\u00e9todos y cambiar lo que tenga que ser cambiado, con el apoyo de las Mesas T\u00e9cnicas del Agua y el Poder Popular\u201d.<\/p>\n","protected":false},"excerpt":{"rendered":"<p>El objetivo de esta jornada es materializar la participaci\u00f3n popular y el protagonismo en la construcci\u00f3n de mapas de soluciones (Prensa MinAguas 16-02-2022). \u2013 El presidente de la Rep\u00fablica, Nicol\u00e1s Maduro Moros, durante su rendici\u00f3n de cuenta ante la Asamblea Nacional, decret\u00f3 el 2022 como el a\u00f1o de los servicios p\u00fablicos y bajo esos lineamientos [&hellip;]<\/p>\n","protected":false},"author":28,"featured_media":2676,"comment_status":"open","ping_status":"open","sticky":false,"template":"","format":"standard","meta":{"footnotes":""},"categories":[1],"tags":[8],"class_list":["post-2675","post","type-post","status-publish","format-standard","has-post-thumbnail","hentry","category-noticias","tag-nacionales"],"_links":{"self":[{"href":"https:\/\/minaguas.gob.ve\/index.php?rest_route=\/wp\/v2\/posts\/2675","targetHints":{"allow":["GET"]}}],"collection":[{"href":"https:\/\/minaguas.gob.ve\/index.php?rest_route=\/wp\/v2\/posts"}],"about":[{"href":"https:\/\/minaguas.gob.ve\/index.php?rest_route=\/wp\/v2\/types\/post"}],"author":[{"embeddable":true,"href":"https:\/\/minaguas.gob.ve\/index.php?rest_route=\/wp\/v2\/users\/28"}],"replies":[{"embeddable":true,"href":"https:\/\/minaguas.gob.ve\/index.php?rest_route=%2Fwp%2Fv2%2Fcomments&post=2675"}],"version-history":[{"count":0,"href":"https:\/\/minaguas.gob.ve\/index.php?rest_route=\/wp\/v2\/posts\/2675\/revisions"}],"wp:featuredmedia":[{"embeddable":true,"href":"https:\/\/minaguas.gob.ve\/index.php?rest_route=\/wp\/v2\/media\/2676"}],"wp:attachment":[{"href":"https:\/\/minaguas.gob.ve\/index.php?rest_route=%2Fwp%2Fv2%2Fmedia&parent=2675"}],"wp:term":[{"taxonomy":"category","embeddable":true,"href":"https:\/\/minaguas.gob.ve\/index.php?rest_route=%2Fwp%2Fv2%2Fcategories&post=2675"},{"taxonomy":"post_tag","embeddable":true,"href":"https:\/\/minaguas.gob.ve\/index.php?rest_route=%2Fwp%2Fv2%2Ftags&post=2675"}],"curies":[{"name":"wp","href":"https:\/\/api.w.org\/{rel}","templated":true}]}}