{"id":2655,"date":"2022-02-15T12:27:47","date_gmt":"2022-02-15T16:27:47","guid":{"rendered":"https:\/\/minaguas.gob.ve\/?p=2655"},"modified":"2022-02-15T12:27:47","modified_gmt":"2022-02-15T16:27:47","slug":"unidad-territorial-de-atencion-de-las-aguas-en-aragua-sostuvo-mesa-de-trabajo","status":"publish","type":"post","link":"https:\/\/minaguas.gob.ve\/?p=2655","title":{"rendered":"Unidad Territorial de Atenci\u00f3n de las Aguas en Aragua sostuvo mesa de trabajo"},"content":{"rendered":"\n<div class=\"wp-block-image\"><figure class=\"aligncenter size-large is-resized\"><img loading=\"lazy\" decoding=\"async\" src=\"https:\/\/minaguas.gob.ve\/wp-content\/uploads\/2022\/02\/WhatsApp-Image-2022-02-15-at-11.43.33-AM-1024x768.jpeg\" alt=\"\" class=\"wp-image-2657\" width=\"721\" height=\"541\" srcset=\"https:\/\/minaguas.gob.ve\/wp-content\/uploads\/2022\/02\/WhatsApp-Image-2022-02-15-at-11.43.33-AM-1024x768.jpeg 1024w, https:\/\/minaguas.gob.ve\/wp-content\/uploads\/2022\/02\/WhatsApp-Image-2022-02-15-at-11.43.33-AM-300x225.jpeg 300w, https:\/\/minaguas.gob.ve\/wp-content\/uploads\/2022\/02\/WhatsApp-Image-2022-02-15-at-11.43.33-AM-768x576.jpeg 768w, https:\/\/minaguas.gob.ve\/wp-content\/uploads\/2022\/02\/WhatsApp-Image-2022-02-15-at-11.43.33-AM.jpeg 1280w\" sizes=\"auto, (max-width: 721px) 100vw, 721px\" \/><\/figure><\/div>\n\n\n\n<p><\/p>\n\n\n\n<p><em>El objetivo del encuentro fue abordar los planes, proyectos y acciones en pro del fortalecimiento del sistema h\u00eddrico en la regi\u00f3n<\/em><\/p>\n\n\n\n<p><strong>(Prensa MinAguas\/ UTAA Aragua 15-02-2022).- <\/strong>Los integrantes de divisi\u00f3n de la Unidad Territorial de Atenci\u00f3n de las Aguas (UTAA) en el estado Aragua sostuvieron un encuentro como parte del segundo directorio del a\u00f1o 2022, a los fines de abordar los planes, proyectos y acciones en pro del fortalecimiento del sistema h\u00eddrico en la regi\u00f3n.<\/p>\n\n\n\n<p>La actividad fue encabezada por la directora general de la UTAA en la entidad, ingeniera Carmen Cannata, quien explic\u00f3 que esta mesa de trabajo permitir\u00e1 afinar y revisar todas las estrategias necesarias para continuar brindando bienestar a la fuerza trabajadora del agua y, a su vez, atender de manera efectiva las solicitudes del pueblo en materia h\u00eddrica.<\/p>\n\n\n\n<p>Resalt\u00f3 que, como un solo equipo, la Unidad Territorial de Atenci\u00f3n de las Aguas en Aragua est\u00e1 al servicio del pueblo, para garantizar los servicios p\u00fablicos, cumpliendo con las orientaciones del presidente de la Rep\u00fablica, Nicol\u00e1s Maduro; del vicepresidente sectorial de Obras P\u00fablicas y Servicios, G\/J N\u00e9stor Reverol, y del ministro del Poder Popular de Atenci\u00f3n de las Aguas, G\/D Rodolfo Marco Torres.<\/p>\n\n\n\n<p>Entre los temas abordados en esta reuni\u00f3n destacan el fortalecimiento del Plan Cero Fugas, la creaci\u00f3n de un sistema de alerta temprana en la parte baja de la cuenca del R\u00edo El Lim\u00f3n y el Plan Preventivo de Limpieza y Desazolve de R\u00edos, Diques y Quebradas en Aragua.<\/p>\n","protected":false},"excerpt":{"rendered":"<p>El objetivo del encuentro fue abordar los planes, proyectos y acciones en pro del fortalecimiento del sistema h\u00eddrico en la regi\u00f3n (Prensa MinAguas\/ UTAA Aragua 15-02-2022).- Los integrantes de divisi\u00f3n de la Unidad Territorial de Atenci\u00f3n de las Aguas (UTAA) en el estado Aragua sostuvieron un encuentro como parte del segundo directorio del a\u00f1o 2022, [&hellip;]<\/p>\n","protected":false},"author":28,"featured_media":2657,"comment_status":"open","ping_status":"open","sticky":false,"template":"","format":"standard","meta":{"footnotes":""},"categories":[1],"tags":[8],"class_list":["post-2655","post","type-post","status-publish","format-standard","has-post-thumbnail","hentry","category-noticias","tag-nacionales"],"_links":{"self":[{"href":"https:\/\/minaguas.gob.ve\/index.php?rest_route=\/wp\/v2\/posts\/2655","targetHints":{"allow":["GET"]}}],"collection":[{"href":"https:\/\/minaguas.gob.ve\/index.php?rest_route=\/wp\/v2\/posts"}],"about":[{"href":"https:\/\/minaguas.gob.ve\/index.php?rest_route=\/wp\/v2\/types\/post"}],"author":[{"embeddable":true,"href":"https:\/\/minaguas.gob.ve\/index.php?rest_route=\/wp\/v2\/users\/28"}],"replies":[{"embeddable":true,"href":"https:\/\/minaguas.gob.ve\/index.php?rest_route=%2Fwp%2Fv2%2Fcomments&post=2655"}],"version-history":[{"count":0,"href":"https:\/\/minaguas.gob.ve\/index.php?rest_route=\/wp\/v2\/posts\/2655\/revisions"}],"wp:featuredmedia":[{"embeddable":true,"href":"https:\/\/minaguas.gob.ve\/index.php?rest_route=\/wp\/v2\/media\/2657"}],"wp:attachment":[{"href":"https:\/\/minaguas.gob.ve\/index.php?rest_route=%2Fwp%2Fv2%2Fmedia&parent=2655"}],"wp:term":[{"taxonomy":"category","embeddable":true,"href":"https:\/\/minaguas.gob.ve\/index.php?rest_route=%2Fwp%2Fv2%2Fcategories&post=2655"},{"taxonomy":"post_tag","embeddable":true,"href":"https:\/\/minaguas.gob.ve\/index.php?rest_route=%2Fwp%2Fv2%2Ftags&post=2655"}],"curies":[{"name":"wp","href":"https:\/\/api.w.org\/{rel}","templated":true}]}}