{"id":2106,"date":"2021-12-30T12:43:05","date_gmt":"2021-12-30T16:43:05","guid":{"rendered":"https:\/\/minaguas.gob.ve\/?p=2106"},"modified":"2021-12-30T13:08:30","modified_gmt":"2021-12-30T17:08:30","slug":"ministro-marco-torres-entrego-500-metros-de-tuberia-para-sustitucion-de-colectores-en-guarico","status":"publish","type":"post","link":"https:\/\/minaguas.gob.ve\/?p=2106","title":{"rendered":"Ministro Marco Torres entreg\u00f3 500 metros de tuber\u00eda para sustituci\u00f3n de colectores en Gu\u00e1rico"},"content":{"rendered":"\n<div class=\"wp-block-image\"><figure class=\"aligncenter size-full\"><img loading=\"lazy\" decoding=\"async\" width=\"960\" height=\"540\" src=\"https:\/\/minaguas.gob.ve\/wp-content\/uploads\/2021\/12\/WhatsApp-Image-2021-12-30-at-12.20.34-PM.jpeg\" alt=\"\" class=\"wp-image-2107\" srcset=\"https:\/\/minaguas.gob.ve\/wp-content\/uploads\/2021\/12\/WhatsApp-Image-2021-12-30-at-12.20.34-PM.jpeg 960w, https:\/\/minaguas.gob.ve\/wp-content\/uploads\/2021\/12\/WhatsApp-Image-2021-12-30-at-12.20.34-PM-300x169.jpeg 300w, https:\/\/minaguas.gob.ve\/wp-content\/uploads\/2021\/12\/WhatsApp-Image-2021-12-30-at-12.20.34-PM-768x432.jpeg 768w\" sizes=\"auto, (max-width: 960px) 100vw, 960px\" \/><\/figure><\/div>\n\n\n\n<p><strong><em>El titular de la cartera de Aguas puntualiz\u00f3 que en 2022 se prev\u00e9 rehabilitar el 100 por ciento del sistema h\u00eddrico en la entidad<\/em><\/strong><\/p>\n\n\n\n<p><strong>(Prensa MinAguas 30-12-2021).- <\/strong>El ministro del Poder Popular de Atenci\u00f3n de las Aguas (MinAguas), G\/D Rodolfo Marco Torres, entreg\u00f3 500 metros de tuber\u00eda de 10 pulgadas en el municipio Francisco de Miranda del estado Gu\u00e1rico, para dar inicio a la sustituci\u00f3n de colectores de aguas servidas, en beneficio de las comunidades Cruz del Perd\u00f3n y Pozo Azul de esta jurisdicci\u00f3n.<\/p>\n\n\n\n<p>El&nbsp;titular de la cartera de Aguas&nbsp;se\u00f1al\u00f3 que, en trabajo articulado con el Poder Popular organizado, a trav\u00e9s de las Mesas T\u00e9cnicas de Agua (MTA), se labora de forma ardua para consolidar el sistema h\u00eddrico en la entidad llanera, a fin de recuperar, durante el a\u00f1o 2022, el 100 por ciento de los colectores de toda esta regi\u00f3n.<\/p>\n\n\n\n<p>Asimismo, anunci\u00f3 que, por instrucciones del presidente de la Rep\u00fablica, Nicol\u00e1s Maduro Moros, el a\u00f1o 2022 ser\u00e1 para el reimpulso de las MTA, las cuales, destac\u00f3, constituyen \u201clos principales vigilantes de la ejecuci\u00f3n de todas las obras, para la soluci\u00f3n de las dificultades\u201d.<\/p>\n\n\n\n<div class=\"wp-block-image\"><figure class=\"aligncenter size-large\"><img loading=\"lazy\" decoding=\"async\" width=\"1024\" height=\"576\" src=\"https:\/\/minaguas.gob.ve\/wp-content\/uploads\/2021\/12\/WhatsApp-Image-2021-12-30-at-12.20.35-PM-1024x576.jpeg\" alt=\"\" class=\"wp-image-2109\" srcset=\"https:\/\/minaguas.gob.ve\/wp-content\/uploads\/2021\/12\/WhatsApp-Image-2021-12-30-at-12.20.35-PM-1024x576.jpeg 1024w, https:\/\/minaguas.gob.ve\/wp-content\/uploads\/2021\/12\/WhatsApp-Image-2021-12-30-at-12.20.35-PM-300x169.jpeg 300w, https:\/\/minaguas.gob.ve\/wp-content\/uploads\/2021\/12\/WhatsApp-Image-2021-12-30-at-12.20.35-PM-768x432.jpeg 768w, https:\/\/minaguas.gob.ve\/wp-content\/uploads\/2021\/12\/WhatsApp-Image-2021-12-30-at-12.20.35-PM.jpeg 1280w\" sizes=\"auto, (max-width: 1024px) 100vw, 1024px\" \/><\/figure><\/div>\n\n\n\n<p>Por su parte, el alcalde del municipio Francisco de Miranda, Donald Donaire, mostr\u00f3 su agradecimiento al presidente Nicol\u00e1s Maduro y a la fuerza trabajadora de MinAguas, por la ejecuci\u00f3n de las distintas maniobras, que buscan consolidar el servicio en toda la zona.<\/p>\n\n\n\n<p>\u201cSe beneficiar\u00e1n dos comunidades: Cruz del Perd\u00f3n y Pozo Azul. Estamos haciendo los trabajos de sustituci\u00f3n de 120 metros\u201d, explic\u00f3 la autoridad municipal.<\/p>\n\n\n\n<p>Igualmente, Mar\u00eda de Luca, integrante de la MTA, detall\u00f3 que este proyecto nace en el seno del Poder Popular y agradeci\u00f3 el acompa\u00f1amiento de la clase obrera de Hidrop\u00e1ez, en la atenci\u00f3n de los requerimientos de toda la poblaci\u00f3n.<\/p>\n","protected":false},"excerpt":{"rendered":"<p>El titular de la cartera de Aguas puntualiz\u00f3 que en 2022 se prev\u00e9 rehabilitar el 100 por ciento del sistema h\u00eddrico en la entidad (Prensa MinAguas 30-12-2021).- El ministro del Poder Popular de Atenci\u00f3n de las Aguas (MinAguas), G\/D Rodolfo Marco Torres, entreg\u00f3 500 metros de tuber\u00eda de 10 pulgadas en el municipio Francisco de [&hellip;]<\/p>\n","protected":false},"author":28,"featured_media":2107,"comment_status":"open","ping_status":"open","sticky":false,"template":"","format":"standard","meta":{"footnotes":""},"categories":[1],"tags":[8],"class_list":["post-2106","post","type-post","status-publish","format-standard","has-post-thumbnail","hentry","category-noticias","tag-nacionales"],"_links":{"self":[{"href":"https:\/\/minaguas.gob.ve\/index.php?rest_route=\/wp\/v2\/posts\/2106","targetHints":{"allow":["GET"]}}],"collection":[{"href":"https:\/\/minaguas.gob.ve\/index.php?rest_route=\/wp\/v2\/posts"}],"about":[{"href":"https:\/\/minaguas.gob.ve\/index.php?rest_route=\/wp\/v2\/types\/post"}],"author":[{"embeddable":true,"href":"https:\/\/minaguas.gob.ve\/index.php?rest_route=\/wp\/v2\/users\/28"}],"replies":[{"embeddable":true,"href":"https:\/\/minaguas.gob.ve\/index.php?rest_route=%2Fwp%2Fv2%2Fcomments&post=2106"}],"version-history":[{"count":0,"href":"https:\/\/minaguas.gob.ve\/index.php?rest_route=\/wp\/v2\/posts\/2106\/revisions"}],"wp:featuredmedia":[{"embeddable":true,"href":"https:\/\/minaguas.gob.ve\/index.php?rest_route=\/wp\/v2\/media\/2107"}],"wp:attachment":[{"href":"https:\/\/minaguas.gob.ve\/index.php?rest_route=%2Fwp%2Fv2%2Fmedia&parent=2106"}],"wp:term":[{"taxonomy":"category","embeddable":true,"href":"https:\/\/minaguas.gob.ve\/index.php?rest_route=%2Fwp%2Fv2%2Fcategories&post=2106"},{"taxonomy":"post_tag","embeddable":true,"href":"https:\/\/minaguas.gob.ve\/index.php?rest_route=%2Fwp%2Fv2%2Ftags&post=2106"}],"curies":[{"name":"wp","href":"https:\/\/api.w.org\/{rel}","templated":true}]}}