{"id":1895,"date":"2021-12-09T18:54:59","date_gmt":"2021-12-09T22:54:59","guid":{"rendered":"https:\/\/minaguas.gob.ve\/?p=1895"},"modified":"2021-12-09T18:54:59","modified_gmt":"2021-12-09T22:54:59","slug":"minaguas-y-corpoelec-establecen-plan-de-accion-para-optimizar-el-sistema-hidrico-nacional","status":"publish","type":"post","link":"https:\/\/minaguas.gob.ve\/?p=1895","title":{"rendered":"MinAguas y Corpoelec establecen plan de acci\u00f3n para optimizar el Sistema H\u00eddrico Nacional"},"content":{"rendered":"\n<div class=\"wp-block-image\"><figure class=\"aligncenter size-full\"><img loading=\"lazy\" decoding=\"async\" width=\"781\" height=\"540\" src=\"https:\/\/minaguas.gob.ve\/wp-content\/uploads\/2021\/12\/WhatsApp-Image-2021-12-09-at-1.39.14-PM-1.jpeg\" alt=\"\" class=\"wp-image-1896\" srcset=\"https:\/\/minaguas.gob.ve\/wp-content\/uploads\/2021\/12\/WhatsApp-Image-2021-12-09-at-1.39.14-PM-1.jpeg 781w, https:\/\/minaguas.gob.ve\/wp-content\/uploads\/2021\/12\/WhatsApp-Image-2021-12-09-at-1.39.14-PM-1-300x207.jpeg 300w, https:\/\/minaguas.gob.ve\/wp-content\/uploads\/2021\/12\/WhatsApp-Image-2021-12-09-at-1.39.14-PM-1-768x531.jpeg 768w\" sizes=\"auto, (max-width: 781px) 100vw, 781px\" \/><\/figure><\/div>\n\n\n\n<p><strong><em>El objetivo es articular estrategias para el fortalecimiento del Sistema El\u00e9ctrico Nacional dentro del servicio h\u00eddrico, con el fin de crear un plan de acci\u00f3n que derive en la consolidaci\u00f3n del estado de bienestar social de toda la poblaci\u00f3n<\/em><\/strong><\/p>\n\n\n\n<p>(<strong>Prensa MinAguas 09-12-2021).- <\/strong>Como parte de las pol\u00edticas emanadas desde la Vicepresidencia Sectorial de Obras P\u00fablicas y Servicios, fueron instaladas este jueves, 9 de diciembre, siete mesas de trabajo conjunto entre los gerentes de las hidrol\u00f3gicas de todo el pa\u00eds, adscritas al Ministerio del Poder Popular de Atenci\u00f3n de las Aguas (MinAguas), y los jefes territoriales de la Corporaci\u00f3n El\u00e9ctrica Nacional (Corpoelec), a fin de consolidar el mapa de soluciones del Sistema H\u00eddrico Nacional y generar los mecanismos para continuar fortaleciendo el servicio de agua potable y saneamiento en todo el pa\u00eds.<\/p>\n\n\n\n<p>La actividad fue liderada por el vicepresidente sectorial de Obras P\u00fablicas y Servicios, G\/J N\u00e9stor Luis Reverol Torres, y el ministro del Poder Popular de Atenci\u00f3n de las Aguas, G\/D Rodolfo Marco Torres; adem\u00e1s cont\u00f3 con la participaci\u00f3n de la presidenta de Hidroven, Ing. Evelyn V\u00e1squez, y el presidente de Corpoelec, Ing. Jos\u00e9 Luis Betancourt.<\/p>\n\n\n\n<figure class=\"wp-block-gallery columns-2 is-cropped wp-block-gallery-1 is-layout-flex wp-block-gallery-is-layout-flex\"><ul class=\"blocks-gallery-grid\"><li class=\"blocks-gallery-item\"><figure><img loading=\"lazy\" decoding=\"async\" width=\"1024\" height=\"683\" src=\"https:\/\/minaguas.gob.ve\/wp-content\/uploads\/2021\/12\/WhatsApp-Image-2021-12-09-at-1.38.34-PM-1024x683.jpeg\" alt=\"\" data-id=\"1897\" data-full-url=\"https:\/\/minaguas.gob.ve\/wp-content\/uploads\/2021\/12\/WhatsApp-Image-2021-12-09-at-1.38.34-PM.jpeg\" data-link=\"https:\/\/minaguas.gob.ve\/?attachment_id=1897\" class=\"wp-image-1897\" srcset=\"https:\/\/minaguas.gob.ve\/wp-content\/uploads\/2021\/12\/WhatsApp-Image-2021-12-09-at-1.38.34-PM-1024x683.jpeg 1024w, https:\/\/minaguas.gob.ve\/wp-content\/uploads\/2021\/12\/WhatsApp-Image-2021-12-09-at-1.38.34-PM-300x200.jpeg 300w, https:\/\/minaguas.gob.ve\/wp-content\/uploads\/2021\/12\/WhatsApp-Image-2021-12-09-at-1.38.34-PM-768x512.jpeg 768w, https:\/\/minaguas.gob.ve\/wp-content\/uploads\/2021\/12\/WhatsApp-Image-2021-12-09-at-1.38.34-PM.jpeg 1080w\" sizes=\"auto, (max-width: 1024px) 100vw, 1024px\" \/><\/figure><\/li><li class=\"blocks-gallery-item\"><figure><img loading=\"lazy\" decoding=\"async\" width=\"1024\" height=\"683\" src=\"https:\/\/minaguas.gob.ve\/wp-content\/uploads\/2021\/12\/WhatsApp-Image-2021-12-09-at-1.38.33-PM-1024x683.jpeg\" alt=\"\" data-id=\"1898\" data-full-url=\"https:\/\/minaguas.gob.ve\/wp-content\/uploads\/2021\/12\/WhatsApp-Image-2021-12-09-at-1.38.33-PM.jpeg\" data-link=\"https:\/\/minaguas.gob.ve\/?attachment_id=1898\" class=\"wp-image-1898\" srcset=\"https:\/\/minaguas.gob.ve\/wp-content\/uploads\/2021\/12\/WhatsApp-Image-2021-12-09-at-1.38.33-PM-1024x683.jpeg 1024w, https:\/\/minaguas.gob.ve\/wp-content\/uploads\/2021\/12\/WhatsApp-Image-2021-12-09-at-1.38.33-PM-300x200.jpeg 300w, https:\/\/minaguas.gob.ve\/wp-content\/uploads\/2021\/12\/WhatsApp-Image-2021-12-09-at-1.38.33-PM-768x512.jpeg 768w, https:\/\/minaguas.gob.ve\/wp-content\/uploads\/2021\/12\/WhatsApp-Image-2021-12-09-at-1.38.33-PM.jpeg 1080w\" sizes=\"auto, (max-width: 1024px) 100vw, 1024px\" \/><\/figure><\/li><\/ul><\/figure>\n\n\n\n<p>El ministro Rodolfo Marco Torres detall\u00f3 que los equipos de trabajo fueron distribuidos en 7 ejes territoriales, con el prop\u00f3sito de generar un plan conjunto que permita consolidar los sistemas operativos, tanto h\u00eddricos como el\u00e9ctricos, para optimizar el servicio de agua en el pa\u00eds, siguiendo la instrucci\u00f3n dada por el presidente de la Rep\u00fablica Bolivariana de Venezuela, Nicol\u00e1s Maduro Moros.<\/p>\n\n\n\n<p>\u201cEste trabajo conjunto nos permite hacer las coordinaciones en tiempo real, para tomar las acciones cuando se presente alguna dificultad en el territorio, as\u00ed como proteger todos nuestros equipos y establecer un contacto directo con las Mesas T\u00e9cnicas de Aguas, Mesas T\u00e9cnicas de Energ\u00eda y las Brigadas del Poder Popular de las Aguas\u201d, explic\u00f3 el ministro.<\/p>\n\n\n\n<figure class=\"wp-block-gallery columns-2 is-cropped wp-block-gallery-2 is-layout-flex wp-block-gallery-is-layout-flex\"><ul class=\"blocks-gallery-grid\"><li class=\"blocks-gallery-item\"><figure><img loading=\"lazy\" decoding=\"async\" width=\"960\" height=\"540\" src=\"https:\/\/minaguas.gob.ve\/wp-content\/uploads\/2021\/12\/WhatsApp-Image-2021-12-09-at-1.39.13-PM.jpeg\" alt=\"\" data-id=\"1899\" data-full-url=\"https:\/\/minaguas.gob.ve\/wp-content\/uploads\/2021\/12\/WhatsApp-Image-2021-12-09-at-1.39.13-PM.jpeg\" data-link=\"https:\/\/minaguas.gob.ve\/?attachment_id=1899\" class=\"wp-image-1899\" srcset=\"https:\/\/minaguas.gob.ve\/wp-content\/uploads\/2021\/12\/WhatsApp-Image-2021-12-09-at-1.39.13-PM.jpeg 960w, https:\/\/minaguas.gob.ve\/wp-content\/uploads\/2021\/12\/WhatsApp-Image-2021-12-09-at-1.39.13-PM-300x169.jpeg 300w, https:\/\/minaguas.gob.ve\/wp-content\/uploads\/2021\/12\/WhatsApp-Image-2021-12-09-at-1.39.13-PM-768x432.jpeg 768w\" sizes=\"auto, (max-width: 960px) 100vw, 960px\" \/><\/figure><\/li><li class=\"blocks-gallery-item\"><figure><img loading=\"lazy\" decoding=\"async\" width=\"960\" height=\"540\" src=\"https:\/\/minaguas.gob.ve\/wp-content\/uploads\/2021\/12\/WhatsApp-Image-2021-12-09-at-1.39.12-PM.jpeg\" alt=\"\" data-id=\"1900\" data-full-url=\"https:\/\/minaguas.gob.ve\/wp-content\/uploads\/2021\/12\/WhatsApp-Image-2021-12-09-at-1.39.12-PM.jpeg\" data-link=\"https:\/\/minaguas.gob.ve\/?attachment_id=1900\" class=\"wp-image-1900\" srcset=\"https:\/\/minaguas.gob.ve\/wp-content\/uploads\/2021\/12\/WhatsApp-Image-2021-12-09-at-1.39.12-PM.jpeg 960w, https:\/\/minaguas.gob.ve\/wp-content\/uploads\/2021\/12\/WhatsApp-Image-2021-12-09-at-1.39.12-PM-300x169.jpeg 300w, https:\/\/minaguas.gob.ve\/wp-content\/uploads\/2021\/12\/WhatsApp-Image-2021-12-09-at-1.39.12-PM-768x432.jpeg 768w\" sizes=\"auto, (max-width: 960px) 100vw, 960px\" \/><\/figure><\/li><\/ul><\/figure>\n\n\n\n<p>Igualmente, el vicepresidente sectorial de Obras P\u00fablicas y Servicios, N\u00e9stor Reverol, precis\u00f3 que esta jornada de trabajo contribuir\u00e1 a establecer un diagn\u00f3stico del Sistema El\u00e9ctrico dentro del Sistema H\u00eddrico Nacional y crear alianzas conjuntas entre las gerencias de ambas instituciones para la atenci\u00f3n de los eventos en cada uno de los territorios y mejorar la administraci\u00f3n del servicio.<\/p>\n\n\n\n<p>\u201cEl sistema el\u00e9ctrico es muy importante para mantener la estabilidad del servicio y garantizar el mantenimiento del sistema h\u00eddrico, por lo que desde estas mesas de trabajo saldr\u00e1n propuestas para garantizar el servicio durante finales de 2021 y arrancar con fuerza el a\u00f1o 2022\u201d, puntualiz\u00f3 el vicepresidente.<\/p>\n","protected":false},"excerpt":{"rendered":"<p>El objetivo es articular estrategias para el fortalecimiento del Sistema El\u00e9ctrico Nacional dentro del servicio h\u00eddrico, con el fin de crear un plan de acci\u00f3n que derive en la consolidaci\u00f3n del estado de bienestar social de toda la poblaci\u00f3n (Prensa MinAguas 09-12-2021).- Como parte de las pol\u00edticas emanadas desde la Vicepresidencia Sectorial de Obras P\u00fablicas [&hellip;]<\/p>\n","protected":false},"author":28,"featured_media":1896,"comment_status":"open","ping_status":"open","sticky":false,"template":"","format":"standard","meta":{"footnotes":""},"categories":[1],"tags":[8],"class_list":["post-1895","post","type-post","status-publish","format-standard","has-post-thumbnail","hentry","category-noticias","tag-nacionales"],"_links":{"self":[{"href":"https:\/\/minaguas.gob.ve\/index.php?rest_route=\/wp\/v2\/posts\/1895","targetHints":{"allow":["GET"]}}],"collection":[{"href":"https:\/\/minaguas.gob.ve\/index.php?rest_route=\/wp\/v2\/posts"}],"about":[{"href":"https:\/\/minaguas.gob.ve\/index.php?rest_route=\/wp\/v2\/types\/post"}],"author":[{"embeddable":true,"href":"https:\/\/minaguas.gob.ve\/index.php?rest_route=\/wp\/v2\/users\/28"}],"replies":[{"embeddable":true,"href":"https:\/\/minaguas.gob.ve\/index.php?rest_route=%2Fwp%2Fv2%2Fcomments&post=1895"}],"version-history":[{"count":0,"href":"https:\/\/minaguas.gob.ve\/index.php?rest_route=\/wp\/v2\/posts\/1895\/revisions"}],"wp:featuredmedia":[{"embeddable":true,"href":"https:\/\/minaguas.gob.ve\/index.php?rest_route=\/wp\/v2\/media\/1896"}],"wp:attachment":[{"href":"https:\/\/minaguas.gob.ve\/index.php?rest_route=%2Fwp%2Fv2%2Fmedia&parent=1895"}],"wp:term":[{"taxonomy":"category","embeddable":true,"href":"https:\/\/minaguas.gob.ve\/index.php?rest_route=%2Fwp%2Fv2%2Fcategories&post=1895"},{"taxonomy":"post_tag","embeddable":true,"href":"https:\/\/minaguas.gob.ve\/index.php?rest_route=%2Fwp%2Fv2%2Ftags&post=1895"}],"curies":[{"name":"wp","href":"https:\/\/api.w.org\/{rel}","templated":true}]}}