{"id":1872,"date":"2021-12-08T20:44:43","date_gmt":"2021-12-09T00:44:43","guid":{"rendered":"https:\/\/minaguas.gob.ve\/?p=1872"},"modified":"2021-12-08T20:47:33","modified_gmt":"2021-12-09T00:47:33","slug":"inaugurada-sala-situacional-de-hidrocapital-para-atender-necesidades-de-la-poblacion","status":"publish","type":"post","link":"https:\/\/minaguas.gob.ve\/?p=1872","title":{"rendered":"Inaugurada Sala Situacional de Hidrocapital para atender necesidades de la poblaci\u00f3n"},"content":{"rendered":"\n<div class=\"wp-block-image\"><figure class=\"aligncenter size-large\"><img loading=\"lazy\" decoding=\"async\" width=\"1024\" height=\"683\" src=\"https:\/\/minaguas.gob.ve\/wp-content\/uploads\/2021\/12\/WhatsApp-Image-2021-12-08-at-7.11.11-PM-1024x683.jpeg\" alt=\"\" class=\"wp-image-1873\" srcset=\"https:\/\/minaguas.gob.ve\/wp-content\/uploads\/2021\/12\/WhatsApp-Image-2021-12-08-at-7.11.11-PM-1024x683.jpeg 1024w, https:\/\/minaguas.gob.ve\/wp-content\/uploads\/2021\/12\/WhatsApp-Image-2021-12-08-at-7.11.11-PM-300x200.jpeg 300w, https:\/\/minaguas.gob.ve\/wp-content\/uploads\/2021\/12\/WhatsApp-Image-2021-12-08-at-7.11.11-PM-768x512.jpeg 768w, https:\/\/minaguas.gob.ve\/wp-content\/uploads\/2021\/12\/WhatsApp-Image-2021-12-08-at-7.11.11-PM.jpeg 1080w\" sizes=\"auto, (max-width: 1024px) 100vw, 1024px\" \/><\/figure><\/div>\n\n\n\n<p><strong><em>Dicha instancia permitir\u00e1 dar respuesta y atenci\u00f3n de manera inmediata a las denuncias, reclamos y sugerencias de los usuarios<\/em><\/strong><\/p>\n\n\n\n<p><strong>(Prensa MinAguas 08-12-2021).- <\/strong>Con el fin de atender las denuncias, reclamos y sugerencias por parte de los usuarios, el Ministerio del Poder Popular de Atenci\u00f3n de las Aguas, a trav\u00e9s de Hidrocapital, inaugur\u00f3 este mi\u00e9rcoles 8 de diciembre una sala situacional en la sede de la hidrol\u00f3gica ubicada en Marip\u00e9rez, a fin de dar respuesta y atenci\u00f3n inmediata a las solicitudes y requerimientos de la poblaci\u00f3n de la Regi\u00f3n Capital en materia h\u00eddrica.<\/p>\n\n\n\n<p>La jornada cont\u00f3 con la participaci\u00f3n del ministro del Poder Popular de Atenci\u00f3n de las Aguas, G\/D Rodolfo Marco Torres; la presidenta de Hidroven, Ing. Evelyn V\u00e1squez; el presidente de Hidrocapital, C\/C Harol Clemente, y el vicepresidente de Desarrollo, Operaci\u00f3n y Gesti\u00f3n Popular, Ing. Luis Bandes.<\/p>\n\n\n\n<p>En ese sentido, el titular de la cartera de Aguas enfatiz\u00f3 que la sala permitir\u00e1 conocer en tiempo real las fortalezas y debilidades del servicio en los estados Miranda, La Guaira y el Distrito Capital.<\/p>\n\n\n\n<div class=\"wp-block-image\"><figure class=\"aligncenter size-large\"><img loading=\"lazy\" decoding=\"async\" width=\"1024\" height=\"576\" src=\"https:\/\/minaguas.gob.ve\/wp-content\/uploads\/2021\/12\/WhatsApp-Image-2021-12-08-at-7.11.10-PM-1-1024x576.jpeg\" alt=\"\" class=\"wp-image-1875\" srcset=\"https:\/\/minaguas.gob.ve\/wp-content\/uploads\/2021\/12\/WhatsApp-Image-2021-12-08-at-7.11.10-PM-1-1024x576.jpeg 1024w, https:\/\/minaguas.gob.ve\/wp-content\/uploads\/2021\/12\/WhatsApp-Image-2021-12-08-at-7.11.10-PM-1-300x169.jpeg 300w, https:\/\/minaguas.gob.ve\/wp-content\/uploads\/2021\/12\/WhatsApp-Image-2021-12-08-at-7.11.10-PM-1-768x432.jpeg 768w, https:\/\/minaguas.gob.ve\/wp-content\/uploads\/2021\/12\/WhatsApp-Image-2021-12-08-at-7.11.10-PM-1.jpeg 1280w\" sizes=\"auto, (max-width: 1024px) 100vw, 1024px\" \/><\/figure><\/div>\n\n\n\n<p>Asimismo, se\u00f1al\u00f3 que esta labor se prev\u00e9 realizar en todas las hidrol\u00f3gicas del pa\u00eds, a fin de establecer un mecanismo de comunicaci\u00f3n directa entre las autoridades de los diversos entes que administran el servicio del agua y las usuarias y usuarios.<\/p>\n\n\n\n<p>Por su parte, el Ing. Luis Bandes manifest\u00f3 que la nueva instancia \u201cser\u00e1 centro de recolecci\u00f3n, procesamiento y difusi\u00f3n de informaci\u00f3n para gestionar soluciones factibles, a trav\u00e9s del 0800 Potable, donde se reciben todas las denuncias y el monitoreo de las redes sociales; adem\u00e1s se est\u00e1 lanzando un nuevo mecanismo, denominado SIGO (Sistema Integral de Gesti\u00f3n Operativa), encargado de supervisar y controlar los procesos hidrol\u00f3gicos en todas sus fases\u201d.<\/p>\n\n\n\n<p>La infraestructura de la Sala Situacional se adecu\u00f3 con el prop\u00f3sito de brindar un ambiente m\u00e1s institucional para as\u00ed prestar un servicio eficiente y eficaz en materia h\u00eddrica a la regi\u00f3n capitalina.<\/p>\n\n\n\n<figure class=\"wp-block-gallery columns-2 is-cropped wp-block-gallery-1 is-layout-flex wp-block-gallery-is-layout-flex\"><ul class=\"blocks-gallery-grid\"><li class=\"blocks-gallery-item\"><figure><img loading=\"lazy\" decoding=\"async\" width=\"1024\" height=\"683\" src=\"https:\/\/minaguas.gob.ve\/wp-content\/uploads\/2021\/12\/WhatsApp-Image-2021-12-08-at-7.11.10-PM-2-1024x683.jpeg\" alt=\"\" data-id=\"1876\" data-full-url=\"https:\/\/minaguas.gob.ve\/wp-content\/uploads\/2021\/12\/WhatsApp-Image-2021-12-08-at-7.11.10-PM-2.jpeg\" data-link=\"https:\/\/minaguas.gob.ve\/?attachment_id=1876\" class=\"wp-image-1876\" srcset=\"https:\/\/minaguas.gob.ve\/wp-content\/uploads\/2021\/12\/WhatsApp-Image-2021-12-08-at-7.11.10-PM-2-1024x683.jpeg 1024w, https:\/\/minaguas.gob.ve\/wp-content\/uploads\/2021\/12\/WhatsApp-Image-2021-12-08-at-7.11.10-PM-2-300x200.jpeg 300w, https:\/\/minaguas.gob.ve\/wp-content\/uploads\/2021\/12\/WhatsApp-Image-2021-12-08-at-7.11.10-PM-2-768x512.jpeg 768w, https:\/\/minaguas.gob.ve\/wp-content\/uploads\/2021\/12\/WhatsApp-Image-2021-12-08-at-7.11.10-PM-2.jpeg 1080w\" sizes=\"auto, (max-width: 1024px) 100vw, 1024px\" \/><\/figure><\/li><li class=\"blocks-gallery-item\"><figure><img loading=\"lazy\" decoding=\"async\" width=\"1024\" height=\"683\" src=\"https:\/\/minaguas.gob.ve\/wp-content\/uploads\/2021\/12\/WhatsApp-Image-2021-12-08-at-7.11.10-PM-1024x683.jpeg\" alt=\"\" data-id=\"1877\" data-full-url=\"https:\/\/minaguas.gob.ve\/wp-content\/uploads\/2021\/12\/WhatsApp-Image-2021-12-08-at-7.11.10-PM.jpeg\" data-link=\"https:\/\/minaguas.gob.ve\/?attachment_id=1877\" class=\"wp-image-1877\" srcset=\"https:\/\/minaguas.gob.ve\/wp-content\/uploads\/2021\/12\/WhatsApp-Image-2021-12-08-at-7.11.10-PM-1024x683.jpeg 1024w, https:\/\/minaguas.gob.ve\/wp-content\/uploads\/2021\/12\/WhatsApp-Image-2021-12-08-at-7.11.10-PM-300x200.jpeg 300w, https:\/\/minaguas.gob.ve\/wp-content\/uploads\/2021\/12\/WhatsApp-Image-2021-12-08-at-7.11.10-PM-768x512.jpeg 768w, https:\/\/minaguas.gob.ve\/wp-content\/uploads\/2021\/12\/WhatsApp-Image-2021-12-08-at-7.11.10-PM.jpeg 1080w\" sizes=\"auto, (max-width: 1024px) 100vw, 1024px\" \/><\/figure><\/li><\/ul><\/figure>\n","protected":false},"excerpt":{"rendered":"<p>Dicha instancia permitir\u00e1 dar respuesta y atenci\u00f3n de manera inmediata a las denuncias, reclamos y sugerencias de los usuarios (Prensa MinAguas 08-12-2021).- Con el fin de atender las denuncias, reclamos y sugerencias por parte de los usuarios, el Ministerio del Poder Popular de Atenci\u00f3n de las Aguas, a trav\u00e9s de Hidrocapital, inaugur\u00f3 este mi\u00e9rcoles 8 [&hellip;]<\/p>\n","protected":false},"author":28,"featured_media":1873,"comment_status":"open","ping_status":"open","sticky":false,"template":"","format":"standard","meta":{"footnotes":""},"categories":[1],"tags":[8],"class_list":["post-1872","post","type-post","status-publish","format-standard","has-post-thumbnail","hentry","category-noticias","tag-nacionales"],"_links":{"self":[{"href":"https:\/\/minaguas.gob.ve\/index.php?rest_route=\/wp\/v2\/posts\/1872","targetHints":{"allow":["GET"]}}],"collection":[{"href":"https:\/\/minaguas.gob.ve\/index.php?rest_route=\/wp\/v2\/posts"}],"about":[{"href":"https:\/\/minaguas.gob.ve\/index.php?rest_route=\/wp\/v2\/types\/post"}],"author":[{"embeddable":true,"href":"https:\/\/minaguas.gob.ve\/index.php?rest_route=\/wp\/v2\/users\/28"}],"replies":[{"embeddable":true,"href":"https:\/\/minaguas.gob.ve\/index.php?rest_route=%2Fwp%2Fv2%2Fcomments&post=1872"}],"version-history":[{"count":0,"href":"https:\/\/minaguas.gob.ve\/index.php?rest_route=\/wp\/v2\/posts\/1872\/revisions"}],"wp:featuredmedia":[{"embeddable":true,"href":"https:\/\/minaguas.gob.ve\/index.php?rest_route=\/wp\/v2\/media\/1873"}],"wp:attachment":[{"href":"https:\/\/minaguas.gob.ve\/index.php?rest_route=%2Fwp%2Fv2%2Fmedia&parent=1872"}],"wp:term":[{"taxonomy":"category","embeddable":true,"href":"https:\/\/minaguas.gob.ve\/index.php?rest_route=%2Fwp%2Fv2%2Fcategories&post=1872"},{"taxonomy":"post_tag","embeddable":true,"href":"https:\/\/minaguas.gob.ve\/index.php?rest_route=%2Fwp%2Fv2%2Ftags&post=1872"}],"curies":[{"name":"wp","href":"https:\/\/api.w.org\/{rel}","templated":true}]}}