{"id":1809,"date":"2021-12-03T17:50:50","date_gmt":"2021-12-03T21:50:50","guid":{"rendered":"https:\/\/minaguas.gob.ve\/?p=1809"},"modified":"2021-12-03T17:50:50","modified_gmt":"2021-12-03T21:50:50","slug":"ministro-marco-torres-inauguro-la-estacion-de-bombeo-bicentenario-en-barinas","status":"publish","type":"post","link":"https:\/\/minaguas.gob.ve\/?p=1809","title":{"rendered":"Ministro Marco Torres inaugur\u00f3 la Estaci\u00f3n de Bombeo Bicentenario en Barinas"},"content":{"rendered":"\n<div class=\"wp-block-image\"><figure class=\"aligncenter size-full\"><img loading=\"lazy\" decoding=\"async\" width=\"979\" height=\"696\" src=\"https:\/\/minaguas.gob.ve\/wp-content\/uploads\/2021\/12\/WhatsApp-Image-2021-12-03-at-5.21.44-PM.jpeg\" alt=\"\" class=\"wp-image-1810\" srcset=\"https:\/\/minaguas.gob.ve\/wp-content\/uploads\/2021\/12\/WhatsApp-Image-2021-12-03-at-5.21.44-PM.jpeg 979w, https:\/\/minaguas.gob.ve\/wp-content\/uploads\/2021\/12\/WhatsApp-Image-2021-12-03-at-5.21.44-PM-300x213.jpeg 300w, https:\/\/minaguas.gob.ve\/wp-content\/uploads\/2021\/12\/WhatsApp-Image-2021-12-03-at-5.21.44-PM-768x546.jpeg 768w\" sizes=\"auto, (max-width: 979px) 100vw, 979px\" \/><\/figure><\/div>\n\n\n\n<p><strong><em>El titular de la cartera de Aguas tambi\u00e9n particip\u00f3 en la reuni\u00f3n extraordinaria de trabajo que desarroll\u00f3 la Vicepresidencia Sectorial de Obras P\u00fablicas y Servicios (VPSOPS) en la entidad llanera<\/em><\/strong><\/p>\n\n\n\n<p>(<strong>Prensa<\/strong> <strong>MinAguas 03-12-2021).- <\/strong>El ministro del Poder Popular de Atenci\u00f3n de las Aguas, G\/D Rodolfo Marco Torres, encabez\u00f3 este viernes 3 de diciembre la inauguraci\u00f3n de la Estaci\u00f3n de Bombeo Bicentenario en el estado Barinas.<\/p>\n\n\n\n<p>En compa\u00f1\u00eda del presidente de Hidroandes, Crist\u00f3bal Parra, el titular de la cartera de Aguas afirm\u00f3 que, en una primera fase, esta instalaci\u00f3n permite aumentar la producci\u00f3n de agua potable a 175 litros por segundo, en beneficio de 75 mil habitantes de cuatro parroquias del municipio Barinas.<\/p>\n\n\n\n<figure class=\"wp-block-gallery columns-2 is-cropped wp-block-gallery-1 is-layout-flex wp-block-gallery-is-layout-flex\"><ul class=\"blocks-gallery-grid\"><li class=\"blocks-gallery-item\"><figure><img loading=\"lazy\" decoding=\"async\" width=\"1024\" height=\"461\" src=\"https:\/\/minaguas.gob.ve\/wp-content\/uploads\/2021\/12\/WhatsApp-Image-2021-12-03-at-5.28.40-PM-1024x461.jpeg\" alt=\"\" data-id=\"1811\" data-full-url=\"https:\/\/minaguas.gob.ve\/wp-content\/uploads\/2021\/12\/WhatsApp-Image-2021-12-03-at-5.28.40-PM.jpeg\" data-link=\"https:\/\/minaguas.gob.ve\/?attachment_id=1811\" class=\"wp-image-1811\" srcset=\"https:\/\/minaguas.gob.ve\/wp-content\/uploads\/2021\/12\/WhatsApp-Image-2021-12-03-at-5.28.40-PM-1024x461.jpeg 1024w, https:\/\/minaguas.gob.ve\/wp-content\/uploads\/2021\/12\/WhatsApp-Image-2021-12-03-at-5.28.40-PM-300x135.jpeg 300w, https:\/\/minaguas.gob.ve\/wp-content\/uploads\/2021\/12\/WhatsApp-Image-2021-12-03-at-5.28.40-PM-768x346.jpeg 768w, https:\/\/minaguas.gob.ve\/wp-content\/uploads\/2021\/12\/WhatsApp-Image-2021-12-03-at-5.28.40-PM.jpeg 1280w\" sizes=\"auto, (max-width: 1024px) 100vw, 1024px\" \/><\/figure><\/li><li class=\"blocks-gallery-item\"><figure><img loading=\"lazy\" decoding=\"async\" width=\"1024\" height=\"461\" src=\"https:\/\/minaguas.gob.ve\/wp-content\/uploads\/2021\/12\/WhatsApp-Image-2021-12-03-at-5.28.39-PM-1024x461.jpeg\" alt=\"\" data-id=\"1812\" data-full-url=\"https:\/\/minaguas.gob.ve\/wp-content\/uploads\/2021\/12\/WhatsApp-Image-2021-12-03-at-5.28.39-PM.jpeg\" data-link=\"https:\/\/minaguas.gob.ve\/?attachment_id=1812\" class=\"wp-image-1812\" srcset=\"https:\/\/minaguas.gob.ve\/wp-content\/uploads\/2021\/12\/WhatsApp-Image-2021-12-03-at-5.28.39-PM-1024x461.jpeg 1024w, https:\/\/minaguas.gob.ve\/wp-content\/uploads\/2021\/12\/WhatsApp-Image-2021-12-03-at-5.28.39-PM-300x135.jpeg 300w, https:\/\/minaguas.gob.ve\/wp-content\/uploads\/2021\/12\/WhatsApp-Image-2021-12-03-at-5.28.39-PM-768x346.jpeg 768w, https:\/\/minaguas.gob.ve\/wp-content\/uploads\/2021\/12\/WhatsApp-Image-2021-12-03-at-5.28.39-PM.jpeg 1280w\" sizes=\"auto, (max-width: 1024px) 100vw, 1024px\" \/><\/figure><\/li><\/ul><\/figure>\n\n\n\n<p>Precis\u00f3 que para activar esta nueva estaci\u00f3n se llev\u00f3 a cabo la instalaci\u00f3n de 5 motores y bombas de 40 HP cada uno, as\u00ed como un tanque compensador con una capacidad de almacenamiento de 2 millones de litros.<\/p>\n\n\n\n<p>Igualmente, enfatiz\u00f3 que, en una segunda fase, se tiene previsto duplicar el suministro de agua de esta estructura h\u00eddrica a 350 litros por segundo, para favorecer a m\u00e1s 150 mil habitantes.<\/p>\n\n\n\n<p>Durante el despliegue por la entidad llanera, Marco Torres tambi\u00e9n inspeccion\u00f3 las instalaciones de la Planta Potabilizadora Ciudad de Barinas, las cual surte del vital l\u00edquido a las parroquias El Carmen, R\u00f3mulo Betancourt y Barinas en beneficio de 130 mil habitantes.<\/p>\n\n\n\n<figure class=\"wp-block-gallery columns-2 is-cropped wp-block-gallery-2 is-layout-flex wp-block-gallery-is-layout-flex\"><ul class=\"blocks-gallery-grid\"><li class=\"blocks-gallery-item\"><figure><img loading=\"lazy\" decoding=\"async\" width=\"1024\" height=\"576\" src=\"https:\/\/minaguas.gob.ve\/wp-content\/uploads\/2021\/12\/WhatsApp-Image-2021-12-03-at-5.28.41-PM-1024x576.jpeg\" alt=\"\" data-id=\"1813\" data-full-url=\"https:\/\/minaguas.gob.ve\/wp-content\/uploads\/2021\/12\/WhatsApp-Image-2021-12-03-at-5.28.41-PM.jpeg\" data-link=\"https:\/\/minaguas.gob.ve\/?attachment_id=1813\" class=\"wp-image-1813\" srcset=\"https:\/\/minaguas.gob.ve\/wp-content\/uploads\/2021\/12\/WhatsApp-Image-2021-12-03-at-5.28.41-PM-1024x576.jpeg 1024w, https:\/\/minaguas.gob.ve\/wp-content\/uploads\/2021\/12\/WhatsApp-Image-2021-12-03-at-5.28.41-PM-300x169.jpeg 300w, https:\/\/minaguas.gob.ve\/wp-content\/uploads\/2021\/12\/WhatsApp-Image-2021-12-03-at-5.28.41-PM-768x432.jpeg 768w, https:\/\/minaguas.gob.ve\/wp-content\/uploads\/2021\/12\/WhatsApp-Image-2021-12-03-at-5.28.41-PM.jpeg 1280w\" sizes=\"auto, (max-width: 1024px) 100vw, 1024px\" \/><\/figure><\/li><li class=\"blocks-gallery-item\"><figure><img loading=\"lazy\" decoding=\"async\" width=\"1024\" height=\"576\" src=\"https:\/\/minaguas.gob.ve\/wp-content\/uploads\/2021\/12\/WhatsApp-Image-2021-12-03-at-5.24.17-PM-1024x576.jpeg\" alt=\"\" data-id=\"1814\" data-full-url=\"https:\/\/minaguas.gob.ve\/wp-content\/uploads\/2021\/12\/WhatsApp-Image-2021-12-03-at-5.24.17-PM.jpeg\" data-link=\"https:\/\/minaguas.gob.ve\/?attachment_id=1814\" class=\"wp-image-1814\" srcset=\"https:\/\/minaguas.gob.ve\/wp-content\/uploads\/2021\/12\/WhatsApp-Image-2021-12-03-at-5.24.17-PM-1024x576.jpeg 1024w, https:\/\/minaguas.gob.ve\/wp-content\/uploads\/2021\/12\/WhatsApp-Image-2021-12-03-at-5.24.17-PM-300x169.jpeg 300w, https:\/\/minaguas.gob.ve\/wp-content\/uploads\/2021\/12\/WhatsApp-Image-2021-12-03-at-5.24.17-PM-768x432.jpeg 768w, https:\/\/minaguas.gob.ve\/wp-content\/uploads\/2021\/12\/WhatsApp-Image-2021-12-03-at-5.24.17-PM.jpeg 1280w\" sizes=\"auto, (max-width: 1024px) 100vw, 1024px\" \/><\/figure><\/li><\/ul><\/figure>\n\n\n\n<p>El titular de la cartera de Aguas adem\u00e1s particip\u00f3 en la reuni\u00f3n extraordinaria de trabajo que se desarroll\u00f3 en el estado, encabezada por el vicepresidente sectorial de Obras P\u00fablicas y Servicios (VPSOPS), G\/J N\u00e9stor Luis Reverol, en el marco del Plan Remate 2021 y el Plan Especial de Servicios P\u00fablicos, instruidos por el presidente de la Rep\u00fablica, Nicol\u00e1s Maduro.<\/p>\n\n\n\n<p>En su intervenci\u00f3n, el ministro inform\u00f3 que se avanza en la correcci\u00f3n y sustituci\u00f3n de fugas en aducciones, al igual que la instalaci\u00f3n de equipos de bombas y motores para la rehabilitaci\u00f3n de estaciones de bombeo y plantas potabilizadoras.<\/p>\n\n\n\n<figure class=\"wp-block-gallery columns-2 is-cropped wp-block-gallery-3 is-layout-flex wp-block-gallery-is-layout-flex\"><ul class=\"blocks-gallery-grid\"><li class=\"blocks-gallery-item\"><figure><img loading=\"lazy\" decoding=\"async\" width=\"1024\" height=\"576\" src=\"https:\/\/minaguas.gob.ve\/wp-content\/uploads\/2021\/12\/WhatsApp-Image-2021-12-03-at-5.22.12-PM-1024x576.jpeg\" alt=\"\" data-id=\"1815\" data-full-url=\"https:\/\/minaguas.gob.ve\/wp-content\/uploads\/2021\/12\/WhatsApp-Image-2021-12-03-at-5.22.12-PM.jpeg\" data-link=\"https:\/\/minaguas.gob.ve\/?attachment_id=1815\" class=\"wp-image-1815\" srcset=\"https:\/\/minaguas.gob.ve\/wp-content\/uploads\/2021\/12\/WhatsApp-Image-2021-12-03-at-5.22.12-PM-1024x576.jpeg 1024w, https:\/\/minaguas.gob.ve\/wp-content\/uploads\/2021\/12\/WhatsApp-Image-2021-12-03-at-5.22.12-PM-300x169.jpeg 300w, https:\/\/minaguas.gob.ve\/wp-content\/uploads\/2021\/12\/WhatsApp-Image-2021-12-03-at-5.22.12-PM-768x432.jpeg 768w, https:\/\/minaguas.gob.ve\/wp-content\/uploads\/2021\/12\/WhatsApp-Image-2021-12-03-at-5.22.12-PM.jpeg 1280w\" sizes=\"auto, (max-width: 1024px) 100vw, 1024px\" \/><\/figure><\/li><li class=\"blocks-gallery-item\"><figure><img loading=\"lazy\" decoding=\"async\" width=\"960\" height=\"540\" src=\"https:\/\/minaguas.gob.ve\/wp-content\/uploads\/2021\/12\/WhatsApp-Image-2021-12-03-at-5.21.42-PM.jpeg\" alt=\"\" data-id=\"1816\" data-full-url=\"https:\/\/minaguas.gob.ve\/wp-content\/uploads\/2021\/12\/WhatsApp-Image-2021-12-03-at-5.21.42-PM.jpeg\" data-link=\"https:\/\/minaguas.gob.ve\/?attachment_id=1816\" class=\"wp-image-1816\" srcset=\"https:\/\/minaguas.gob.ve\/wp-content\/uploads\/2021\/12\/WhatsApp-Image-2021-12-03-at-5.21.42-PM.jpeg 960w, https:\/\/minaguas.gob.ve\/wp-content\/uploads\/2021\/12\/WhatsApp-Image-2021-12-03-at-5.21.42-PM-300x169.jpeg 300w, https:\/\/minaguas.gob.ve\/wp-content\/uploads\/2021\/12\/WhatsApp-Image-2021-12-03-at-5.21.42-PM-768x432.jpeg 768w\" sizes=\"auto, (max-width: 960px) 100vw, 960px\" \/><\/figure><\/li><\/ul><\/figure>\n\n\n\n<p>Por su parte, el vicepresidente sectorial N\u00e9stor Reverol resalt\u00f3 los avances en la reparaci\u00f3n del acueducto El Paguey, a trav\u00e9s de la instalaci\u00f3n de 120 metros de tuber\u00eda, que permitir\u00e1n la producci\u00f3n de 120 litros por segundo de agua adicional, en beneficio de 45 mil familias.<\/p>\n\n\n\n<p>Asimismo, destac\u00f3 la sustituci\u00f3n de un motor de 150HP para mejorar el sistema de captaci\u00f3n de la Planta Potabilizadora de Barinas, de 400 a 600 lps, y enfatiz\u00f3 en un plan de seguridad, en articulaci\u00f3n con la Zona Operativa de Defensa Integral (Zodi), para la eliminaci\u00f3n de las tomas ilegales, que afectan significativamente el suministro del vital l\u00edquido a la poblaci\u00f3n.<\/p>\n","protected":false},"excerpt":{"rendered":"<p>El titular de la cartera de Aguas tambi\u00e9n particip\u00f3 en la reuni\u00f3n extraordinaria de trabajo que desarroll\u00f3 la Vicepresidencia Sectorial de Obras P\u00fablicas y Servicios (VPSOPS) en la entidad llanera (Prensa MinAguas 03-12-2021).- El ministro del Poder Popular de Atenci\u00f3n de las Aguas, G\/D Rodolfo Marco Torres, encabez\u00f3 este viernes 3 de diciembre la inauguraci\u00f3n [&hellip;]<\/p>\n","protected":false},"author":28,"featured_media":1810,"comment_status":"open","ping_status":"open","sticky":false,"template":"","format":"standard","meta":{"footnotes":""},"categories":[1],"tags":[8],"class_list":["post-1809","post","type-post","status-publish","format-standard","has-post-thumbnail","hentry","category-noticias","tag-nacionales"],"_links":{"self":[{"href":"https:\/\/minaguas.gob.ve\/index.php?rest_route=\/wp\/v2\/posts\/1809","targetHints":{"allow":["GET"]}}],"collection":[{"href":"https:\/\/minaguas.gob.ve\/index.php?rest_route=\/wp\/v2\/posts"}],"about":[{"href":"https:\/\/minaguas.gob.ve\/index.php?rest_route=\/wp\/v2\/types\/post"}],"author":[{"embeddable":true,"href":"https:\/\/minaguas.gob.ve\/index.php?rest_route=\/wp\/v2\/users\/28"}],"replies":[{"embeddable":true,"href":"https:\/\/minaguas.gob.ve\/index.php?rest_route=%2Fwp%2Fv2%2Fcomments&post=1809"}],"version-history":[{"count":0,"href":"https:\/\/minaguas.gob.ve\/index.php?rest_route=\/wp\/v2\/posts\/1809\/revisions"}],"wp:featuredmedia":[{"embeddable":true,"href":"https:\/\/minaguas.gob.ve\/index.php?rest_route=\/wp\/v2\/media\/1810"}],"wp:attachment":[{"href":"https:\/\/minaguas.gob.ve\/index.php?rest_route=%2Fwp%2Fv2%2Fmedia&parent=1809"}],"wp:term":[{"taxonomy":"category","embeddable":true,"href":"https:\/\/minaguas.gob.ve\/index.php?rest_route=%2Fwp%2Fv2%2Fcategories&post=1809"},{"taxonomy":"post_tag","embeddable":true,"href":"https:\/\/minaguas.gob.ve\/index.php?rest_route=%2Fwp%2Fv2%2Ftags&post=1809"}],"curies":[{"name":"wp","href":"https:\/\/api.w.org\/{rel}","templated":true}]}}