{"id":17519,"date":"2026-09-05T20:30:09","date_gmt":"2026-09-06T00:30:09","guid":{"rendered":"https:\/\/minaguas.gob.ve\/?p=17519"},"modified":"2026-09-05T20:30:09","modified_gmt":"2026-09-06T00:30:09","slug":"minaguas-optimiza-servicio-de-agua-potable-para-586-familias-en-yaracuy","status":"publish","type":"post","link":"https:\/\/minaguas.gob.ve\/?p=17519","title":{"rendered":"MinAguas optimiza servicio de agua potable para 586 familias en Yaracuy"},"content":{"rendered":"\n<p><em>Mediante la reactivaci\u00f3n del pozo profundo El Diamante<\/em><\/p>\n\n\n\n<p><strong>(Prensa Ministerio de las Aguas &#8211; 05-09-2026).-<\/strong> Mediante la reactivaci\u00f3n del pozo El Diamante, ubicado en el municipio Jos\u00e9 Antonio P\u00e1ez en el estado Yaracuy, 630 familias de 3 sectores son atendidas con el servicio de agua potable, gracias a las pol\u00edticas de servicio p\u00fablico emanadas por la presidenta encargada Delcy Rodr\u00edguez a trav\u00e9s del Ministerio del Poder Popular de las Agua (MinAguas).<\/p>\n\n\n\n<p>Los trabajos incluyeron la instalaci\u00f3n de motor 25 HP y verificaci\u00f3n de par\u00e1metros el\u00e9ctricos en el tablero de control, dicha obra subterr\u00e1nea gener\u00f3 un caudal de 12 litros por segundo, optimizando la distribuci\u00f3n del vital l\u00edquido a los habitantes.<\/p>\n\n\n\n<p>Por su parte, el vocero de la Mesa T\u00e9cnica de Agua, Juan Ortiz, manifest\u00f3 que estas acciones representan mayor continuidad en el servicio de agua potable, permitiendo ciclos del agua m\u00e1s constante, \u201cGracias al Gobierno Bolivariano por reactivar esta infraestructura para la atenci\u00f3n de las familias, estamos satisfecho por la respuesta inmediata\u201d.<\/p>\n\n\n\n<p>\u200eDe esta manera, MinAguas a trav\u00e9s de Hidroven y en articulaci\u00f3n con la Alcald\u00eda de la jurisdicci\u00f3n, avanza con el compromiso de fortalecer en el territorio los sistemas h\u00eddricos, garantizando el bienestar de las familias, mediante obras que generen felicidad al pueblo.<\/p>\n\n\n\n<figure class=\"wp-block-gallery has-nested-images columns-default is-cropped wp-block-gallery-1 is-layout-flex wp-block-gallery-is-layout-flex\">\n<figure class=\"wp-block-image size-large\"><img loading=\"lazy\" decoding=\"async\" width=\"1024\" height=\"450\" data-id=\"17521\" src=\"https:\/\/minaguas.gob.ve\/wp-content\/uploads\/2026\/09\/WhatsApp-Image-2026-09-05-at-4.39.39-PM-1024x450.jpeg\" alt=\"\" class=\"wp-image-17521\" srcset=\"https:\/\/minaguas.gob.ve\/wp-content\/uploads\/2026\/09\/WhatsApp-Image-2026-09-05-at-4.39.39-PM-1024x450.jpeg 1024w, https:\/\/minaguas.gob.ve\/wp-content\/uploads\/2026\/09\/WhatsApp-Image-2026-09-05-at-4.39.39-PM-300x132.jpeg 300w, https:\/\/minaguas.gob.ve\/wp-content\/uploads\/2026\/09\/WhatsApp-Image-2026-09-05-at-4.39.39-PM-768x337.jpeg 768w, https:\/\/minaguas.gob.ve\/wp-content\/uploads\/2026\/09\/WhatsApp-Image-2026-09-05-at-4.39.39-PM-1536x674.jpeg 1536w, https:\/\/minaguas.gob.ve\/wp-content\/uploads\/2026\/09\/WhatsApp-Image-2026-09-05-at-4.39.39-PM-2048x899.jpeg 2048w\" sizes=\"auto, (max-width: 1024px) 100vw, 1024px\" \/><\/figure>\n<\/figure>\n\n\n\n<p><\/p>\n","protected":false},"excerpt":{"rendered":"<p>Mediante la reactivaci\u00f3n del pozo profundo El Diamante (Prensa Ministerio de las Aguas &#8211; 05-09-2026).- Mediante la reactivaci\u00f3n del pozo El Diamante, ubicado en el municipio Jos\u00e9 Antonio P\u00e1ez en el estado Yaracuy, 630 familias de 3 sectores son atendidas con el servicio de agua potable, gracias a las pol\u00edticas de servicio p\u00fablico emanadas por [&hellip;]<\/p>\n","protected":false},"author":27,"featured_media":17521,"comment_status":"closed","ping_status":"open","sticky":false,"template":"","format":"standard","meta":{"footnotes":""},"categories":[1],"tags":[45],"class_list":["post-17519","post","type-post","status-publish","format-standard","has-post-thumbnail","hentry","category-noticias","tag-regionales"],"_links":{"self":[{"href":"https:\/\/minaguas.gob.ve\/index.php?rest_route=\/wp\/v2\/posts\/17519","targetHints":{"allow":["GET"]}}],"collection":[{"href":"https:\/\/minaguas.gob.ve\/index.php?rest_route=\/wp\/v2\/posts"}],"about":[{"href":"https:\/\/minaguas.gob.ve\/index.php?rest_route=\/wp\/v2\/types\/post"}],"author":[{"embeddable":true,"href":"https:\/\/minaguas.gob.ve\/index.php?rest_route=\/wp\/v2\/users\/27"}],"replies":[{"embeddable":true,"href":"https:\/\/minaguas.gob.ve\/index.php?rest_route=%2Fwp%2Fv2%2Fcomments&post=17519"}],"version-history":[{"count":1,"href":"https:\/\/minaguas.gob.ve\/index.php?rest_route=\/wp\/v2\/posts\/17519\/revisions"}],"predecessor-version":[{"id":17522,"href":"https:\/\/minaguas.gob.ve\/index.php?rest_route=\/wp\/v2\/posts\/17519\/revisions\/17522"}],"wp:featuredmedia":[{"embeddable":true,"href":"https:\/\/minaguas.gob.ve\/index.php?rest_route=\/wp\/v2\/media\/17521"}],"wp:attachment":[{"href":"https:\/\/minaguas.gob.ve\/index.php?rest_route=%2Fwp%2Fv2%2Fmedia&parent=17519"}],"wp:term":[{"taxonomy":"category","embeddable":true,"href":"https:\/\/minaguas.gob.ve\/index.php?rest_route=%2Fwp%2Fv2%2Fcategories&post=17519"},{"taxonomy":"post_tag","embeddable":true,"href":"https:\/\/minaguas.gob.ve\/index.php?rest_route=%2Fwp%2Fv2%2Ftags&post=17519"}],"curies":[{"name":"wp","href":"https:\/\/api.w.org\/{rel}","templated":true}]}}