{"id":17484,"date":"2026-09-04T14:56:41","date_gmt":"2026-09-04T18:56:41","guid":{"rendered":"https:\/\/minaguas.gob.ve\/?p=17484"},"modified":"2026-09-04T14:56:41","modified_gmt":"2026-09-04T18:56:41","slug":"gobierno-bolivariano-supervisa-avance-de-obras-hidricas-en-la-costa-oriental-falconiana","status":"publish","type":"post","link":"https:\/\/minaguas.gob.ve\/?p=17484","title":{"rendered":"Gobierno Bolivariano supervisa avance de obras h\u00eddricas en la costa oriental falconiana"},"content":{"rendered":"\n<p>Las autoridades verificaron dos proyectos de infraestructura h\u00eddrica que atender\u00e1n a m\u00e1s de 1.100 familias de las comunas Alfonso Moreno y Mar\u00eda Lasta<\/p>\n\n\n\n<p>(Prensa Ministerio de las Aguas &#8211; 03-09-2026). En una jornada de trabajo mancomunado entre Hidroven y la Alcald\u00eda del municipio P\u00edritu, se realiz\u00f3 un recorrido t\u00e9cnico por las principales infraestructuras h\u00eddricas de la costa oriental del estado Falc\u00f3n.<\/p>\n\n\n\n<p>La supervisi\u00f3n permiti\u00f3 constatar el avance del plan de abordaje integral que transformar\u00e1 el sistema de distribuci\u00f3n de agua en las comunidades de la Comuna Socialista Alfonso Moreno y sectores aleda\u00f1os.<\/p>\n\n\n\n<p>Durante la inspecci\u00f3n en el tanque Guamacho, se dio a conocer la incorporaci\u00f3n de una nueva estaci\u00f3n de bombeo que garantizar\u00e1 un suministro de agua estable para 534 familias de la Comuna Socialista Alfonso Moreno. La obra permitir\u00e1 mejorar el servicio en la zona.<\/p>\n\n\n\n<p>Asimismo, en la estaci\u00f3n de bombeo El Corozo, se evalu\u00f3 la operatividad y estructura con el prop\u00f3sito de levantar un proyecto de mejora integral en el sistema de conducci\u00f3n de 45 kil\u00f3metros, que incluye la instalaci\u00f3n de tuber\u00edas PEAD de 6 pulgadas, lo que permitir\u00e1 recuperar el caudal h\u00eddrico y regularizar tomas de uso no conformes, optimizando la distribuci\u00f3n equitativa del vital l\u00edquido. Este segundo proyecto se atender\u00e1 de manera directa a 663 familias del casco Central de P\u00edritu y San Antonio, correspondientes a la Comuna Mar\u00eda Lasta.<\/p>\n\n\n\n<p>En el marco de esta gira de trabajo, tambi\u00e9n se revisaron los avances en la colocaci\u00f3n de 1.700 metros de aducci\u00f3n en el tramo Corozo &#8211; P\u00edritu, con 700 metros de tuber\u00eda PEAD de 6 pulgadas y 1.000 metros de 8 pulgadas. Si bien restan 300 metros por empalmar para culminar esta fase, las autoridades destacaron que los trabajos marchan a buen ritmo y se mantiene el compromiso de finalizar esta importante obra en el menor tiempo posible, lo que representa un salto cualitativo en la infraestructura h\u00eddrica regional.<\/p>\n\n\n\n<p>Estas acciones se enmarcan en las pol\u00edticas p\u00fablicas de atenci\u00f3n integral impulsadas por la presidenta encargada Delcy Rodr\u00edguez, quien ha priorizado la inversi\u00f3n social en los proyectos de consulta popular como eje central del nuevo sistema de gobierno comunal. Su visi\u00f3n de participaci\u00f3n ciudadana ha permitido que obras como estas reciban el respaldo t\u00e9cnico y financiero del Gobierno nacional, a trav\u00e9s de Hidroven, garantizando que el agua potable llegue como un derecho conquistado a cada rinc\u00f3n del estado Falc\u00f3n.<\/p>\n\n\n\n<figure class=\"wp-block-gallery has-nested-images columns-default is-cropped wp-block-gallery-1 is-layout-flex wp-block-gallery-is-layout-flex\">\n<figure class=\"wp-block-image size-large\"><img loading=\"lazy\" decoding=\"async\" width=\"1024\" height=\"768\" data-id=\"17491\" src=\"https:\/\/minaguas.gob.ve\/wp-content\/uploads\/2026\/09\/WhatsApp-Image-2026-09-03-at-9.55.48-PM-1-1024x768.jpeg\" alt=\"\" class=\"wp-image-17491\" srcset=\"https:\/\/minaguas.gob.ve\/wp-content\/uploads\/2026\/09\/WhatsApp-Image-2026-09-03-at-9.55.48-PM-1-1024x768.jpeg 1024w, https:\/\/minaguas.gob.ve\/wp-content\/uploads\/2026\/09\/WhatsApp-Image-2026-09-03-at-9.55.48-PM-1-300x225.jpeg 300w, https:\/\/minaguas.gob.ve\/wp-content\/uploads\/2026\/09\/WhatsApp-Image-2026-09-03-at-9.55.48-PM-1-768x576.jpeg 768w, https:\/\/minaguas.gob.ve\/wp-content\/uploads\/2026\/09\/WhatsApp-Image-2026-09-03-at-9.55.48-PM-1-1536x1152.jpeg 1536w, https:\/\/minaguas.gob.ve\/wp-content\/uploads\/2026\/09\/WhatsApp-Image-2026-09-03-at-9.55.48-PM-1-2048x1536.jpeg 2048w\" sizes=\"auto, (max-width: 1024px) 100vw, 1024px\" \/><\/figure>\n\n\n\n<figure class=\"wp-block-image size-large\"><img loading=\"lazy\" decoding=\"async\" width=\"1024\" height=\"768\" data-id=\"17492\" src=\"https:\/\/minaguas.gob.ve\/wp-content\/uploads\/2026\/09\/WhatsApp-Image-2026-09-03-at-9.55.48-PM-1024x768.jpeg\" alt=\"\" class=\"wp-image-17492\" srcset=\"https:\/\/minaguas.gob.ve\/wp-content\/uploads\/2026\/09\/WhatsApp-Image-2026-09-03-at-9.55.48-PM-1024x768.jpeg 1024w, https:\/\/minaguas.gob.ve\/wp-content\/uploads\/2026\/09\/WhatsApp-Image-2026-09-03-at-9.55.48-PM-300x225.jpeg 300w, https:\/\/minaguas.gob.ve\/wp-content\/uploads\/2026\/09\/WhatsApp-Image-2026-09-03-at-9.55.48-PM-768x576.jpeg 768w, https:\/\/minaguas.gob.ve\/wp-content\/uploads\/2026\/09\/WhatsApp-Image-2026-09-03-at-9.55.48-PM-1536x1152.jpeg 1536w, https:\/\/minaguas.gob.ve\/wp-content\/uploads\/2026\/09\/WhatsApp-Image-2026-09-03-at-9.55.48-PM-2048x1536.jpeg 2048w\" sizes=\"auto, (max-width: 1024px) 100vw, 1024px\" \/><\/figure>\n\n\n\n<figure class=\"wp-block-image size-large\"><img loading=\"lazy\" decoding=\"async\" width=\"1024\" height=\"768\" data-id=\"17493\" src=\"https:\/\/minaguas.gob.ve\/wp-content\/uploads\/2026\/09\/WhatsApp-Image-2026-09-03-at-9.55.47-PM-1-1024x768.jpeg\" alt=\"\" class=\"wp-image-17493\" srcset=\"https:\/\/minaguas.gob.ve\/wp-content\/uploads\/2026\/09\/WhatsApp-Image-2026-09-03-at-9.55.47-PM-1-1024x768.jpeg 1024w, https:\/\/minaguas.gob.ve\/wp-content\/uploads\/2026\/09\/WhatsApp-Image-2026-09-03-at-9.55.47-PM-1-300x225.jpeg 300w, https:\/\/minaguas.gob.ve\/wp-content\/uploads\/2026\/09\/WhatsApp-Image-2026-09-03-at-9.55.47-PM-1-768x576.jpeg 768w, https:\/\/minaguas.gob.ve\/wp-content\/uploads\/2026\/09\/WhatsApp-Image-2026-09-03-at-9.55.47-PM-1-1536x1152.jpeg 1536w, https:\/\/minaguas.gob.ve\/wp-content\/uploads\/2026\/09\/WhatsApp-Image-2026-09-03-at-9.55.47-PM-1-2048x1536.jpeg 2048w\" sizes=\"auto, (max-width: 1024px) 100vw, 1024px\" \/><\/figure>\n<\/figure>\n","protected":false},"excerpt":{"rendered":"<p>Las autoridades verificaron dos proyectos de infraestructura h\u00eddrica que atender\u00e1n a m\u00e1s de 1.100 familias de las comunas Alfonso Moreno y Mar\u00eda Lasta (Prensa Ministerio de las Aguas &#8211; 03-09-2026). En una jornada de trabajo mancomunado entre Hidroven y la Alcald\u00eda del municipio P\u00edritu, se realiz\u00f3 un recorrido t\u00e9cnico por las principales infraestructuras h\u00eddricas de [&hellip;]<\/p>\n","protected":false},"author":27,"featured_media":17490,"comment_status":"closed","ping_status":"open","sticky":false,"template":"","format":"standard","meta":{"footnotes":""},"categories":[1],"tags":[42,152,45],"class_list":["post-17484","post","type-post","status-publish","format-standard","has-post-thumbnail","hentry","category-noticias","tag-agua-potable","tag-falcon","tag-regionales"],"_links":{"self":[{"href":"https:\/\/minaguas.gob.ve\/index.php?rest_route=\/wp\/v2\/posts\/17484","targetHints":{"allow":["GET"]}}],"collection":[{"href":"https:\/\/minaguas.gob.ve\/index.php?rest_route=\/wp\/v2\/posts"}],"about":[{"href":"https:\/\/minaguas.gob.ve\/index.php?rest_route=\/wp\/v2\/types\/post"}],"author":[{"embeddable":true,"href":"https:\/\/minaguas.gob.ve\/index.php?rest_route=\/wp\/v2\/users\/27"}],"replies":[{"embeddable":true,"href":"https:\/\/minaguas.gob.ve\/index.php?rest_route=%2Fwp%2Fv2%2Fcomments&post=17484"}],"version-history":[{"count":1,"href":"https:\/\/minaguas.gob.ve\/index.php?rest_route=\/wp\/v2\/posts\/17484\/revisions"}],"predecessor-version":[{"id":17494,"href":"https:\/\/minaguas.gob.ve\/index.php?rest_route=\/wp\/v2\/posts\/17484\/revisions\/17494"}],"wp:featuredmedia":[{"embeddable":true,"href":"https:\/\/minaguas.gob.ve\/index.php?rest_route=\/wp\/v2\/media\/17490"}],"wp:attachment":[{"href":"https:\/\/minaguas.gob.ve\/index.php?rest_route=%2Fwp%2Fv2%2Fmedia&parent=17484"}],"wp:term":[{"taxonomy":"category","embeddable":true,"href":"https:\/\/minaguas.gob.ve\/index.php?rest_route=%2Fwp%2Fv2%2Fcategories&post=17484"},{"taxonomy":"post_tag","embeddable":true,"href":"https:\/\/minaguas.gob.ve\/index.php?rest_route=%2Fwp%2Fv2%2Ftags&post=17484"}],"curies":[{"name":"wp","href":"https:\/\/api.w.org\/{rel}","templated":true}]}}