{"id":17475,"date":"2026-09-04T09:30:30","date_gmt":"2026-09-04T13:30:30","guid":{"rendered":"https:\/\/minaguas.gob.ve\/?p=17475"},"modified":"2026-09-04T09:30:30","modified_gmt":"2026-09-04T13:30:30","slug":"garantizan-agua-potable-a-mas-de-2-900-familias-en-falcon","status":"publish","type":"post","link":"https:\/\/minaguas.gob.ve\/?p=17475","title":{"rendered":"Garantizan agua potable a m\u00e1s de 2.900 familias en Falc\u00f3n"},"content":{"rendered":"\n<p><em>Los trabajos atienden ocho sectores del municipio Colina<\/em><\/p>\n\n\n\n<p><strong>(Prensa Ministerio de las Aguas &#8211; 04-09-2026).\u2013 <\/strong>En el marco de las pol\u00edticas de atenci\u00f3n integral impulsadas por la presidenta encargada Delcy Rodr\u00edguez a trav\u00e9s del Ministerio del Poder Popular de las Aguas (MinAguas) se ejecutaron trabajos de optimizaci\u00f3n del sistema de distribuci\u00f3n de agua potable en la comuna Ecosocialista Jardines de Sabana Larga, atendiendo directamente a 2.953 familias de 8 sectores populares del municipio Colina, estado Falc\u00f3n.<\/p>\n\n\n\n<p>Las labores t\u00e9cnicas, desarrolladas en articulaci\u00f3n entre la Hidrol\u00f3gica de Venezuela (Hidroven) y la Alcald\u00eda del municipio Colina, consistieron en el empalme de una tuber\u00eda de 4 pulgadas a la red principal de 16 pulgadas, con la instalaci\u00f3n de una v\u00e1lvula del mismo di\u00e1metro. Esta intervenci\u00f3n permite regular el flujo h\u00eddrico y garantizar mayor presi\u00f3n y caudal en las viviendas de las comunidades aleda\u00f1as, cumpliendo con el compromiso del Gobierno Nacional de llevar el agua a cada rinc\u00f3n del territorio patrio.<\/p>\n\n\n\n<p>Los trabajos atienden de manera directa a los siguientes sectores del municipio Colina:<\/p>\n\n\n\n<p>\u00b7 Sabana Larga Este I<br>\u00b7 Sabana Larga Este II<br>\u00b7 Sabana Larga Este III<br>\u00b7 Sabana Larga Oeste I<br>\u00b7 Sabana Larga Oeste II<br>\u00b7 Las Malvinas<br>\u00b7 Las Brisas<br>\u00b7 Carrizalito<\/p>\n\n\n\n<p>En total, la intervenci\u00f3n alcanza a 2.864 viviendas, que albergan a 2.953 familias y una poblaci\u00f3n aproximada de 9.247 habitantes, quienes cuentan con un suministro m\u00e1s estable y confiable del vital l\u00edquido, en cumplimiento del quinto objetivo hist\u00f3rico del Plan de la Patria.<\/p>\n\n\n\n<p>La vocera Mireya Hern\u00e1ndez, indic\u00f3: \u00abEsto es una victoria del pueblo organizado. Gracias a la Consulta Popular y al apoyo de la presidenta encargada Delcy Rodr\u00edguez, hoy podemos decir que el agua llega con m\u00e1s fuerza a nuestras casas. La revoluci\u00f3n no solo promete, cumple\u00bb.<\/p>\n\n\n\n<p>Estas acciones, enmarcadas en el plan de mantenimiento y rehabilitaci\u00f3n del sistema hidr\u00e1ulico que adelanta el Equipo Multidisciplinario del Agua refleja la efectividad de la articulaci\u00f3n entre el Poder Popular organizado, la Gobernaci\u00f3n de Falc\u00f3n y la Alcald\u00eda de Colina para dar respuestas concretas a las necesidades del pueblo.<\/p>\n\n\n\n<p>MinAguas reafirma su compromiso con la garant\u00eda del derecho humano al agua, trabajando incansablemente en el mantenimiento, rehabilitaci\u00f3n y optimizaci\u00f3n de los sistemas h\u00eddricos que abastecen a las poblaciones m\u00e1s vulnerables del pa\u00eds, consolidando as\u00ed el legado del comandante Hugo Ch\u00e1vez.<\/p>\n\n\n\n<p>Con estas acciones, el Gobierno Bolivariano demuestra que la participaci\u00f3n popular y la inversi\u00f3n en infraestructura h\u00eddrica son pilares fundamentales para la construcci\u00f3n del estado comunal y el bienestar colectivo.<\/p>\n\n\n\n<figure class=\"wp-block-gallery has-nested-images columns-default is-cropped wp-block-gallery-1 is-layout-flex wp-block-gallery-is-layout-flex\">\n<figure class=\"wp-block-image size-large\"><img loading=\"lazy\" decoding=\"async\" width=\"1024\" height=\"768\" data-id=\"17478\" src=\"https:\/\/minaguas.gob.ve\/wp-content\/uploads\/2026\/09\/WhatsApp-Image-2026-09-03-at-3.47.57-PM-4-1024x768.jpeg\" alt=\"\" class=\"wp-image-17478\" srcset=\"https:\/\/minaguas.gob.ve\/wp-content\/uploads\/2026\/09\/WhatsApp-Image-2026-09-03-at-3.47.57-PM-4-1024x768.jpeg 1024w, https:\/\/minaguas.gob.ve\/wp-content\/uploads\/2026\/09\/WhatsApp-Image-2026-09-03-at-3.47.57-PM-4-300x225.jpeg 300w, https:\/\/minaguas.gob.ve\/wp-content\/uploads\/2026\/09\/WhatsApp-Image-2026-09-03-at-3.47.57-PM-4-768x576.jpeg 768w, https:\/\/minaguas.gob.ve\/wp-content\/uploads\/2026\/09\/WhatsApp-Image-2026-09-03-at-3.47.57-PM-4.jpeg 1080w\" sizes=\"auto, (max-width: 1024px) 100vw, 1024px\" \/><\/figure>\n\n\n\n<figure class=\"wp-block-image size-large\"><img loading=\"lazy\" decoding=\"async\" width=\"1024\" height=\"768\" data-id=\"17479\" src=\"https:\/\/minaguas.gob.ve\/wp-content\/uploads\/2026\/09\/WhatsApp-Image-2026-09-03-at-3.47.57-PM-3-1024x768.jpeg\" alt=\"\" class=\"wp-image-17479\" srcset=\"https:\/\/minaguas.gob.ve\/wp-content\/uploads\/2026\/09\/WhatsApp-Image-2026-09-03-at-3.47.57-PM-3-1024x768.jpeg 1024w, https:\/\/minaguas.gob.ve\/wp-content\/uploads\/2026\/09\/WhatsApp-Image-2026-09-03-at-3.47.57-PM-3-300x225.jpeg 300w, https:\/\/minaguas.gob.ve\/wp-content\/uploads\/2026\/09\/WhatsApp-Image-2026-09-03-at-3.47.57-PM-3-768x576.jpeg 768w, https:\/\/minaguas.gob.ve\/wp-content\/uploads\/2026\/09\/WhatsApp-Image-2026-09-03-at-3.47.57-PM-3.jpeg 1080w\" sizes=\"auto, (max-width: 1024px) 100vw, 1024px\" \/><\/figure>\n\n\n\n<figure class=\"wp-block-image size-large\"><img loading=\"lazy\" decoding=\"async\" width=\"1024\" height=\"768\" data-id=\"17482\" src=\"https:\/\/minaguas.gob.ve\/wp-content\/uploads\/2026\/09\/WhatsApp-Image-2026-09-03-at-3.47.57-PM-2-1024x768.jpeg\" alt=\"\" class=\"wp-image-17482\" srcset=\"https:\/\/minaguas.gob.ve\/wp-content\/uploads\/2026\/09\/WhatsApp-Image-2026-09-03-at-3.47.57-PM-2-1024x768.jpeg 1024w, https:\/\/minaguas.gob.ve\/wp-content\/uploads\/2026\/09\/WhatsApp-Image-2026-09-03-at-3.47.57-PM-2-300x225.jpeg 300w, https:\/\/minaguas.gob.ve\/wp-content\/uploads\/2026\/09\/WhatsApp-Image-2026-09-03-at-3.47.57-PM-2-768x576.jpeg 768w, https:\/\/minaguas.gob.ve\/wp-content\/uploads\/2026\/09\/WhatsApp-Image-2026-09-03-at-3.47.57-PM-2.jpeg 1080w\" sizes=\"auto, (max-width: 1024px) 100vw, 1024px\" \/><\/figure>\n\n\n\n<figure class=\"wp-block-image size-large\"><img loading=\"lazy\" decoding=\"async\" width=\"1024\" height=\"768\" data-id=\"17477\" src=\"https:\/\/minaguas.gob.ve\/wp-content\/uploads\/2026\/09\/WhatsApp-Image-2026-09-03-at-3.47.57-PM-1-1024x768.jpeg\" alt=\"\" class=\"wp-image-17477\" srcset=\"https:\/\/minaguas.gob.ve\/wp-content\/uploads\/2026\/09\/WhatsApp-Image-2026-09-03-at-3.47.57-PM-1-1024x768.jpeg 1024w, https:\/\/minaguas.gob.ve\/wp-content\/uploads\/2026\/09\/WhatsApp-Image-2026-09-03-at-3.47.57-PM-1-300x225.jpeg 300w, https:\/\/minaguas.gob.ve\/wp-content\/uploads\/2026\/09\/WhatsApp-Image-2026-09-03-at-3.47.57-PM-1-768x576.jpeg 768w, https:\/\/minaguas.gob.ve\/wp-content\/uploads\/2026\/09\/WhatsApp-Image-2026-09-03-at-3.47.57-PM-1.jpeg 1080w\" sizes=\"auto, (max-width: 1024px) 100vw, 1024px\" \/><\/figure>\n\n\n\n<figure class=\"wp-block-image size-large\"><img loading=\"lazy\" decoding=\"async\" width=\"1024\" height=\"768\" data-id=\"17481\" src=\"https:\/\/minaguas.gob.ve\/wp-content\/uploads\/2026\/09\/WhatsApp-Image-2026-09-03-at-3.47.56-PM-1024x768.jpeg\" alt=\"\" class=\"wp-image-17481\" srcset=\"https:\/\/minaguas.gob.ve\/wp-content\/uploads\/2026\/09\/WhatsApp-Image-2026-09-03-at-3.47.56-PM-1024x768.jpeg 1024w, https:\/\/minaguas.gob.ve\/wp-content\/uploads\/2026\/09\/WhatsApp-Image-2026-09-03-at-3.47.56-PM-300x225.jpeg 300w, https:\/\/minaguas.gob.ve\/wp-content\/uploads\/2026\/09\/WhatsApp-Image-2026-09-03-at-3.47.56-PM-768x576.jpeg 768w, https:\/\/minaguas.gob.ve\/wp-content\/uploads\/2026\/09\/WhatsApp-Image-2026-09-03-at-3.47.56-PM.jpeg 1080w\" sizes=\"auto, (max-width: 1024px) 100vw, 1024px\" \/><\/figure>\n<\/figure>\n","protected":false},"excerpt":{"rendered":"<p>Los trabajos atienden ocho sectores del municipio Colina (Prensa Ministerio de las Aguas &#8211; 04-09-2026).\u2013 En el marco de las pol\u00edticas de atenci\u00f3n integral impulsadas por la presidenta encargada Delcy Rodr\u00edguez a trav\u00e9s del Ministerio del Poder Popular de las Aguas (MinAguas) se ejecutaron trabajos de optimizaci\u00f3n del sistema de distribuci\u00f3n de agua potable en [&hellip;]<\/p>\n","protected":false},"author":27,"featured_media":17480,"comment_status":"closed","ping_status":"open","sticky":false,"template":"","format":"standard","meta":{"footnotes":""},"categories":[1],"tags":[42,152,45],"class_list":["post-17475","post","type-post","status-publish","format-standard","has-post-thumbnail","hentry","category-noticias","tag-agua-potable","tag-falcon","tag-regionales"],"_links":{"self":[{"href":"https:\/\/minaguas.gob.ve\/index.php?rest_route=\/wp\/v2\/posts\/17475","targetHints":{"allow":["GET"]}}],"collection":[{"href":"https:\/\/minaguas.gob.ve\/index.php?rest_route=\/wp\/v2\/posts"}],"about":[{"href":"https:\/\/minaguas.gob.ve\/index.php?rest_route=\/wp\/v2\/types\/post"}],"author":[{"embeddable":true,"href":"https:\/\/minaguas.gob.ve\/index.php?rest_route=\/wp\/v2\/users\/27"}],"replies":[{"embeddable":true,"href":"https:\/\/minaguas.gob.ve\/index.php?rest_route=%2Fwp%2Fv2%2Fcomments&post=17475"}],"version-history":[{"count":1,"href":"https:\/\/minaguas.gob.ve\/index.php?rest_route=\/wp\/v2\/posts\/17475\/revisions"}],"predecessor-version":[{"id":17483,"href":"https:\/\/minaguas.gob.ve\/index.php?rest_route=\/wp\/v2\/posts\/17475\/revisions\/17483"}],"wp:featuredmedia":[{"embeddable":true,"href":"https:\/\/minaguas.gob.ve\/index.php?rest_route=\/wp\/v2\/media\/17480"}],"wp:attachment":[{"href":"https:\/\/minaguas.gob.ve\/index.php?rest_route=%2Fwp%2Fv2%2Fmedia&parent=17475"}],"wp:term":[{"taxonomy":"category","embeddable":true,"href":"https:\/\/minaguas.gob.ve\/index.php?rest_route=%2Fwp%2Fv2%2Fcategories&post=17475"},{"taxonomy":"post_tag","embeddable":true,"href":"https:\/\/minaguas.gob.ve\/index.php?rest_route=%2Fwp%2Fv2%2Ftags&post=17475"}],"curies":[{"name":"wp","href":"https:\/\/api.w.org\/{rel}","templated":true}]}}