{"id":17465,"date":"2026-09-04T09:18:53","date_gmt":"2026-09-04T13:18:53","guid":{"rendered":"https:\/\/minaguas.gob.ve\/?p=17465"},"modified":"2026-09-04T09:20:20","modified_gmt":"2026-09-04T13:20:20","slug":"minaguas-ejecuta-adecuaciones-tecnicas-en-el-dique-curtidor-para-garantizar-el-servicio-en-el-estado-aragua","status":"publish","type":"post","link":"https:\/\/minaguas.gob.ve\/?p=17465","title":{"rendered":"MinAguas ejecuta adecuaciones t\u00e9cnicas en el Dique Curtidor para garantizar el servicio en el estado Aragua"},"content":{"rendered":"\n<p><em>M\u00e1s de 30 trabajadores de Hidroven realizaron esta labor que impact\u00f3 directamente a m\u00e1s de 6 mil familias<\/em><\/p>\n\n\n\n<p><strong>(Prensa Ministerio de las Aguas &#8211; 04-09-2026).\u2013 <\/strong> En el marco del plan de acci\u00f3n activado ante el fen\u00f3meno clim\u00e1tico y las intensas precipitaciones registradas en el pa\u00eds, el Ministerio del Poder Popular de las Aguas, mediante el Equipo Multidisciplinario del Agua, ejecut\u00f3 importantes labores de reparaci\u00f3n y reacondicionamiento en el Dique Curtidor de Captaci\u00f3n, ubicado en el estado Aragua, infraestructura que abastece a la Planta Potabilizadora Pie de Cerro, asegurando as\u00ed la continuidad del recurso h\u00eddrico para 6 mil familias del municipio Jos\u00e9 F\u00e9lix Ribas.<\/p>\n\n\n\n<p>La contingencia originada por las lluvias fue atendida mediante el despliegue de m\u00e1s de 30 trabajadores, maquinaria pesada tipo jumbo y el equipamiento t\u00e9cnico necesario. Estas maniobras permitieron solventar el socavamiento en la estructura y mantener la estabilidad del sistema, garantizando la operatividad en atenci\u00f3n a los sectores Casco Central de La Victoria, Centro Norte, Urbanizaci\u00f3n Bol\u00edvar Norte, Parategueno, La Pipotera, La Quebrada, Sur de La Victoria, parte del Casco Este, La Otra Banda, Sarayauta y el eje de la carretera La Victoria-Pie de Cerro.<\/p>\n\n\n\n<p>Frente a las fuertes precipitaciones, los trabajadores se desplegaron de forma inmediata para efectuar las adecuaciones necesarias en la infraestructura. El esfuerzo conjunto y las labores ininterrumpidas del equipo permitieron resolver la afectaci\u00f3n en la estructura del dique, preservando el flujo h\u00eddrico hacia la planta potabilizadora y resguardando el bienestar de la poblaci\u00f3n.<\/p>\n\n\n\n<p>Por su parte, el representante del Vivero Campesino de Pozo Azul, comunidad aleda\u00f1a a la infraestructura, Rolando Herrero, valor\u00f3 el impacto positivo de estos trabajos al manifestar que \u00abevidentemente el r\u00edo es la vida de la producci\u00f3n agr\u00edcola y pecuaria de la zona, porque es nuestro recurso vital para la producci\u00f3n\u00bb.<\/p>\n\n\n\n<p>Estos trabajos cumplen con los lineamientos de la presidenta encargada Delcy Rodr\u00edguez, de mejorar los servicios p\u00fablicos en todo el territorio nacional.<\/p>\n\n\n\n<figure class=\"wp-block-gallery has-nested-images columns-default is-cropped wp-block-gallery-1 is-layout-flex wp-block-gallery-is-layout-flex\">\n<figure class=\"wp-block-image size-large\"><img loading=\"lazy\" decoding=\"async\" width=\"1024\" height=\"574\" data-id=\"17466\" src=\"https:\/\/minaguas.gob.ve\/wp-content\/uploads\/2026\/09\/WhatsApp-Image-2026-09-03-at-11.53.10-AM-1024x574.jpeg\" alt=\"\" class=\"wp-image-17466\" srcset=\"https:\/\/minaguas.gob.ve\/wp-content\/uploads\/2026\/09\/WhatsApp-Image-2026-09-03-at-11.53.10-AM-1024x574.jpeg 1024w, https:\/\/minaguas.gob.ve\/wp-content\/uploads\/2026\/09\/WhatsApp-Image-2026-09-03-at-11.53.10-AM-300x168.jpeg 300w, https:\/\/minaguas.gob.ve\/wp-content\/uploads\/2026\/09\/WhatsApp-Image-2026-09-03-at-11.53.10-AM-768x431.jpeg 768w, https:\/\/minaguas.gob.ve\/wp-content\/uploads\/2026\/09\/WhatsApp-Image-2026-09-03-at-11.53.10-AM.jpeg 1280w\" sizes=\"auto, (max-width: 1024px) 100vw, 1024px\" \/><\/figure>\n\n\n\n<figure class=\"wp-block-image size-large\"><img loading=\"lazy\" decoding=\"async\" width=\"1024\" height=\"574\" data-id=\"17469\" src=\"https:\/\/minaguas.gob.ve\/wp-content\/uploads\/2026\/09\/WhatsApp-Image-2026-09-03-at-11.53.08-AM-1024x574.jpeg\" alt=\"\" class=\"wp-image-17469\" srcset=\"https:\/\/minaguas.gob.ve\/wp-content\/uploads\/2026\/09\/WhatsApp-Image-2026-09-03-at-11.53.08-AM-1024x574.jpeg 1024w, https:\/\/minaguas.gob.ve\/wp-content\/uploads\/2026\/09\/WhatsApp-Image-2026-09-03-at-11.53.08-AM-300x168.jpeg 300w, https:\/\/minaguas.gob.ve\/wp-content\/uploads\/2026\/09\/WhatsApp-Image-2026-09-03-at-11.53.08-AM-768x431.jpeg 768w, https:\/\/minaguas.gob.ve\/wp-content\/uploads\/2026\/09\/WhatsApp-Image-2026-09-03-at-11.53.08-AM.jpeg 1280w\" sizes=\"auto, (max-width: 1024px) 100vw, 1024px\" \/><\/figure>\n\n\n\n<figure class=\"wp-block-image size-large\"><img loading=\"lazy\" decoding=\"async\" width=\"1024\" height=\"574\" data-id=\"17467\" src=\"https:\/\/minaguas.gob.ve\/wp-content\/uploads\/2026\/09\/WhatsApp-Image-2026-09-03-at-11.53.01-AM-1024x574.jpeg\" alt=\"\" class=\"wp-image-17467\" srcset=\"https:\/\/minaguas.gob.ve\/wp-content\/uploads\/2026\/09\/WhatsApp-Image-2026-09-03-at-11.53.01-AM-1024x574.jpeg 1024w, https:\/\/minaguas.gob.ve\/wp-content\/uploads\/2026\/09\/WhatsApp-Image-2026-09-03-at-11.53.01-AM-300x168.jpeg 300w, https:\/\/minaguas.gob.ve\/wp-content\/uploads\/2026\/09\/WhatsApp-Image-2026-09-03-at-11.53.01-AM-768x431.jpeg 768w, https:\/\/minaguas.gob.ve\/wp-content\/uploads\/2026\/09\/WhatsApp-Image-2026-09-03-at-11.53.01-AM.jpeg 1280w\" sizes=\"auto, (max-width: 1024px) 100vw, 1024px\" \/><\/figure>\n\n\n\n<figure class=\"wp-block-image size-large\"><img loading=\"lazy\" decoding=\"async\" width=\"1024\" height=\"574\" data-id=\"17471\" src=\"https:\/\/minaguas.gob.ve\/wp-content\/uploads\/2026\/09\/WhatsApp-Image-2026-09-03-at-11.53.00-AM-1024x574.jpeg\" alt=\"\" class=\"wp-image-17471\" srcset=\"https:\/\/minaguas.gob.ve\/wp-content\/uploads\/2026\/09\/WhatsApp-Image-2026-09-03-at-11.53.00-AM-1024x574.jpeg 1024w, https:\/\/minaguas.gob.ve\/wp-content\/uploads\/2026\/09\/WhatsApp-Image-2026-09-03-at-11.53.00-AM-300x168.jpeg 300w, https:\/\/minaguas.gob.ve\/wp-content\/uploads\/2026\/09\/WhatsApp-Image-2026-09-03-at-11.53.00-AM-768x431.jpeg 768w, https:\/\/minaguas.gob.ve\/wp-content\/uploads\/2026\/09\/WhatsApp-Image-2026-09-03-at-11.53.00-AM.jpeg 1280w\" sizes=\"auto, (max-width: 1024px) 100vw, 1024px\" \/><\/figure>\n\n\n\n<figure class=\"wp-block-image size-large\"><img loading=\"lazy\" decoding=\"async\" width=\"1024\" height=\"574\" data-id=\"17470\" src=\"https:\/\/minaguas.gob.ve\/wp-content\/uploads\/2026\/09\/WhatsApp-Image-2026-09-03-at-11.52.59-AM-1024x574.jpeg\" alt=\"\" class=\"wp-image-17470\" srcset=\"https:\/\/minaguas.gob.ve\/wp-content\/uploads\/2026\/09\/WhatsApp-Image-2026-09-03-at-11.52.59-AM-1024x574.jpeg 1024w, https:\/\/minaguas.gob.ve\/wp-content\/uploads\/2026\/09\/WhatsApp-Image-2026-09-03-at-11.52.59-AM-300x168.jpeg 300w, https:\/\/minaguas.gob.ve\/wp-content\/uploads\/2026\/09\/WhatsApp-Image-2026-09-03-at-11.52.59-AM-768x431.jpeg 768w, https:\/\/minaguas.gob.ve\/wp-content\/uploads\/2026\/09\/WhatsApp-Image-2026-09-03-at-11.52.59-AM.jpeg 1280w\" sizes=\"auto, (max-width: 1024px) 100vw, 1024px\" \/><\/figure>\n\n\n\n<figure class=\"wp-block-image size-large\"><img loading=\"lazy\" decoding=\"async\" width=\"1024\" height=\"574\" data-id=\"17472\" src=\"https:\/\/minaguas.gob.ve\/wp-content\/uploads\/2026\/09\/WhatsApp-Image-2026-09-03-at-11.52.57-AM-1024x574.jpeg\" alt=\"\" class=\"wp-image-17472\" srcset=\"https:\/\/minaguas.gob.ve\/wp-content\/uploads\/2026\/09\/WhatsApp-Image-2026-09-03-at-11.52.57-AM-1024x574.jpeg 1024w, https:\/\/minaguas.gob.ve\/wp-content\/uploads\/2026\/09\/WhatsApp-Image-2026-09-03-at-11.52.57-AM-300x168.jpeg 300w, https:\/\/minaguas.gob.ve\/wp-content\/uploads\/2026\/09\/WhatsApp-Image-2026-09-03-at-11.52.57-AM-768x431.jpeg 768w, https:\/\/minaguas.gob.ve\/wp-content\/uploads\/2026\/09\/WhatsApp-Image-2026-09-03-at-11.52.57-AM.jpeg 1280w\" sizes=\"auto, (max-width: 1024px) 100vw, 1024px\" \/><\/figure>\n<\/figure>\n","protected":false},"excerpt":{"rendered":"<p>M\u00e1s de 30 trabajadores de Hidroven realizaron esta labor que impact\u00f3 directamente a m\u00e1s de 6 mil familias (Prensa Ministerio de las Aguas &#8211; 04-09-2026).\u2013 En el marco del plan de acci\u00f3n activado ante el fen\u00f3meno clim\u00e1tico y las intensas precipitaciones registradas en el pa\u00eds, el Ministerio del Poder Popular de las Aguas, mediante el [&hellip;]<\/p>\n","protected":false},"author":27,"featured_media":17468,"comment_status":"closed","ping_status":"open","sticky":false,"template":"","format":"standard","meta":{"footnotes":""},"categories":[1],"tags":[42,39,254,45],"class_list":["post-17465","post","type-post","status-publish","format-standard","has-post-thumbnail","hentry","category-noticias","tag-agua-potable","tag-aragua","tag-equipo-multidisciplinario-del-agua","tag-regionales"],"_links":{"self":[{"href":"https:\/\/minaguas.gob.ve\/index.php?rest_route=\/wp\/v2\/posts\/17465","targetHints":{"allow":["GET"]}}],"collection":[{"href":"https:\/\/minaguas.gob.ve\/index.php?rest_route=\/wp\/v2\/posts"}],"about":[{"href":"https:\/\/minaguas.gob.ve\/index.php?rest_route=\/wp\/v2\/types\/post"}],"author":[{"embeddable":true,"href":"https:\/\/minaguas.gob.ve\/index.php?rest_route=\/wp\/v2\/users\/27"}],"replies":[{"embeddable":true,"href":"https:\/\/minaguas.gob.ve\/index.php?rest_route=%2Fwp%2Fv2%2Fcomments&post=17465"}],"version-history":[{"count":2,"href":"https:\/\/minaguas.gob.ve\/index.php?rest_route=\/wp\/v2\/posts\/17465\/revisions"}],"predecessor-version":[{"id":17476,"href":"https:\/\/minaguas.gob.ve\/index.php?rest_route=\/wp\/v2\/posts\/17465\/revisions\/17476"}],"wp:featuredmedia":[{"embeddable":true,"href":"https:\/\/minaguas.gob.ve\/index.php?rest_route=\/wp\/v2\/media\/17468"}],"wp:attachment":[{"href":"https:\/\/minaguas.gob.ve\/index.php?rest_route=%2Fwp%2Fv2%2Fmedia&parent=17465"}],"wp:term":[{"taxonomy":"category","embeddable":true,"href":"https:\/\/minaguas.gob.ve\/index.php?rest_route=%2Fwp%2Fv2%2Fcategories&post=17465"},{"taxonomy":"post_tag","embeddable":true,"href":"https:\/\/minaguas.gob.ve\/index.php?rest_route=%2Fwp%2Fv2%2Ftags&post=17465"}],"curies":[{"name":"wp","href":"https:\/\/api.w.org\/{rel}","templated":true}]}}