{"id":17458,"date":"2026-09-03T22:27:19","date_gmt":"2026-09-04T02:27:19","guid":{"rendered":"https:\/\/minaguas.gob.ve\/?p=17458"},"modified":"2026-09-03T22:27:19","modified_gmt":"2026-09-04T02:27:19","slug":"avanza-sustitucion-de-100-metros-de-tuberia-en-avenida-bolivar-de-valera","status":"publish","type":"post","link":"https:\/\/minaguas.gob.ve\/?p=17458","title":{"rendered":"Avanza sustituci\u00f3n de 100 metros de tuber\u00eda en avenida Bol\u00edvar de Valera"},"content":{"rendered":"\n<p><em>La obra de infraestructura impacta de manera directa a m\u00e1s de 60.000 familias del municipio.<\/em><\/p>\n\n\n\n<p><strong>(Prensa Ministerio de las Aguas &#8211; 03-09-2026). \u2013 <\/strong>Con el prop\u00f3sito de optimizar los servicios p\u00fablicos y fortalecer la red de distribuci\u00f3n del municipio Valera, en el estado Trujillo, el Ministerio del Poder Popular de las Aguas (MinAguas) lleva a cabo las labores de sustituci\u00f3n de tuber\u00eda en una de las arterias viales m\u00e1s importantes de la localidad.<\/p>\n\n\n\n<p>Las labores contemplan el reemplazo e instalaci\u00f3n de 100 metros lineales de tuber\u00eda de 26 pulgadas de di\u00e1metro, acci\u00f3n clave para asegurar la durabilidad y eficiencia del sistema.<\/p>\n\n\n\n<p>El despliegue operativo tiene lugar en el municipio Valera, parroquia Mercedes D\u00edaz, espec\u00edficamente en el sector Avenida Bol\u00edvar, entre calles 20 y 21. Esta intervenci\u00f3n t\u00e9cnica responde de forma directa a las necesidades de 60.000 familias de la zona, quienes se ver\u00e1n favorecidas con la optimizaci\u00f3n de este importante tramo.<\/p>\n\n\n\n<p>El Equipo Multidisciplinario del Agua encargado de la obra mantiene el compromiso de avanzar con rigurosidad y profesionalismo, cumpliendo con los est\u00e1ndares requeridos para minimizar las afectaciones temporales en la cotidianidad de los habitantes y transe\u00fantes de este concurrido sector valerano.<\/p>\n\n\n\n<p>Con este tipo de acciones orientadas al mantenimiento y modernizaci\u00f3n de los servicios b\u00e1sicos, el Gobierno nacional consolida una respuesta oportuna para el bienestar social y la infraestructura urbana del municipio Valera.<\/p>\n\n\n\n<figure class=\"wp-block-gallery has-nested-images columns-default is-cropped wp-block-gallery-1 is-layout-flex wp-block-gallery-is-layout-flex\">\n<figure class=\"wp-block-image size-large\"><img loading=\"lazy\" decoding=\"async\" width=\"1024\" height=\"768\" data-id=\"17461\" src=\"https:\/\/minaguas.gob.ve\/wp-content\/uploads\/2026\/09\/WhatsApp-Image-2026-09-03-at-11.28.02-AM-2-1024x768.jpeg\" alt=\"\" class=\"wp-image-17461\" srcset=\"https:\/\/minaguas.gob.ve\/wp-content\/uploads\/2026\/09\/WhatsApp-Image-2026-09-03-at-11.28.02-AM-2-1024x768.jpeg 1024w, https:\/\/minaguas.gob.ve\/wp-content\/uploads\/2026\/09\/WhatsApp-Image-2026-09-03-at-11.28.02-AM-2-300x225.jpeg 300w, https:\/\/minaguas.gob.ve\/wp-content\/uploads\/2026\/09\/WhatsApp-Image-2026-09-03-at-11.28.02-AM-2-768x576.jpeg 768w, https:\/\/minaguas.gob.ve\/wp-content\/uploads\/2026\/09\/WhatsApp-Image-2026-09-03-at-11.28.02-AM-2.jpeg 1195w\" sizes=\"auto, (max-width: 1024px) 100vw, 1024px\" \/><\/figure>\n\n\n\n<figure class=\"wp-block-image size-large\"><img loading=\"lazy\" decoding=\"async\" width=\"768\" height=\"1024\" data-id=\"17462\" src=\"https:\/\/minaguas.gob.ve\/wp-content\/uploads\/2026\/09\/WhatsApp-Image-2026-09-03-at-11.28.02-AM-3-768x1024.jpeg\" alt=\"\" class=\"wp-image-17462\" srcset=\"https:\/\/minaguas.gob.ve\/wp-content\/uploads\/2026\/09\/WhatsApp-Image-2026-09-03-at-11.28.02-AM-3-768x1024.jpeg 768w, https:\/\/minaguas.gob.ve\/wp-content\/uploads\/2026\/09\/WhatsApp-Image-2026-09-03-at-11.28.02-AM-3-225x300.jpeg 225w, https:\/\/minaguas.gob.ve\/wp-content\/uploads\/2026\/09\/WhatsApp-Image-2026-09-03-at-11.28.02-AM-3.jpeg 896w\" sizes=\"auto, (max-width: 768px) 100vw, 768px\" \/><\/figure>\n\n\n\n<figure class=\"wp-block-image size-large\"><img loading=\"lazy\" decoding=\"async\" width=\"768\" height=\"1024\" data-id=\"17463\" src=\"https:\/\/minaguas.gob.ve\/wp-content\/uploads\/2026\/09\/WhatsApp-Image-2026-09-03-at-11.28.03-AM-768x1024.jpeg\" alt=\"\" class=\"wp-image-17463\" srcset=\"https:\/\/minaguas.gob.ve\/wp-content\/uploads\/2026\/09\/WhatsApp-Image-2026-09-03-at-11.28.03-AM-768x1024.jpeg 768w, https:\/\/minaguas.gob.ve\/wp-content\/uploads\/2026\/09\/WhatsApp-Image-2026-09-03-at-11.28.03-AM-225x300.jpeg 225w, https:\/\/minaguas.gob.ve\/wp-content\/uploads\/2026\/09\/WhatsApp-Image-2026-09-03-at-11.28.03-AM.jpeg 896w\" sizes=\"auto, (max-width: 768px) 100vw, 768px\" \/><\/figure>\n<\/figure>\n","protected":false},"excerpt":{"rendered":"<p>La obra de infraestructura impacta de manera directa a m\u00e1s de 60.000 familias del municipio. (Prensa Ministerio de las Aguas &#8211; 03-09-2026). \u2013 Con el prop\u00f3sito de optimizar los servicios p\u00fablicos y fortalecer la red de distribuci\u00f3n del municipio Valera, en el estado Trujillo, el Ministerio del Poder Popular de las Aguas (MinAguas) lleva a [&hellip;]<\/p>\n","protected":false},"author":27,"featured_media":17460,"comment_status":"closed","ping_status":"open","sticky":false,"template":"","format":"standard","meta":{"footnotes":""},"categories":[1],"tags":[42,254,45,192],"class_list":["post-17458","post","type-post","status-publish","format-standard","has-post-thumbnail","hentry","category-noticias","tag-agua-potable","tag-equipo-multidisciplinario-del-agua","tag-regionales","tag-trujillo"],"_links":{"self":[{"href":"https:\/\/minaguas.gob.ve\/index.php?rest_route=\/wp\/v2\/posts\/17458","targetHints":{"allow":["GET"]}}],"collection":[{"href":"https:\/\/minaguas.gob.ve\/index.php?rest_route=\/wp\/v2\/posts"}],"about":[{"href":"https:\/\/minaguas.gob.ve\/index.php?rest_route=\/wp\/v2\/types\/post"}],"author":[{"embeddable":true,"href":"https:\/\/minaguas.gob.ve\/index.php?rest_route=\/wp\/v2\/users\/27"}],"replies":[{"embeddable":true,"href":"https:\/\/minaguas.gob.ve\/index.php?rest_route=%2Fwp%2Fv2%2Fcomments&post=17458"}],"version-history":[{"count":1,"href":"https:\/\/minaguas.gob.ve\/index.php?rest_route=\/wp\/v2\/posts\/17458\/revisions"}],"predecessor-version":[{"id":17464,"href":"https:\/\/minaguas.gob.ve\/index.php?rest_route=\/wp\/v2\/posts\/17458\/revisions\/17464"}],"wp:featuredmedia":[{"embeddable":true,"href":"https:\/\/minaguas.gob.ve\/index.php?rest_route=\/wp\/v2\/media\/17460"}],"wp:attachment":[{"href":"https:\/\/minaguas.gob.ve\/index.php?rest_route=%2Fwp%2Fv2%2Fmedia&parent=17458"}],"wp:term":[{"taxonomy":"category","embeddable":true,"href":"https:\/\/minaguas.gob.ve\/index.php?rest_route=%2Fwp%2Fv2%2Fcategories&post=17458"},{"taxonomy":"post_tag","embeddable":true,"href":"https:\/\/minaguas.gob.ve\/index.php?rest_route=%2Fwp%2Fv2%2Ftags&post=17458"}],"curies":[{"name":"wp","href":"https:\/\/api.w.org\/{rel}","templated":true}]}}