{"id":17451,"date":"2026-09-03T22:18:32","date_gmt":"2026-09-04T02:18:32","guid":{"rendered":"https:\/\/minaguas.gob.ve\/?p=17451"},"modified":"2026-09-03T22:18:32","modified_gmt":"2026-09-04T02:18:32","slug":"inauguran-pozo-de-agua-profunda-en-sector-oso-cotiza","status":"publish","type":"post","link":"https:\/\/minaguas.gob.ve\/?p=17451","title":{"rendered":"Inauguran pozo de agua profunda en sector Oso Cotiza"},"content":{"rendered":"\n<p><em>Esta nueva fuente forma parte del plan de acci\u00f3n para la mejora de los servicios p\u00fablicos en materia de agua<\/em><\/p>\n\n\n\n<p><strong>(Prensa Ministerio de las Aguas &#8211; 03.09.2026).-<\/strong> En un esfuerzo articulado entre los tres niveles de gobierno y el poder popular, se inaugur\u00f3 un nuevo pozo de agua profunda en el sector Oso Cotiza, parroquia Higuerote del municipio Bri\u00f3n en el estado Bolivariano de Miranda.<\/p>\n\n\n\n<p>La actividad estuvo encabezada por el gobernador de Miranda, trabajadores de Hidroven, la Alcald\u00eda y representantes del Poder Popular, quienes hicieron entrega oficial de la fuente de agua potable.<\/p>\n\n\n\n<p>La obra contempl\u00f3 la limpieza y aforo del pozo, rehabilitaci\u00f3n integral de la caseta de control, instalaci\u00f3n de un equipo de bombeo de 5.5 HP y la conexi\u00f3n de 1.450 metros de tuber\u00eda de 1 1\u20442 pulgada.<\/p>\n\n\n\n<p>En su primera y segunda etapa, el proyecto garantiza el suministro directo y continuo de agua potable a 79 familias de las calles El Yucatal y El Yucal.<\/p>\n\n\n\n<p>Estas acciones enmarcadas en las 7T y el 1X10 del Buen Gobierno optimizan los servicios esenciales y elevan la calidad de vida en la regi\u00f3n barlovente\u00f1a.<\/p>\n\n\n\n<p>Actualmente, las autoridades coordinan la ejecuci\u00f3n de una tercera fase con la entrega de 1.200 metros de red de 1 pulgada de di\u00e1metro para la incorporaci\u00f3n formal de 27 familias de la calle El Platanal.<\/p>\n\n\n\n<figure class=\"wp-block-gallery has-nested-images columns-default is-cropped wp-block-gallery-1 is-layout-flex wp-block-gallery-is-layout-flex\">\n<figure class=\"wp-block-image size-large\"><img loading=\"lazy\" decoding=\"async\" width=\"1000\" height=\"750\" data-id=\"17453\" src=\"https:\/\/minaguas.gob.ve\/wp-content\/uploads\/2026\/09\/WhatsApp-Image-2026-09-03-at-11.25.35-AM-1.jpeg\" alt=\"\" class=\"wp-image-17453\" srcset=\"https:\/\/minaguas.gob.ve\/wp-content\/uploads\/2026\/09\/WhatsApp-Image-2026-09-03-at-11.25.35-AM-1.jpeg 1000w, https:\/\/minaguas.gob.ve\/wp-content\/uploads\/2026\/09\/WhatsApp-Image-2026-09-03-at-11.25.35-AM-1-300x225.jpeg 300w, https:\/\/minaguas.gob.ve\/wp-content\/uploads\/2026\/09\/WhatsApp-Image-2026-09-03-at-11.25.35-AM-1-768x576.jpeg 768w\" sizes=\"auto, (max-width: 1000px) 100vw, 1000px\" \/><\/figure>\n\n\n\n<figure class=\"wp-block-image size-large\"><img loading=\"lazy\" decoding=\"async\" width=\"1000\" height=\"750\" data-id=\"17452\" src=\"https:\/\/minaguas.gob.ve\/wp-content\/uploads\/2026\/09\/WhatsApp-Image-2026-09-03-at-11.25.36-AM-1.jpeg\" alt=\"\" class=\"wp-image-17452\" srcset=\"https:\/\/minaguas.gob.ve\/wp-content\/uploads\/2026\/09\/WhatsApp-Image-2026-09-03-at-11.25.36-AM-1.jpeg 1000w, https:\/\/minaguas.gob.ve\/wp-content\/uploads\/2026\/09\/WhatsApp-Image-2026-09-03-at-11.25.36-AM-1-300x225.jpeg 300w, https:\/\/minaguas.gob.ve\/wp-content\/uploads\/2026\/09\/WhatsApp-Image-2026-09-03-at-11.25.36-AM-1-768x576.jpeg 768w\" sizes=\"auto, (max-width: 1000px) 100vw, 1000px\" \/><\/figure>\n\n\n\n<figure class=\"wp-block-image size-full\"><img loading=\"lazy\" decoding=\"async\" width=\"949\" height=\"722\" data-id=\"17454\" src=\"https:\/\/minaguas.gob.ve\/wp-content\/uploads\/2026\/09\/WhatsApp-Image-2026-09-03-at-11.25.34-AM.jpeg\" alt=\"\" class=\"wp-image-17454\" srcset=\"https:\/\/minaguas.gob.ve\/wp-content\/uploads\/2026\/09\/WhatsApp-Image-2026-09-03-at-11.25.34-AM.jpeg 949w, https:\/\/minaguas.gob.ve\/wp-content\/uploads\/2026\/09\/WhatsApp-Image-2026-09-03-at-11.25.34-AM-300x228.jpeg 300w, https:\/\/minaguas.gob.ve\/wp-content\/uploads\/2026\/09\/WhatsApp-Image-2026-09-03-at-11.25.34-AM-768x584.jpeg 768w\" sizes=\"auto, (max-width: 949px) 100vw, 949px\" \/><\/figure>\n<\/figure>\n","protected":false},"excerpt":{"rendered":"<p>Esta nueva fuente forma parte del plan de acci\u00f3n para la mejora de los servicios p\u00fablicos en materia de agua (Prensa Ministerio de las Aguas &#8211; 03.09.2026).- En un esfuerzo articulado entre los tres niveles de gobierno y el poder popular, se inaugur\u00f3 un nuevo pozo de agua profunda en el sector Oso Cotiza, parroquia [&hellip;]<\/p>\n","protected":false},"author":27,"featured_media":17455,"comment_status":"closed","ping_status":"open","sticky":false,"template":"","format":"standard","meta":{"footnotes":""},"categories":[1],"tags":[42,254,97,31,45],"class_list":["post-17451","post","type-post","status-publish","format-standard","has-post-thumbnail","hentry","category-noticias","tag-agua-potable","tag-equipo-multidisciplinario-del-agua","tag-miranda","tag-pozos-profundos","tag-regionales"],"_links":{"self":[{"href":"https:\/\/minaguas.gob.ve\/index.php?rest_route=\/wp\/v2\/posts\/17451","targetHints":{"allow":["GET"]}}],"collection":[{"href":"https:\/\/minaguas.gob.ve\/index.php?rest_route=\/wp\/v2\/posts"}],"about":[{"href":"https:\/\/minaguas.gob.ve\/index.php?rest_route=\/wp\/v2\/types\/post"}],"author":[{"embeddable":true,"href":"https:\/\/minaguas.gob.ve\/index.php?rest_route=\/wp\/v2\/users\/27"}],"replies":[{"embeddable":true,"href":"https:\/\/minaguas.gob.ve\/index.php?rest_route=%2Fwp%2Fv2%2Fcomments&post=17451"}],"version-history":[{"count":2,"href":"https:\/\/minaguas.gob.ve\/index.php?rest_route=\/wp\/v2\/posts\/17451\/revisions"}],"predecessor-version":[{"id":17457,"href":"https:\/\/minaguas.gob.ve\/index.php?rest_route=\/wp\/v2\/posts\/17451\/revisions\/17457"}],"wp:featuredmedia":[{"embeddable":true,"href":"https:\/\/minaguas.gob.ve\/index.php?rest_route=\/wp\/v2\/media\/17455"}],"wp:attachment":[{"href":"https:\/\/minaguas.gob.ve\/index.php?rest_route=%2Fwp%2Fv2%2Fmedia&parent=17451"}],"wp:term":[{"taxonomy":"category","embeddable":true,"href":"https:\/\/minaguas.gob.ve\/index.php?rest_route=%2Fwp%2Fv2%2Fcategories&post=17451"},{"taxonomy":"post_tag","embeddable":true,"href":"https:\/\/minaguas.gob.ve\/index.php?rest_route=%2Fwp%2Fv2%2Ftags&post=17451"}],"curies":[{"name":"wp","href":"https:\/\/api.w.org\/{rel}","templated":true}]}}