{"id":17445,"date":"2026-09-03T19:45:08","date_gmt":"2026-09-03T23:45:08","guid":{"rendered":"https:\/\/minaguas.gob.ve\/?p=17445"},"modified":"2026-09-03T19:45:08","modified_gmt":"2026-09-03T23:45:08","slug":"gobierno-nacional-fortalece-sistema-hidrico-en-valera-con-sustitucion-de-130-metros-de-tuberia-principal","status":"publish","type":"post","link":"https:\/\/minaguas.gob.ve\/?p=17445","title":{"rendered":"Gobierno nacional fortalece sistema h\u00eddrico en Valera con sustituci\u00f3n de 130 metros de tuber\u00eda principal."},"content":{"rendered":"\n<p><em>M\u00e1s de 60.000 familias de las parroquias Juan Ignacio Montilla, Mercedes D\u00edaz y San Luis resultan directamente atendidas con estos trabajos de optimizaci\u00f3n de la red de distribuci\u00f3n<\/em><\/p>\n\n\n\n<p><strong>(Prensa Ministerio de las Aguas &#8211; 03-09-2026). \u2013<\/strong> En cumplimiento de las pol\u00edticas orientadas al fortalecimiento del Sistema H\u00eddrico Nacional y con el prop\u00f3sito de garantizar el bienestar y la mayor suma de felicidad posible a las familias valeranas, se llevaron a cabo importantes trabajos de rehabilitaci\u00f3n en la red de distribuci\u00f3n del municipio.<\/p>\n\n\n\n<p>Las labores comprendieron la sustituci\u00f3n de 130 metros lineales de tuber\u00eda de distribuci\u00f3n principal, con un di\u00e1metro de 20 pulgadas. Esta intervenci\u00f3n estructural optimiza de manera significativa el suministro y la fluidez del servicio de agua potable en la zona.<\/p>\n\n\n\n<p>Gracias a esta obra de envergadura, se optimiza la calidad de vida y se da respuesta oportuna a m\u00e1s de 60.000 familias pertenecientes a las parroquias Juan Ignacio Montilla, Mercedes D\u00edaz y San Luis.<\/p>\n\n\n\n<p>Con estas acciones, Hidroven contin\u00faa desplegado en el territorio, consolidando los servicios p\u00fablicos esenciales y reafirmando su compromiso con el desarrollo y la atenci\u00f3n integral de la colectividad trujillana.<\/p>\n\n\n\n<figure class=\"wp-block-gallery has-nested-images columns-default is-cropped wp-block-gallery-1 is-layout-flex wp-block-gallery-is-layout-flex\">\n<figure class=\"wp-block-image size-large\"><img loading=\"lazy\" decoding=\"async\" width=\"1024\" height=\"768\" data-id=\"17447\" src=\"https:\/\/minaguas.gob.ve\/wp-content\/uploads\/2026\/09\/WhatsApp-Image-2026-09-03-at-11.25.15-AM-1-1024x768.jpeg\" alt=\"\" class=\"wp-image-17447\" srcset=\"https:\/\/minaguas.gob.ve\/wp-content\/uploads\/2026\/09\/WhatsApp-Image-2026-09-03-at-11.25.15-AM-1-1024x768.jpeg 1024w, https:\/\/minaguas.gob.ve\/wp-content\/uploads\/2026\/09\/WhatsApp-Image-2026-09-03-at-11.25.15-AM-1-300x225.jpeg 300w, https:\/\/minaguas.gob.ve\/wp-content\/uploads\/2026\/09\/WhatsApp-Image-2026-09-03-at-11.25.15-AM-1-768x576.jpeg 768w, https:\/\/minaguas.gob.ve\/wp-content\/uploads\/2026\/09\/WhatsApp-Image-2026-09-03-at-11.25.15-AM-1.jpeg 1195w\" sizes=\"auto, (max-width: 1024px) 100vw, 1024px\" \/><\/figure>\n\n\n\n<figure class=\"wp-block-image size-large\"><img loading=\"lazy\" decoding=\"async\" width=\"1024\" height=\"768\" data-id=\"17448\" src=\"https:\/\/minaguas.gob.ve\/wp-content\/uploads\/2026\/09\/WhatsApp-Image-2026-09-03-at-11.25.15-AM-2-1024x768.jpeg\" alt=\"\" class=\"wp-image-17448\" srcset=\"https:\/\/minaguas.gob.ve\/wp-content\/uploads\/2026\/09\/WhatsApp-Image-2026-09-03-at-11.25.15-AM-2-1024x768.jpeg 1024w, https:\/\/minaguas.gob.ve\/wp-content\/uploads\/2026\/09\/WhatsApp-Image-2026-09-03-at-11.25.15-AM-2-300x225.jpeg 300w, https:\/\/minaguas.gob.ve\/wp-content\/uploads\/2026\/09\/WhatsApp-Image-2026-09-03-at-11.25.15-AM-2-768x576.jpeg 768w, https:\/\/minaguas.gob.ve\/wp-content\/uploads\/2026\/09\/WhatsApp-Image-2026-09-03-at-11.25.15-AM-2.jpeg 1195w\" sizes=\"auto, (max-width: 1024px) 100vw, 1024px\" \/><\/figure>\n\n\n\n<figure class=\"wp-block-image size-large\"><img loading=\"lazy\" decoding=\"async\" width=\"768\" height=\"1024\" data-id=\"17446\" src=\"https:\/\/minaguas.gob.ve\/wp-content\/uploads\/2026\/09\/WhatsApp-Image-2026-09-03-at-11.25.16-AM-2-768x1024.jpeg\" alt=\"\" class=\"wp-image-17446\" srcset=\"https:\/\/minaguas.gob.ve\/wp-content\/uploads\/2026\/09\/WhatsApp-Image-2026-09-03-at-11.25.16-AM-2-768x1024.jpeg 768w, https:\/\/minaguas.gob.ve\/wp-content\/uploads\/2026\/09\/WhatsApp-Image-2026-09-03-at-11.25.16-AM-2-225x300.jpeg 225w, https:\/\/minaguas.gob.ve\/wp-content\/uploads\/2026\/09\/WhatsApp-Image-2026-09-03-at-11.25.16-AM-2.jpeg 896w\" sizes=\"auto, (max-width: 768px) 100vw, 768px\" \/><\/figure>\n<\/figure>\n","protected":false},"excerpt":{"rendered":"<p>M\u00e1s de 60.000 familias de las parroquias Juan Ignacio Montilla, Mercedes D\u00edaz y San Luis resultan directamente atendidas con estos trabajos de optimizaci\u00f3n de la red de distribuci\u00f3n (Prensa Ministerio de las Aguas &#8211; 03-09-2026). \u2013 En cumplimiento de las pol\u00edticas orientadas al fortalecimiento del Sistema H\u00eddrico Nacional y con el prop\u00f3sito de garantizar el [&hellip;]<\/p>\n","protected":false},"author":27,"featured_media":17449,"comment_status":"closed","ping_status":"open","sticky":false,"template":"","format":"standard","meta":{"footnotes":""},"categories":[1],"tags":[42,254,45,192],"class_list":["post-17445","post","type-post","status-publish","format-standard","has-post-thumbnail","hentry","category-noticias","tag-agua-potable","tag-equipo-multidisciplinario-del-agua","tag-regionales","tag-trujillo"],"_links":{"self":[{"href":"https:\/\/minaguas.gob.ve\/index.php?rest_route=\/wp\/v2\/posts\/17445","targetHints":{"allow":["GET"]}}],"collection":[{"href":"https:\/\/minaguas.gob.ve\/index.php?rest_route=\/wp\/v2\/posts"}],"about":[{"href":"https:\/\/minaguas.gob.ve\/index.php?rest_route=\/wp\/v2\/types\/post"}],"author":[{"embeddable":true,"href":"https:\/\/minaguas.gob.ve\/index.php?rest_route=\/wp\/v2\/users\/27"}],"replies":[{"embeddable":true,"href":"https:\/\/minaguas.gob.ve\/index.php?rest_route=%2Fwp%2Fv2%2Fcomments&post=17445"}],"version-history":[{"count":1,"href":"https:\/\/minaguas.gob.ve\/index.php?rest_route=\/wp\/v2\/posts\/17445\/revisions"}],"predecessor-version":[{"id":17450,"href":"https:\/\/minaguas.gob.ve\/index.php?rest_route=\/wp\/v2\/posts\/17445\/revisions\/17450"}],"wp:featuredmedia":[{"embeddable":true,"href":"https:\/\/minaguas.gob.ve\/index.php?rest_route=\/wp\/v2\/media\/17449"}],"wp:attachment":[{"href":"https:\/\/minaguas.gob.ve\/index.php?rest_route=%2Fwp%2Fv2%2Fmedia&parent=17445"}],"wp:term":[{"taxonomy":"category","embeddable":true,"href":"https:\/\/minaguas.gob.ve\/index.php?rest_route=%2Fwp%2Fv2%2Fcategories&post=17445"},{"taxonomy":"post_tag","embeddable":true,"href":"https:\/\/minaguas.gob.ve\/index.php?rest_route=%2Fwp%2Fv2%2Ftags&post=17445"}],"curies":[{"name":"wp","href":"https:\/\/api.w.org\/{rel}","templated":true}]}}