{"id":17439,"date":"2026-09-03T13:33:38","date_gmt":"2026-09-03T17:33:38","guid":{"rendered":"https:\/\/minaguas.gob.ve\/?p=17439"},"modified":"2026-09-03T13:33:38","modified_gmt":"2026-09-03T17:33:38","slug":"gobierno-bolivariano-rehabilita-infraestructura-de-aduccion-del-sistema-iboa-en-yaracuy","status":"publish","type":"post","link":"https:\/\/minaguas.gob.ve\/?p=17439","title":{"rendered":"Gobierno Bolivariano rehabilita infraestructura de aducci\u00f3n del sistema Iboa en Yaracuy"},"content":{"rendered":"\n<p>\u200e\u200e<em>1.000 familias de 5 sectores ser\u00e1n atendidas con la optimizaci\u00f3n del servicio de agua potable<\/em><br>\u200e<br><strong>\u200e(Prensa Ministerio de las Aguas &#8211; 03-09-2026).-<\/strong> Cumpliendo lineamientos de la presidenta encargada Delcy Rodr\u00edguez de fortalecer los servicios p\u00fablicos, el Ministerio del Poder Popular de las Aguas (MinAguas) y la Alcald\u00eda del municipio Ar\u00edstides Bastidas, avanzan en la reconstrucci\u00f3n de 42 metros de puente colgante con tuber\u00eda de 6 pulgadas de di\u00e1metro de la l\u00ednea de aducci\u00f3n del Sistema Iboa en atenci\u00f3n a 1.000 familias.<br>\u200e<br>\u200eLos trabajos incluyen la instalaci\u00f3n de tuber\u00eda con la ejecuci\u00f3n de soldaduras con termofusi\u00f3n, asimismo, el montaje de dos juntas de 6 pulgadas, cuya infraestructura hidr\u00e1ulica genera 24 litros por segundo, distribuyendo el agua a los sectores Dividive, Tartagal, Los Cristales, Tibana y Urbanismo San Pablo.<br>\u200e<br>\u200ePor su parte, el habitante Carlos Morales, manifest\u00f3 que estos trabajos garantizan la continuidad y frecuencia del servicio en pro de las familias, \u201cestamos complacidos por estas labores que se transforma en una v\u00eda indispensable para el bienestar de las comunidades, ya que permitir\u00e1 brindar el recurso h\u00eddrico de manera eficiente\u201d.<br>\u200e<br>\u200eFinalmente, con la reactivaci\u00f3n del servicio, MinAguas reafirma su compromiso de dar respuesta oportuna a las necesidades del pueblo, consolidando el mapa de soluciones h\u00eddricas y mejorando significativamente el sistema en la regi\u00f3n.<\/p>\n\n\n\n<figure class=\"wp-block-gallery has-nested-images columns-default is-cropped wp-block-gallery-1 is-layout-flex wp-block-gallery-is-layout-flex\">\n<figure class=\"wp-block-image size-large\"><img loading=\"lazy\" decoding=\"async\" width=\"1024\" height=\"659\" data-id=\"17440\" src=\"https:\/\/minaguas.gob.ve\/wp-content\/uploads\/2026\/09\/WhatsApp-Image-2026-09-03-at-10.36.19-AM-1024x659.jpeg\" alt=\"\" class=\"wp-image-17440\" srcset=\"https:\/\/minaguas.gob.ve\/wp-content\/uploads\/2026\/09\/WhatsApp-Image-2026-09-03-at-10.36.19-AM-1024x659.jpeg 1024w, https:\/\/minaguas.gob.ve\/wp-content\/uploads\/2026\/09\/WhatsApp-Image-2026-09-03-at-10.36.19-AM-300x193.jpeg 300w, https:\/\/minaguas.gob.ve\/wp-content\/uploads\/2026\/09\/WhatsApp-Image-2026-09-03-at-10.36.19-AM-768x494.jpeg 768w, https:\/\/minaguas.gob.ve\/wp-content\/uploads\/2026\/09\/WhatsApp-Image-2026-09-03-at-10.36.19-AM.jpeg 1038w\" sizes=\"auto, (max-width: 1024px) 100vw, 1024px\" \/><\/figure>\n\n\n\n<figure class=\"wp-block-image size-large\"><img loading=\"lazy\" decoding=\"async\" width=\"1024\" height=\"736\" data-id=\"17441\" src=\"https:\/\/minaguas.gob.ve\/wp-content\/uploads\/2026\/09\/WhatsApp-Image-2026-09-03-at-10.36.20-AM-2-1024x736.jpeg\" alt=\"\" class=\"wp-image-17441\" srcset=\"https:\/\/minaguas.gob.ve\/wp-content\/uploads\/2026\/09\/WhatsApp-Image-2026-09-03-at-10.36.20-AM-2-1024x736.jpeg 1024w, https:\/\/minaguas.gob.ve\/wp-content\/uploads\/2026\/09\/WhatsApp-Image-2026-09-03-at-10.36.20-AM-2-300x216.jpeg 300w, https:\/\/minaguas.gob.ve\/wp-content\/uploads\/2026\/09\/WhatsApp-Image-2026-09-03-at-10.36.20-AM-2-768x552.jpeg 768w, https:\/\/minaguas.gob.ve\/wp-content\/uploads\/2026\/09\/WhatsApp-Image-2026-09-03-at-10.36.20-AM-2.jpeg 1068w\" sizes=\"auto, (max-width: 1024px) 100vw, 1024px\" \/><\/figure>\n\n\n\n<figure class=\"wp-block-image size-large\"><img loading=\"lazy\" decoding=\"async\" width=\"1024\" height=\"768\" data-id=\"17442\" src=\"https:\/\/minaguas.gob.ve\/wp-content\/uploads\/2026\/09\/WhatsApp-Image-2026-09-03-at-10.36.20-AM-3-1024x768.jpeg\" alt=\"\" class=\"wp-image-17442\" srcset=\"https:\/\/minaguas.gob.ve\/wp-content\/uploads\/2026\/09\/WhatsApp-Image-2026-09-03-at-10.36.20-AM-3-1024x768.jpeg 1024w, https:\/\/minaguas.gob.ve\/wp-content\/uploads\/2026\/09\/WhatsApp-Image-2026-09-03-at-10.36.20-AM-3-300x225.jpeg 300w, https:\/\/minaguas.gob.ve\/wp-content\/uploads\/2026\/09\/WhatsApp-Image-2026-09-03-at-10.36.20-AM-3-768x576.jpeg 768w, https:\/\/minaguas.gob.ve\/wp-content\/uploads\/2026\/09\/WhatsApp-Image-2026-09-03-at-10.36.20-AM-3.jpeg 1280w\" sizes=\"auto, (max-width: 1024px) 100vw, 1024px\" \/><\/figure>\n<\/figure>\n","protected":false},"excerpt":{"rendered":"<p>\u200e\u200e1.000 familias de 5 sectores ser\u00e1n atendidas con la optimizaci\u00f3n del servicio de agua potable\u200e\u200e(Prensa Ministerio de las Aguas &#8211; 03-09-2026).- Cumpliendo lineamientos de la presidenta encargada Delcy Rodr\u00edguez de fortalecer los servicios p\u00fablicos, el Ministerio del Poder Popular de las Aguas (MinAguas) y la Alcald\u00eda del municipio Ar\u00edstides Bastidas, avanzan en la reconstrucci\u00f3n de [&hellip;]<\/p>\n","protected":false},"author":27,"featured_media":17443,"comment_status":"closed","ping_status":"open","sticky":false,"template":"","format":"standard","meta":{"footnotes":""},"categories":[1],"tags":[42,254,45,44],"class_list":["post-17439","post","type-post","status-publish","format-standard","has-post-thumbnail","hentry","category-noticias","tag-agua-potable","tag-equipo-multidisciplinario-del-agua","tag-regionales","tag-yaracuy"],"_links":{"self":[{"href":"https:\/\/minaguas.gob.ve\/index.php?rest_route=\/wp\/v2\/posts\/17439","targetHints":{"allow":["GET"]}}],"collection":[{"href":"https:\/\/minaguas.gob.ve\/index.php?rest_route=\/wp\/v2\/posts"}],"about":[{"href":"https:\/\/minaguas.gob.ve\/index.php?rest_route=\/wp\/v2\/types\/post"}],"author":[{"embeddable":true,"href":"https:\/\/minaguas.gob.ve\/index.php?rest_route=\/wp\/v2\/users\/27"}],"replies":[{"embeddable":true,"href":"https:\/\/minaguas.gob.ve\/index.php?rest_route=%2Fwp%2Fv2%2Fcomments&post=17439"}],"version-history":[{"count":1,"href":"https:\/\/minaguas.gob.ve\/index.php?rest_route=\/wp\/v2\/posts\/17439\/revisions"}],"predecessor-version":[{"id":17444,"href":"https:\/\/minaguas.gob.ve\/index.php?rest_route=\/wp\/v2\/posts\/17439\/revisions\/17444"}],"wp:featuredmedia":[{"embeddable":true,"href":"https:\/\/minaguas.gob.ve\/index.php?rest_route=\/wp\/v2\/media\/17443"}],"wp:attachment":[{"href":"https:\/\/minaguas.gob.ve\/index.php?rest_route=%2Fwp%2Fv2%2Fmedia&parent=17439"}],"wp:term":[{"taxonomy":"category","embeddable":true,"href":"https:\/\/minaguas.gob.ve\/index.php?rest_route=%2Fwp%2Fv2%2Fcategories&post=17439"},{"taxonomy":"post_tag","embeddable":true,"href":"https:\/\/minaguas.gob.ve\/index.php?rest_route=%2Fwp%2Fv2%2Ftags&post=17439"}],"curies":[{"name":"wp","href":"https:\/\/api.w.org\/{rel}","templated":true}]}}