{"id":17427,"date":"2026-09-02T10:50:47","date_gmt":"2026-09-02T14:50:47","guid":{"rendered":"https:\/\/minaguas.gob.ve\/?p=17427"},"modified":"2026-09-02T10:50:47","modified_gmt":"2026-09-02T14:50:47","slug":"reactivan-pozo-cujisal-en-atencion-a-432-familias-del-municipio-pena-en-yaracuy","status":"publish","type":"post","link":"https:\/\/minaguas.gob.ve\/?p=17427","title":{"rendered":"Reactivan pozo Cujisal en atenci\u00f3n a 432 familias del municipio Pe\u00f1a en Yaracuy"},"content":{"rendered":"\n<p><br><em>\u200eLos trabajos incluyeron la instalaci\u00f3n de un motor de 20 HP incrementando 10 litros por segundo de agua potable<\/em><br>\u200e<br><strong>\u200e(Prensa Ministerio de las Aguas &#8211; 02-09-2026).-<\/strong> Un total de 432 familias del municipio Pe\u00f1a en el estado Yaracuy, son atendidas con el servicio de agua potable, tras la puesta en funcionamiento del pozo Cujisal, gracias a las pol\u00edticas en materia de servicios p\u00fablicos de la presidenta encargada Delcy Rodr\u00edguez a trav\u00e9s del Ministerio del Poder Popular de las Aguas y la Gobernaci\u00f3n.<br>\u200e<br>\u200eLos trabajos incluyeron la instalaci\u00f3n de motor de 20 HP, cuya fuente subterr\u00e1nea gener\u00f3 10 litros por segundo de agua potable, favoreciendo a 8 sectores de la Comuna Uni\u00f3n de los Pueblos Socialista.<br>\u200e<br>\u200ePor su parte, el vocero de la Mesa T\u00e9cnica de Agua, Elias Mendoza, resalt\u00f3 la efectividad de los trabajos impulsados por el Equipo Multidisciplinario del Agua, logrando atender la incidencia para la tranquilidad de la poblaci\u00f3n, \u201cestas labores se transforman en un impacto positivo, porque ya contamos con el vital l\u00edquido en nuestros hogares\u201d.<br>\u200e<br>\u200eCon esta acci\u00f3n, el Gobierno Bolivariano atiende el compromiso para llevar bienestar al pueblo yaracuyano brindando soluciones directas a quienes m\u00e1s lo necesitan, garantizando el agua como un derecho humano.<\/p>\n\n\n\n<figure class=\"wp-block-gallery has-nested-images columns-default is-cropped wp-block-gallery-1 is-layout-flex wp-block-gallery-is-layout-flex\">\n<figure class=\"wp-block-image size-large\"><img loading=\"lazy\" decoding=\"async\" width=\"1024\" height=\"768\" data-id=\"17429\" src=\"https:\/\/minaguas.gob.ve\/wp-content\/uploads\/2026\/09\/WhatsApp-Image-2026-09-02-at-10.18.11-AM-2.jpeg\" alt=\"\" class=\"wp-image-17429\" srcset=\"https:\/\/minaguas.gob.ve\/wp-content\/uploads\/2026\/09\/WhatsApp-Image-2026-09-02-at-10.18.11-AM-2.jpeg 1024w, https:\/\/minaguas.gob.ve\/wp-content\/uploads\/2026\/09\/WhatsApp-Image-2026-09-02-at-10.18.11-AM-2-300x225.jpeg 300w, https:\/\/minaguas.gob.ve\/wp-content\/uploads\/2026\/09\/WhatsApp-Image-2026-09-02-at-10.18.11-AM-2-768x576.jpeg 768w\" sizes=\"auto, (max-width: 1024px) 100vw, 1024px\" \/><\/figure>\n\n\n\n<figure class=\"wp-block-image size-large\"><img loading=\"lazy\" decoding=\"async\" width=\"1024\" height=\"845\" data-id=\"17430\" src=\"https:\/\/minaguas.gob.ve\/wp-content\/uploads\/2026\/09\/WhatsApp-Image-2026-09-02-at-10.18.11-AM-1-1024x845.jpeg\" alt=\"\" class=\"wp-image-17430\" srcset=\"https:\/\/minaguas.gob.ve\/wp-content\/uploads\/2026\/09\/WhatsApp-Image-2026-09-02-at-10.18.11-AM-1-1024x845.jpeg 1024w, https:\/\/minaguas.gob.ve\/wp-content\/uploads\/2026\/09\/WhatsApp-Image-2026-09-02-at-10.18.11-AM-1-300x248.jpeg 300w, https:\/\/minaguas.gob.ve\/wp-content\/uploads\/2026\/09\/WhatsApp-Image-2026-09-02-at-10.18.11-AM-1-768x634.jpeg 768w, https:\/\/minaguas.gob.ve\/wp-content\/uploads\/2026\/09\/WhatsApp-Image-2026-09-02-at-10.18.11-AM-1.jpeg 1083w\" sizes=\"auto, (max-width: 1024px) 100vw, 1024px\" \/><\/figure>\n\n\n\n<figure class=\"wp-block-image size-large\"><img loading=\"lazy\" decoding=\"async\" width=\"795\" height=\"750\" data-id=\"17431\" src=\"https:\/\/minaguas.gob.ve\/wp-content\/uploads\/2026\/09\/WhatsApp-Image-2026-09-02-at-10.18.11-AM.jpeg\" alt=\"\" class=\"wp-image-17431\" srcset=\"https:\/\/minaguas.gob.ve\/wp-content\/uploads\/2026\/09\/WhatsApp-Image-2026-09-02-at-10.18.11-AM.jpeg 795w, https:\/\/minaguas.gob.ve\/wp-content\/uploads\/2026\/09\/WhatsApp-Image-2026-09-02-at-10.18.11-AM-300x283.jpeg 300w, https:\/\/minaguas.gob.ve\/wp-content\/uploads\/2026\/09\/WhatsApp-Image-2026-09-02-at-10.18.11-AM-768x725.jpeg 768w\" sizes=\"auto, (max-width: 795px) 100vw, 795px\" \/><\/figure>\n<\/figure>\n","protected":false},"excerpt":{"rendered":"<p>\u200eLos trabajos incluyeron la instalaci\u00f3n de un motor de 20 HP incrementando 10 litros por segundo de agua potable\u200e\u200e(Prensa Ministerio de las Aguas &#8211; 02-09-2026).- Un total de 432 familias del municipio Pe\u00f1a en el estado Yaracuy, son atendidas con el servicio de agua potable, tras la puesta en funcionamiento del pozo Cujisal, gracias a [&hellip;]<\/p>\n","protected":false},"author":27,"featured_media":17428,"comment_status":"closed","ping_status":"open","sticky":false,"template":"","format":"standard","meta":{"footnotes":""},"categories":[1],"tags":[42,254,31,45,44],"class_list":["post-17427","post","type-post","status-publish","format-standard","has-post-thumbnail","hentry","category-noticias","tag-agua-potable","tag-equipo-multidisciplinario-del-agua","tag-pozos-profundos","tag-regionales","tag-yaracuy"],"_links":{"self":[{"href":"https:\/\/minaguas.gob.ve\/index.php?rest_route=\/wp\/v2\/posts\/17427","targetHints":{"allow":["GET"]}}],"collection":[{"href":"https:\/\/minaguas.gob.ve\/index.php?rest_route=\/wp\/v2\/posts"}],"about":[{"href":"https:\/\/minaguas.gob.ve\/index.php?rest_route=\/wp\/v2\/types\/post"}],"author":[{"embeddable":true,"href":"https:\/\/minaguas.gob.ve\/index.php?rest_route=\/wp\/v2\/users\/27"}],"replies":[{"embeddable":true,"href":"https:\/\/minaguas.gob.ve\/index.php?rest_route=%2Fwp%2Fv2%2Fcomments&post=17427"}],"version-history":[{"count":1,"href":"https:\/\/minaguas.gob.ve\/index.php?rest_route=\/wp\/v2\/posts\/17427\/revisions"}],"predecessor-version":[{"id":17432,"href":"https:\/\/minaguas.gob.ve\/index.php?rest_route=\/wp\/v2\/posts\/17427\/revisions\/17432"}],"wp:featuredmedia":[{"embeddable":true,"href":"https:\/\/minaguas.gob.ve\/index.php?rest_route=\/wp\/v2\/media\/17428"}],"wp:attachment":[{"href":"https:\/\/minaguas.gob.ve\/index.php?rest_route=%2Fwp%2Fv2%2Fmedia&parent=17427"}],"wp:term":[{"taxonomy":"category","embeddable":true,"href":"https:\/\/minaguas.gob.ve\/index.php?rest_route=%2Fwp%2Fv2%2Fcategories&post=17427"},{"taxonomy":"post_tag","embeddable":true,"href":"https:\/\/minaguas.gob.ve\/index.php?rest_route=%2Fwp%2Fv2%2Ftags&post=17427"}],"curies":[{"name":"wp","href":"https:\/\/api.w.org\/{rel}","templated":true}]}}