{"id":17408,"date":"2026-09-01T17:29:41","date_gmt":"2026-09-01T21:29:41","guid":{"rendered":"https:\/\/minaguas.gob.ve\/?p=17408"},"modified":"2026-09-01T17:29:41","modified_gmt":"2026-09-01T21:29:41","slug":"minaguas-optimiza-suministro-de-agua-para-312-500-familias-en-tachira","status":"publish","type":"post","link":"https:\/\/minaguas.gob.ve\/?p=17408","title":{"rendered":"MinAguas optimiza suministro de agua para 312.500 familias en T\u00e1chira"},"content":{"rendered":"\n<p><em>Con este mantenimiento preventivo, se consolida el compromiso del Gobierno nacional de fortalecer la infraestructura h\u00eddrica en la regi\u00f3n andina<\/em><\/p>\n\n\n\n<p><strong>(Prensa Ministerio de las Aguas &#8211; 01-09-2026).-<\/strong> Con el prop\u00f3sito de optimizar las redes de distribuci\u00f3n de agua potable que brindan atenci\u00f3n a 312.500 familias del estado T\u00e1chira, se realiz\u00f3 mantenimiento de la Planta Potabilizadora de Cordero m\u00e1s la reparaci\u00f3n de aver\u00edas en el alimentador de la frontera.<\/p>\n\n\n\n<p>Las maniobras fueron atendidas en 5 frentes de trabajo, en los que el Equipo Multidisciplinario del Agua intervino en tuber\u00edas de 30, 36 y 40 pulgadas de di\u00e1metro, lo que permiti\u00f3 mejorar de forma inmediata la presi\u00f3n del recurso h\u00eddrico.<\/p>\n\n\n\n<p>En el municipio C\u00e1rdenas se realiz\u00f3 la reparaci\u00f3n de tuber\u00eda de 40 pulgadas de di\u00e1metro de acero al carbono en la vereda 1 del sector Santa Eduviges, as\u00ed como reparaci\u00f3n en tuber\u00eda de 36 pulgadas de di\u00e1metro en el tramo Tanquilla 51, cementerio y el Distribuidor Patiecitos.<\/p>\n\n\n\n<p>Simult\u00e1neamente, se llev\u00f3 a cabo el mantenimiento en v\u00e1lvula de 8 pulgadas de di\u00e1metro perteneciente al alimentador Barrancas en el sector Autopista, municipio C\u00e1rdenas, mientras que en el sector La Puente del municipio Gu\u00e1simos, se solventaron aver\u00edas en tuber\u00eda de 30 pulgadas de di\u00e1metro.<\/p>\n\n\n\n<p>En las instalaciones de la planta potabilizadora Cordero se efectuaron labores de limpieza y lavado profundo del Decantador 1, las cuales abarcaron tanques y campana, garantizando el incremento del caudal del servicio de agua potable.<\/p>\n\n\n\n<p>En cumplimiento de los lineamientos de la presidenta (E) Delcy Rodr\u00edguez, de brindar un servicio de calidad, Minaguas consolida las acciones de mantenimiento y optimizaci\u00f3n del sistema h\u00eddrico en el estado T\u00e1chira.<\/p>\n\n\n\n<figure class=\"wp-block-gallery has-nested-images columns-default is-cropped wp-block-gallery-1 is-layout-flex wp-block-gallery-is-layout-flex\">\n<figure class=\"wp-block-image size-large\"><img loading=\"lazy\" decoding=\"async\" width=\"922\" height=\"1024\" data-id=\"17411\" src=\"https:\/\/minaguas.gob.ve\/wp-content\/uploads\/2026\/09\/WhatsApp-Image-2026-09-01-at-1.08.28-PM-1-922x1024.jpeg\" alt=\"\" class=\"wp-image-17411\" srcset=\"https:\/\/minaguas.gob.ve\/wp-content\/uploads\/2026\/09\/WhatsApp-Image-2026-09-01-at-1.08.28-PM-1-922x1024.jpeg 922w, https:\/\/minaguas.gob.ve\/wp-content\/uploads\/2026\/09\/WhatsApp-Image-2026-09-01-at-1.08.28-PM-1-270x300.jpeg 270w, https:\/\/minaguas.gob.ve\/wp-content\/uploads\/2026\/09\/WhatsApp-Image-2026-09-01-at-1.08.28-PM-1-768x853.jpeg 768w, https:\/\/minaguas.gob.ve\/wp-content\/uploads\/2026\/09\/WhatsApp-Image-2026-09-01-at-1.08.28-PM-1.jpeg 1152w\" sizes=\"auto, (max-width: 922px) 100vw, 922px\" \/><\/figure>\n\n\n\n<figure class=\"wp-block-image size-large\"><img loading=\"lazy\" decoding=\"async\" width=\"1024\" height=\"576\" data-id=\"17410\" src=\"https:\/\/minaguas.gob.ve\/wp-content\/uploads\/2026\/09\/WhatsApp-Image-2026-09-01-at-1.08.28-PM-1024x576.jpeg\" alt=\"\" class=\"wp-image-17410\" srcset=\"https:\/\/minaguas.gob.ve\/wp-content\/uploads\/2026\/09\/WhatsApp-Image-2026-09-01-at-1.08.28-PM-1024x576.jpeg 1024w, https:\/\/minaguas.gob.ve\/wp-content\/uploads\/2026\/09\/WhatsApp-Image-2026-09-01-at-1.08.28-PM-300x169.jpeg 300w, https:\/\/minaguas.gob.ve\/wp-content\/uploads\/2026\/09\/WhatsApp-Image-2026-09-01-at-1.08.28-PM-768x432.jpeg 768w, https:\/\/minaguas.gob.ve\/wp-content\/uploads\/2026\/09\/WhatsApp-Image-2026-09-01-at-1.08.28-PM.jpeg 1080w\" sizes=\"auto, (max-width: 1024px) 100vw, 1024px\" \/><\/figure>\n<\/figure>\n\n\n\n<p><\/p>\n\n\n\n<figure class=\"wp-block-image size-large\"><img loading=\"lazy\" decoding=\"async\" width=\"1024\" height=\"768\" src=\"https:\/\/minaguas.gob.ve\/wp-content\/uploads\/2026\/09\/WhatsApp-Image-2026-09-01-at-1.08.29-PM-1-1024x768.jpeg\" alt=\"\" class=\"wp-image-17409\" srcset=\"https:\/\/minaguas.gob.ve\/wp-content\/uploads\/2026\/09\/WhatsApp-Image-2026-09-01-at-1.08.29-PM-1-1024x768.jpeg 1024w, https:\/\/minaguas.gob.ve\/wp-content\/uploads\/2026\/09\/WhatsApp-Image-2026-09-01-at-1.08.29-PM-1-300x225.jpeg 300w, https:\/\/minaguas.gob.ve\/wp-content\/uploads\/2026\/09\/WhatsApp-Image-2026-09-01-at-1.08.29-PM-1-768x576.jpeg 768w, https:\/\/minaguas.gob.ve\/wp-content\/uploads\/2026\/09\/WhatsApp-Image-2026-09-01-at-1.08.29-PM-1.jpeg 1080w\" sizes=\"auto, (max-width: 1024px) 100vw, 1024px\" \/><\/figure>\n","protected":false},"excerpt":{"rendered":"<p>Con este mantenimiento preventivo, se consolida el compromiso del Gobierno nacional de fortalecer la infraestructura h\u00eddrica en la regi\u00f3n andina (Prensa Ministerio de las Aguas &#8211; 01-09-2026).- Con el prop\u00f3sito de optimizar las redes de distribuci\u00f3n de agua potable que brindan atenci\u00f3n a 312.500 familias del estado T\u00e1chira, se realiz\u00f3 mantenimiento de la Planta Potabilizadora [&hellip;]<\/p>\n","protected":false},"author":34,"featured_media":17412,"comment_status":"closed","ping_status":"open","sticky":false,"template":"","format":"standard","meta":{"footnotes":""},"categories":[1],"tags":[42,254,45,145],"class_list":["post-17408","post","type-post","status-publish","format-standard","has-post-thumbnail","hentry","category-noticias","tag-agua-potable","tag-equipo-multidisciplinario-del-agua","tag-regionales","tag-tachira"],"_links":{"self":[{"href":"https:\/\/minaguas.gob.ve\/index.php?rest_route=\/wp\/v2\/posts\/17408","targetHints":{"allow":["GET"]}}],"collection":[{"href":"https:\/\/minaguas.gob.ve\/index.php?rest_route=\/wp\/v2\/posts"}],"about":[{"href":"https:\/\/minaguas.gob.ve\/index.php?rest_route=\/wp\/v2\/types\/post"}],"author":[{"embeddable":true,"href":"https:\/\/minaguas.gob.ve\/index.php?rest_route=\/wp\/v2\/users\/34"}],"replies":[{"embeddable":true,"href":"https:\/\/minaguas.gob.ve\/index.php?rest_route=%2Fwp%2Fv2%2Fcomments&post=17408"}],"version-history":[{"count":1,"href":"https:\/\/minaguas.gob.ve\/index.php?rest_route=\/wp\/v2\/posts\/17408\/revisions"}],"predecessor-version":[{"id":17413,"href":"https:\/\/minaguas.gob.ve\/index.php?rest_route=\/wp\/v2\/posts\/17408\/revisions\/17413"}],"wp:featuredmedia":[{"embeddable":true,"href":"https:\/\/minaguas.gob.ve\/index.php?rest_route=\/wp\/v2\/media\/17412"}],"wp:attachment":[{"href":"https:\/\/minaguas.gob.ve\/index.php?rest_route=%2Fwp%2Fv2%2Fmedia&parent=17408"}],"wp:term":[{"taxonomy":"category","embeddable":true,"href":"https:\/\/minaguas.gob.ve\/index.php?rest_route=%2Fwp%2Fv2%2Fcategories&post=17408"},{"taxonomy":"post_tag","embeddable":true,"href":"https:\/\/minaguas.gob.ve\/index.php?rest_route=%2Fwp%2Fv2%2Ftags&post=17408"}],"curies":[{"name":"wp","href":"https:\/\/api.w.org\/{rel}","templated":true}]}}