{"id":17402,"date":"2026-09-01T17:05:11","date_gmt":"2026-09-01T21:05:11","guid":{"rendered":"https:\/\/minaguas.gob.ve\/?p=17402"},"modified":"2026-09-01T17:25:08","modified_gmt":"2026-09-01T21:25:08","slug":"gobierno-bolivariano-avanza-proyecto-hidrico-mediante-consulta-popular-en-yaracuy","status":"publish","type":"post","link":"https:\/\/minaguas.gob.ve\/?p=17402","title":{"rendered":"Gobierno Bolivariano avanza proyecto h\u00eddrico mediante consulta popular en Yaracuy"},"content":{"rendered":"\n<p><em>Con la optimizaci\u00f3n del servicio de agua potable, ser\u00e1n atendidas 79 familias del sector La Pe\u00f1ita<\/em><br>\u200e<br><em><strong>\u200e(Prensa Ministerio de las Aguas &#8211; 01-09-2026).-<\/strong><\/em> Mediante un proyecto seleccionado en la segunda Consulta Popular Nacional 2025, por la Comuna Socialista Rosa Luxemburgo, el Gobierno Bolivariano, a trav\u00e9s del Ministerio del Poder Popular de las Aguas (MinAguas) y el Poder Popular, avanza en los trabajos para la consolidaci\u00f3n del servicio de agua potable en el sector La Pe\u00f1ita, ubicado en el municipio Bruzual del estado Yaracuy, en atenci\u00f3n a 79 familias.<br>\u200e<br>Gracias a la decidida participaci\u00f3n de las comunidades en el mecanismo de consulta directa, se construyen 200 metros de tuber\u00eda de 3 pulgadas y 100 metros de tuber\u00eda de 2 pulgadas, cuya obra es ejecutada por el Equipo Multidisciplinario del Agua, con el objetivo de optimizar el servicio de agua potable en la comunidad.<br>\u200e\u200e<br>Por su parte, el habitante Wilfredo Bravo manifest\u00f3 su satisfacci\u00f3n por la ejecuci\u00f3n de la obra, demostrando la integraci\u00f3n entre el pueblo y el gobierno para la materializaci\u00f3n del sistema h\u00eddrico: \u201cEstos trabajos responden a las l\u00edneas estrat\u00e9gicas del Plan de la Patria 2025-2031, espec\u00edficamente en su segunda transformaci\u00f3n orientada a garantizar servicios p\u00fablicos de calidad y el buen vivir del pueblo\u201d.<br>\u200e<br>Este proyecto ha sido financiado con recursos asignados directamente a las comunidades organizadas, mejorando la distribuci\u00f3n del vital l\u00edquido y demostrando soluciones efectivas y duraderas.<\/p>\n\n\n\n<p>Este proyecto se materializa cumpliendo lineamientos de la presidenta encargada, Delcy Rodr\u00edguez, de ciudades m\u00e1s humanas que cuenten con servicios p\u00fablicos que mejoren la calidad de vida de sus habitantes.<\/p>\n\n\n\n<figure class=\"wp-block-gallery has-nested-images columns-default is-cropped wp-block-gallery-1 is-layout-flex wp-block-gallery-is-layout-flex\">\n<figure class=\"wp-block-image size-large\"><img loading=\"lazy\" decoding=\"async\" width=\"1024\" height=\"645\" data-id=\"17406\" src=\"https:\/\/minaguas.gob.ve\/wp-content\/uploads\/2026\/09\/WhatsApp-Image-2026-09-01-at-11.28.23-AM-1-1024x645.jpeg\" alt=\"\" class=\"wp-image-17406\" srcset=\"https:\/\/minaguas.gob.ve\/wp-content\/uploads\/2026\/09\/WhatsApp-Image-2026-09-01-at-11.28.23-AM-1-1024x645.jpeg 1024w, https:\/\/minaguas.gob.ve\/wp-content\/uploads\/2026\/09\/WhatsApp-Image-2026-09-01-at-11.28.23-AM-1-300x189.jpeg 300w, https:\/\/minaguas.gob.ve\/wp-content\/uploads\/2026\/09\/WhatsApp-Image-2026-09-01-at-11.28.23-AM-1-768x483.jpeg 768w, https:\/\/minaguas.gob.ve\/wp-content\/uploads\/2026\/09\/WhatsApp-Image-2026-09-01-at-11.28.23-AM-1.jpeg 1220w\" sizes=\"auto, (max-width: 1024px) 100vw, 1024px\" \/><\/figure>\n\n\n\n<figure class=\"wp-block-image size-large\"><img loading=\"lazy\" decoding=\"async\" width=\"1024\" height=\"705\" data-id=\"17404\" src=\"https:\/\/minaguas.gob.ve\/wp-content\/uploads\/2026\/09\/WhatsApp-Image-2026-09-01-at-11.28.23-AM-1024x705.jpeg\" alt=\"\" class=\"wp-image-17404\" srcset=\"https:\/\/minaguas.gob.ve\/wp-content\/uploads\/2026\/09\/WhatsApp-Image-2026-09-01-at-11.28.23-AM-1024x705.jpeg 1024w, https:\/\/minaguas.gob.ve\/wp-content\/uploads\/2026\/09\/WhatsApp-Image-2026-09-01-at-11.28.23-AM-300x207.jpeg 300w, https:\/\/minaguas.gob.ve\/wp-content\/uploads\/2026\/09\/WhatsApp-Image-2026-09-01-at-11.28.23-AM-768x529.jpeg 768w, https:\/\/minaguas.gob.ve\/wp-content\/uploads\/2026\/09\/WhatsApp-Image-2026-09-01-at-11.28.23-AM.jpeg 1104w\" sizes=\"auto, (max-width: 1024px) 100vw, 1024px\" \/><\/figure>\n<\/figure>\n\n\n\n<p><\/p>\n\n\n\n<figure class=\"wp-block-image size-large\"><img loading=\"lazy\" decoding=\"async\" width=\"780\" height=\"756\" src=\"https:\/\/minaguas.gob.ve\/wp-content\/uploads\/2026\/09\/WhatsApp-Image-2026-09-01-at-11.28.23-AM-2.jpeg\" alt=\"\" class=\"wp-image-17403\" srcset=\"https:\/\/minaguas.gob.ve\/wp-content\/uploads\/2026\/09\/WhatsApp-Image-2026-09-01-at-11.28.23-AM-2.jpeg 780w, https:\/\/minaguas.gob.ve\/wp-content\/uploads\/2026\/09\/WhatsApp-Image-2026-09-01-at-11.28.23-AM-2-300x291.jpeg 300w, https:\/\/minaguas.gob.ve\/wp-content\/uploads\/2026\/09\/WhatsApp-Image-2026-09-01-at-11.28.23-AM-2-768x744.jpeg 768w\" sizes=\"auto, (max-width: 780px) 100vw, 780px\" \/><\/figure>\n","protected":false},"excerpt":{"rendered":"<p>Con la optimizaci\u00f3n del servicio de agua potable, ser\u00e1n atendidas 79 familias del sector La Pe\u00f1ita\u200e\u200e(Prensa Ministerio de las Aguas &#8211; 01-09-2026).- Mediante un proyecto seleccionado en la segunda Consulta Popular Nacional 2025, por la Comuna Socialista Rosa Luxemburgo, el Gobierno Bolivariano, a trav\u00e9s del Ministerio del Poder Popular de las Aguas (MinAguas) y el [&hellip;]<\/p>\n","protected":false},"author":34,"featured_media":17405,"comment_status":"closed","ping_status":"open","sticky":false,"template":"","format":"standard","meta":{"footnotes":""},"categories":[1],"tags":[42,254,45,44],"class_list":["post-17402","post","type-post","status-publish","format-standard","has-post-thumbnail","hentry","category-noticias","tag-agua-potable","tag-equipo-multidisciplinario-del-agua","tag-regionales","tag-yaracuy"],"_links":{"self":[{"href":"https:\/\/minaguas.gob.ve\/index.php?rest_route=\/wp\/v2\/posts\/17402","targetHints":{"allow":["GET"]}}],"collection":[{"href":"https:\/\/minaguas.gob.ve\/index.php?rest_route=\/wp\/v2\/posts"}],"about":[{"href":"https:\/\/minaguas.gob.ve\/index.php?rest_route=\/wp\/v2\/types\/post"}],"author":[{"embeddable":true,"href":"https:\/\/minaguas.gob.ve\/index.php?rest_route=\/wp\/v2\/users\/34"}],"replies":[{"embeddable":true,"href":"https:\/\/minaguas.gob.ve\/index.php?rest_route=%2Fwp%2Fv2%2Fcomments&post=17402"}],"version-history":[{"count":1,"href":"https:\/\/minaguas.gob.ve\/index.php?rest_route=\/wp\/v2\/posts\/17402\/revisions"}],"predecessor-version":[{"id":17407,"href":"https:\/\/minaguas.gob.ve\/index.php?rest_route=\/wp\/v2\/posts\/17402\/revisions\/17407"}],"wp:featuredmedia":[{"embeddable":true,"href":"https:\/\/minaguas.gob.ve\/index.php?rest_route=\/wp\/v2\/media\/17405"}],"wp:attachment":[{"href":"https:\/\/minaguas.gob.ve\/index.php?rest_route=%2Fwp%2Fv2%2Fmedia&parent=17402"}],"wp:term":[{"taxonomy":"category","embeddable":true,"href":"https:\/\/minaguas.gob.ve\/index.php?rest_route=%2Fwp%2Fv2%2Fcategories&post=17402"},{"taxonomy":"post_tag","embeddable":true,"href":"https:\/\/minaguas.gob.ve\/index.php?rest_route=%2Fwp%2Fv2%2Ftags&post=17402"}],"curies":[{"name":"wp","href":"https:\/\/api.w.org\/{rel}","templated":true}]}}