{"id":17396,"date":"2026-09-01T16:28:06","date_gmt":"2026-09-01T20:28:06","guid":{"rendered":"https:\/\/minaguas.gob.ve\/?p=17396"},"modified":"2026-09-01T16:28:06","modified_gmt":"2026-09-01T20:28:06","slug":"optimizacion-del-sistema-de-saneamiento-en-yaracuy-atiende-a-2-191-familias","status":"publish","type":"post","link":"https:\/\/minaguas.gob.ve\/?p=17396","title":{"rendered":"Optimizaci\u00f3n del sistema de saneamiento en Yaracuy atiende a 2.191 Familias"},"content":{"rendered":"\n<p><em>La rehabilitaci\u00f3n del sistema de recolecci\u00f3n favorece la din\u00e1mica comercial de la zona, adem\u00e1s del impacto directo en los hogares<\/em><br>\u200e<br><strong>\u200e(Prensa Ministerio de las Aguas &#8211; 01-09-2026).-<\/strong> El Ministerio del Poder Popular de las Aguas (MinAguas), la Gobernaci\u00f3n y Alcald\u00eda de la localidad avanzan en los trabajos de optimizaci\u00f3n del sistema de saneamiento en el municipio Pe\u00f1a del estado Yaracuy, a fin de garantizar la restituci\u00f3n del servicio a 2.191 familias.<br>\u200e<br>El plan de trabajo incluye cuatro frentes en ejecuci\u00f3n, donde el Equipo Multidisciplinario del Agua se encuentra desplegado, realizando la instalaci\u00f3n de tuber\u00edas de concreto y PVC de 8, 10, 12 y 42 pulgadas de di\u00e1metro en diversos sectores del municipio.<br>\u200e<br>En la Perimetral Sur con calles 14 y 15, se sustituyen m\u00e1s de 70 metros de colector de concreto de 42 pulgadas, en atenci\u00f3n a 1.309 familias, mientras que, en el sector La Tiama, entre Perimetral Sur y Carrera 14, se instalan 328 metros de colector de 8 y 10 pulgadas, para mejorar la red de aguas residuales a 280 familias.<br>\u200e<br>Por otro lado, en el sector Camino Nuevo, la obra se enfoca en la sustituci\u00f3n de 1.500 metros de tuber\u00eda de concreto de 42 pulgadas de di\u00e1metro; dicha intervenci\u00f3n elevar\u00e1 de manera directa las condiciones sanitarias y la calidad de vida de 590 familias.<br>\u200e<br>Adem\u00e1s, en el sector Aminta Abreu, se ejecuta la reconstrucci\u00f3n de 60 metros de colector de 12 pulgadas en atenci\u00f3n a 12 familias, mejorando las condiciones sanitarias y ambientales en la comunidad.<br>\u200e<br>Por su parte, la habitante Nayibe Alejos manifest\u00f3 que con estos trabajos se fortalece el sistema de saneamiento y se garantiza una canalizaci\u00f3n adecuada de las aguas, mejorando directamente la calidad de vida de los habitantes. \u201cGracias al Gobierno Bolivariano por cumplirle al pueblo mediante la respuesta inmediata en la realizaci\u00f3n de estas acciones\u201d.<br>\u200e<br>La ejecuci\u00f3n de las obras cont\u00f3 con el acompa\u00f1amiento del poder popular organizado; adem\u00e1s del impacto directo en los hogares, la rehabilitaci\u00f3n del sistema de recolecci\u00f3n favorece la din\u00e1mica comercial de la zona.<\/p>\n\n\n\n<p>Estos trabajos cumplen con los lineamientos de la presidenta encargada Delcy Rodr\u00edguez, de mejorar los servicios p\u00fablicos en todo el territorio nacional.<\/p>\n\n\n\n<figure class=\"wp-block-gallery has-nested-images columns-default is-cropped wp-block-gallery-1 is-layout-flex wp-block-gallery-is-layout-flex\">\n<figure class=\"wp-block-image size-large\"><img loading=\"lazy\" decoding=\"async\" width=\"1024\" height=\"768\" data-id=\"17398\" src=\"https:\/\/minaguas.gob.ve\/wp-content\/uploads\/2026\/09\/WhatsApp-Image-2026-09-01-at-11.04.37-AM-1-1024x768.jpeg\" alt=\"\" class=\"wp-image-17398\" srcset=\"https:\/\/minaguas.gob.ve\/wp-content\/uploads\/2026\/09\/WhatsApp-Image-2026-09-01-at-11.04.37-AM-1-1024x768.jpeg 1024w, https:\/\/minaguas.gob.ve\/wp-content\/uploads\/2026\/09\/WhatsApp-Image-2026-09-01-at-11.04.37-AM-1-300x225.jpeg 300w, https:\/\/minaguas.gob.ve\/wp-content\/uploads\/2026\/09\/WhatsApp-Image-2026-09-01-at-11.04.37-AM-1-768x576.jpeg 768w, https:\/\/minaguas.gob.ve\/wp-content\/uploads\/2026\/09\/WhatsApp-Image-2026-09-01-at-11.04.37-AM-1.jpeg 1040w\" sizes=\"auto, (max-width: 1024px) 100vw, 1024px\" \/><\/figure>\n\n\n\n<figure class=\"wp-block-image size-large\"><img loading=\"lazy\" decoding=\"async\" width=\"768\" height=\"1024\" data-id=\"17399\" src=\"https:\/\/minaguas.gob.ve\/wp-content\/uploads\/2026\/09\/WhatsApp-Image-2026-09-01-at-11.04.37-AM-768x1024.jpeg\" alt=\"\" class=\"wp-image-17399\" srcset=\"https:\/\/minaguas.gob.ve\/wp-content\/uploads\/2026\/09\/WhatsApp-Image-2026-09-01-at-11.04.37-AM-768x1024.jpeg 768w, https:\/\/minaguas.gob.ve\/wp-content\/uploads\/2026\/09\/WhatsApp-Image-2026-09-01-at-11.04.37-AM-225x300.jpeg 225w, https:\/\/minaguas.gob.ve\/wp-content\/uploads\/2026\/09\/WhatsApp-Image-2026-09-01-at-11.04.37-AM.jpeg 780w\" sizes=\"auto, (max-width: 768px) 100vw, 768px\" \/><\/figure>\n<\/figure>\n\n\n\n<p><\/p>\n\n\n\n<figure class=\"wp-block-image size-large\"><img loading=\"lazy\" decoding=\"async\" width=\"1024\" height=\"648\" src=\"https:\/\/minaguas.gob.ve\/wp-content\/uploads\/2026\/09\/WhatsApp-Image-2026-09-01-at-11.04.36-AM-1-1024x648.jpeg\" alt=\"\" class=\"wp-image-17400\" srcset=\"https:\/\/minaguas.gob.ve\/wp-content\/uploads\/2026\/09\/WhatsApp-Image-2026-09-01-at-11.04.36-AM-1-1024x648.jpeg 1024w, https:\/\/minaguas.gob.ve\/wp-content\/uploads\/2026\/09\/WhatsApp-Image-2026-09-01-at-11.04.36-AM-1-300x190.jpeg 300w, https:\/\/minaguas.gob.ve\/wp-content\/uploads\/2026\/09\/WhatsApp-Image-2026-09-01-at-11.04.36-AM-1-768x486.jpeg 768w, https:\/\/minaguas.gob.ve\/wp-content\/uploads\/2026\/09\/WhatsApp-Image-2026-09-01-at-11.04.36-AM-1.jpeg 1195w\" sizes=\"auto, (max-width: 1024px) 100vw, 1024px\" \/><\/figure>\n","protected":false},"excerpt":{"rendered":"<p>La rehabilitaci\u00f3n del sistema de recolecci\u00f3n favorece la din\u00e1mica comercial de la zona, adem\u00e1s del impacto directo en los hogares\u200e\u200e(Prensa Ministerio de las Aguas &#8211; 01-09-2026).- El Ministerio del Poder Popular de las Aguas (MinAguas), la Gobernaci\u00f3n y Alcald\u00eda de la localidad avanzan en los trabajos de optimizaci\u00f3n del sistema de saneamiento en el municipio [&hellip;]<\/p>\n","protected":false},"author":34,"featured_media":17397,"comment_status":"closed","ping_status":"open","sticky":false,"template":"","format":"standard","meta":{"footnotes":""},"categories":[1],"tags":[77,254,45,44],"class_list":["post-17396","post","type-post","status-publish","format-standard","has-post-thumbnail","hentry","category-noticias","tag-aguas-servidas","tag-equipo-multidisciplinario-del-agua","tag-regionales","tag-yaracuy"],"_links":{"self":[{"href":"https:\/\/minaguas.gob.ve\/index.php?rest_route=\/wp\/v2\/posts\/17396","targetHints":{"allow":["GET"]}}],"collection":[{"href":"https:\/\/minaguas.gob.ve\/index.php?rest_route=\/wp\/v2\/posts"}],"about":[{"href":"https:\/\/minaguas.gob.ve\/index.php?rest_route=\/wp\/v2\/types\/post"}],"author":[{"embeddable":true,"href":"https:\/\/minaguas.gob.ve\/index.php?rest_route=\/wp\/v2\/users\/34"}],"replies":[{"embeddable":true,"href":"https:\/\/minaguas.gob.ve\/index.php?rest_route=%2Fwp%2Fv2%2Fcomments&post=17396"}],"version-history":[{"count":1,"href":"https:\/\/minaguas.gob.ve\/index.php?rest_route=\/wp\/v2\/posts\/17396\/revisions"}],"predecessor-version":[{"id":17401,"href":"https:\/\/minaguas.gob.ve\/index.php?rest_route=\/wp\/v2\/posts\/17396\/revisions\/17401"}],"wp:featuredmedia":[{"embeddable":true,"href":"https:\/\/minaguas.gob.ve\/index.php?rest_route=\/wp\/v2\/media\/17397"}],"wp:attachment":[{"href":"https:\/\/minaguas.gob.ve\/index.php?rest_route=%2Fwp%2Fv2%2Fmedia&parent=17396"}],"wp:term":[{"taxonomy":"category","embeddable":true,"href":"https:\/\/minaguas.gob.ve\/index.php?rest_route=%2Fwp%2Fv2%2Fcategories&post=17396"},{"taxonomy":"post_tag","embeddable":true,"href":"https:\/\/minaguas.gob.ve\/index.php?rest_route=%2Fwp%2Fv2%2Ftags&post=17396"}],"curies":[{"name":"wp","href":"https:\/\/api.w.org\/{rel}","templated":true}]}}