{"id":17390,"date":"2026-08-31T18:44:33","date_gmt":"2026-08-31T22:44:33","guid":{"rendered":"https:\/\/minaguas.gob.ve\/?p=17390"},"modified":"2026-08-31T18:44:33","modified_gmt":"2026-08-31T22:44:33","slug":"avanza-proyecto-de-agua-potable-en-jose-felix-ribas-en-apure","status":"publish","type":"post","link":"https:\/\/minaguas.gob.ve\/?p=17390","title":{"rendered":"Avanza proyecto de agua potable en Jos\u00e9 F\u00e9lix Ribas en Apure"},"content":{"rendered":"\n<p><em>El proyecto optimiza el servicio de agua potable para m\u00e1s de 600 familias<\/em><\/p>\n\n\n\n<p><strong>(Prensa Ministerio de las Aguas \u2013 31-08-2026).-<\/strong> En el marco de la ejecuci\u00f3n de los proyectos aprobados mediante la Consulta Popular Nacional, el Equipo Multidisciplinario del Agua en Apure lleva a cabo el refuerzo y optimizaci\u00f3n de la red de distribuci\u00f3n de agua potable en el sector Jos\u00e9 F\u00e9lix Ribas. Esta importante obra de infraestructura hidr\u00e1ulica atiende a m\u00e1s de 600 familias del sector perteneciente a la Comuna \u00abLos Jos\u00e9\u00bb del municipio San Fernando, estado Apure.<\/p>\n\n\n\n<p>Las labores t\u00e9cnicas desplegadas en la comunidad contemplan la instalaci\u00f3n de 80 metros lineales de tuber\u00eda PEAD (Polietileno de Alta Densidad) de 4 pulgadas de di\u00e1metro, para garantizar la correcta fluidez y la presurizaci\u00f3n del sistema, exploraciones con maquinaria pesada tipo retroexcavadora. Los Trabajadores del Agua realizaron labores de empalme correspondientes, conectando la nueva l\u00ednea desde una tuber\u00eda principal de hierro de 12 pulgadas hacia la red de 4 pulgadas.<\/p>\n\n\n\n<p>La ejecuci\u00f3n de este proyecto demuestra la efectividad del trabajo articulado con el Poder Popular organizado. Las adecuaciones en la infraestructura h\u00eddrica del sector Jos\u00e9 F\u00e9lix Ribas permitir\u00e1n estabilizar el suministro y garantizar que el vital l\u00edquido llegue de manera eficiente a cada uno de los hogares que conforman la comuna.<\/p>\n\n\n\n<p>Al respecto, la vocera principal de la comunidad, Dulbis Artahona, expres\u00f3 su gratitud por la ejecuci\u00f3n de dicho proyecto, \u201cestamos 100 % agradecidos con todo el equipo de Hidroven, por qu\u00e9 gracias a los trabajos que se hicieron nuestra comunidad tendr\u00e1 un mejor servicio de agua potable con mayor presi\u00f3n y caudal en las tuber\u00edas\u201d.<\/p>\n\n\n\n<p>De esta manera, el Gobierno Bolivariano reafirma su compromiso con el Pueblo llanero de garantizar servicios p\u00fablicos \u00f3ptimos para impulsar su bienestar y calidad de vida.<\/p>\n\n\n\n<figure class=\"wp-block-gallery has-nested-images columns-default is-cropped wp-block-gallery-1 is-layout-flex wp-block-gallery-is-layout-flex\">\n<figure class=\"wp-block-image size-large\"><img loading=\"lazy\" decoding=\"async\" width=\"1024\" height=\"768\" data-id=\"17392\" src=\"https:\/\/minaguas.gob.ve\/wp-content\/uploads\/2026\/08\/WhatsApp-Image-2026-08-31-at-2.37.52-PM-1-1024x768.jpeg\" alt=\"\" class=\"wp-image-17392\" srcset=\"https:\/\/minaguas.gob.ve\/wp-content\/uploads\/2026\/08\/WhatsApp-Image-2026-08-31-at-2.37.52-PM-1-1024x768.jpeg 1024w, https:\/\/minaguas.gob.ve\/wp-content\/uploads\/2026\/08\/WhatsApp-Image-2026-08-31-at-2.37.52-PM-1-300x225.jpeg 300w, https:\/\/minaguas.gob.ve\/wp-content\/uploads\/2026\/08\/WhatsApp-Image-2026-08-31-at-2.37.52-PM-1-768x576.jpeg 768w, https:\/\/minaguas.gob.ve\/wp-content\/uploads\/2026\/08\/WhatsApp-Image-2026-08-31-at-2.37.52-PM-1.jpeg 1080w\" sizes=\"auto, (max-width: 1024px) 100vw, 1024px\" \/><\/figure>\n\n\n\n<figure class=\"wp-block-image size-large\"><img loading=\"lazy\" decoding=\"async\" width=\"1024\" height=\"768\" data-id=\"17393\" src=\"https:\/\/minaguas.gob.ve\/wp-content\/uploads\/2026\/08\/WhatsApp-Image-2026-08-31-at-2.37.52-PM-1024x768.jpeg\" alt=\"\" class=\"wp-image-17393\" srcset=\"https:\/\/minaguas.gob.ve\/wp-content\/uploads\/2026\/08\/WhatsApp-Image-2026-08-31-at-2.37.52-PM-1024x768.jpeg 1024w, https:\/\/minaguas.gob.ve\/wp-content\/uploads\/2026\/08\/WhatsApp-Image-2026-08-31-at-2.37.52-PM-300x225.jpeg 300w, https:\/\/minaguas.gob.ve\/wp-content\/uploads\/2026\/08\/WhatsApp-Image-2026-08-31-at-2.37.52-PM-768x576.jpeg 768w, https:\/\/minaguas.gob.ve\/wp-content\/uploads\/2026\/08\/WhatsApp-Image-2026-08-31-at-2.37.52-PM.jpeg 1080w\" sizes=\"auto, (max-width: 1024px) 100vw, 1024px\" \/><\/figure>\n\n\n\n<figure class=\"wp-block-image size-large\"><img loading=\"lazy\" decoding=\"async\" width=\"1024\" height=\"768\" data-id=\"17394\" src=\"https:\/\/minaguas.gob.ve\/wp-content\/uploads\/2026\/08\/WhatsApp-Image-2026-08-31-at-2.37.51-PM-1-1024x768.jpeg\" alt=\"\" class=\"wp-image-17394\" srcset=\"https:\/\/minaguas.gob.ve\/wp-content\/uploads\/2026\/08\/WhatsApp-Image-2026-08-31-at-2.37.51-PM-1-1024x768.jpeg 1024w, https:\/\/minaguas.gob.ve\/wp-content\/uploads\/2026\/08\/WhatsApp-Image-2026-08-31-at-2.37.51-PM-1-300x225.jpeg 300w, https:\/\/minaguas.gob.ve\/wp-content\/uploads\/2026\/08\/WhatsApp-Image-2026-08-31-at-2.37.51-PM-1-768x576.jpeg 768w, https:\/\/minaguas.gob.ve\/wp-content\/uploads\/2026\/08\/WhatsApp-Image-2026-08-31-at-2.37.51-PM-1.jpeg 1080w\" sizes=\"auto, (max-width: 1024px) 100vw, 1024px\" \/><\/figure>\n<\/figure>\n","protected":false},"excerpt":{"rendered":"<p>El proyecto optimiza el servicio de agua potable para m\u00e1s de 600 familias (Prensa Ministerio de las Aguas \u2013 31-08-2026).- En el marco de la ejecuci\u00f3n de los proyectos aprobados mediante la Consulta Popular Nacional, el Equipo Multidisciplinario del Agua en Apure lleva a cabo el refuerzo y optimizaci\u00f3n de la red de distribuci\u00f3n de [&hellip;]<\/p>\n","protected":false},"author":27,"featured_media":17391,"comment_status":"closed","ping_status":"open","sticky":false,"template":"","format":"standard","meta":{"footnotes":""},"categories":[1],"tags":[42,62,254,45],"class_list":["post-17390","post","type-post","status-publish","format-standard","has-post-thumbnail","hentry","category-noticias","tag-agua-potable","tag-apure","tag-equipo-multidisciplinario-del-agua","tag-regionales"],"_links":{"self":[{"href":"https:\/\/minaguas.gob.ve\/index.php?rest_route=\/wp\/v2\/posts\/17390","targetHints":{"allow":["GET"]}}],"collection":[{"href":"https:\/\/minaguas.gob.ve\/index.php?rest_route=\/wp\/v2\/posts"}],"about":[{"href":"https:\/\/minaguas.gob.ve\/index.php?rest_route=\/wp\/v2\/types\/post"}],"author":[{"embeddable":true,"href":"https:\/\/minaguas.gob.ve\/index.php?rest_route=\/wp\/v2\/users\/27"}],"replies":[{"embeddable":true,"href":"https:\/\/minaguas.gob.ve\/index.php?rest_route=%2Fwp%2Fv2%2Fcomments&post=17390"}],"version-history":[{"count":1,"href":"https:\/\/minaguas.gob.ve\/index.php?rest_route=\/wp\/v2\/posts\/17390\/revisions"}],"predecessor-version":[{"id":17395,"href":"https:\/\/minaguas.gob.ve\/index.php?rest_route=\/wp\/v2\/posts\/17390\/revisions\/17395"}],"wp:featuredmedia":[{"embeddable":true,"href":"https:\/\/minaguas.gob.ve\/index.php?rest_route=\/wp\/v2\/media\/17391"}],"wp:attachment":[{"href":"https:\/\/minaguas.gob.ve\/index.php?rest_route=%2Fwp%2Fv2%2Fmedia&parent=17390"}],"wp:term":[{"taxonomy":"category","embeddable":true,"href":"https:\/\/minaguas.gob.ve\/index.php?rest_route=%2Fwp%2Fv2%2Fcategories&post=17390"},{"taxonomy":"post_tag","embeddable":true,"href":"https:\/\/minaguas.gob.ve\/index.php?rest_route=%2Fwp%2Fv2%2Ftags&post=17390"}],"curies":[{"name":"wp","href":"https:\/\/api.w.org\/{rel}","templated":true}]}}