{"id":1722,"date":"2021-11-29T12:17:58","date_gmt":"2021-11-29T16:17:58","guid":{"rendered":"https:\/\/minaguas.gob.ve\/?p=1722"},"modified":"2021-11-29T12:17:58","modified_gmt":"2021-11-29T16:17:58","slug":"hidrocentro-reparo-fuga-de-agua-potable-en-la-parroquia-rafael-urdaneta-del-estado-carabobo","status":"publish","type":"post","link":"https:\/\/minaguas.gob.ve\/?p=1722","title":{"rendered":"Hidrocentro repar\u00f3 fuga de agua potable en la parroquia Rafael Urdaneta del estado Carabobo"},"content":{"rendered":"\n<div class=\"wp-block-image\"><figure class=\"aligncenter size-large\"><img loading=\"lazy\" decoding=\"async\" width=\"768\" height=\"1024\" src=\"https:\/\/minaguas.gob.ve\/wp-content\/uploads\/2021\/11\/WhatsApp-Image-2021-11-28-at-7.48.54-PM-768x1024.jpeg\" alt=\"\" class=\"wp-image-1723\" srcset=\"https:\/\/minaguas.gob.ve\/wp-content\/uploads\/2021\/11\/WhatsApp-Image-2021-11-28-at-7.48.54-PM-768x1024.jpeg 768w, https:\/\/minaguas.gob.ve\/wp-content\/uploads\/2021\/11\/WhatsApp-Image-2021-11-28-at-7.48.54-PM-225x300.jpeg 225w, https:\/\/minaguas.gob.ve\/wp-content\/uploads\/2021\/11\/WhatsApp-Image-2021-11-28-at-7.48.54-PM.jpeg 780w\" sizes=\"auto, (max-width: 768px) 100vw, 768px\" \/><\/figure><\/div>\n\n\n\n<p><strong><em>Dichos trabajos benefician a 8.000 habitantes de las comunidades Bucaral Sur, Valle de Oro, Las Petrocasas de Bucaral<\/em><\/strong><\/p>\n\n\n\n<p><strong>(Prensa MinAguas 29-11-2021).<\/strong>&#8211; Pueblo Trabajador del Agua de la Hidrol\u00f3gica del Centro (Hidrocentro) efectu\u00f3 la reparaci\u00f3n de una aver\u00eda registrada en una tuber\u00eda de 10&#8243; en la urbanizaci\u00f3n Bucaral Sur, parroquia Rafael Urdaneta del municipio Valencia, estado Carabobo.<\/p>\n\n\n\n<p>Las labores consistieron en la sustituci\u00f3n de 6 metros lineales de tuber\u00eda PEAD, as\u00ed como la instalaci\u00f3n de dos juntas de 10&#8243; di\u00e1metro adaptadoras.<\/p>\n\n\n\n<p>Para estas maniobras el personal requiri\u00f3 utilizar una m\u00e1quina retroexcavadora de la Alcald\u00eda de Valencia, as\u00ed como un cami\u00f3n vacun perteneciente a la hidrol\u00f3gica.<\/p>\n\n\n\n<p>Dichos trabajos benefician a 8.000 habitantes de las comunidades Bucaral Sur, Valle de Oro, Las Petrocasas de Bucaral y el ambulatorio de Bucaral de Flor Amarillo.<\/p>\n\n\n\n<figure class=\"wp-block-gallery columns-2 is-cropped wp-block-gallery-1 is-layout-flex wp-block-gallery-is-layout-flex\"><ul class=\"blocks-gallery-grid\"><li class=\"blocks-gallery-item\"><figure><img loading=\"lazy\" decoding=\"async\" width=\"768\" height=\"1024\" src=\"https:\/\/minaguas.gob.ve\/wp-content\/uploads\/2021\/11\/WhatsApp-Image-2021-11-28-at-7.48.58-PM-768x1024.jpeg\" alt=\"\" data-id=\"1724\" data-full-url=\"https:\/\/minaguas.gob.ve\/wp-content\/uploads\/2021\/11\/WhatsApp-Image-2021-11-28-at-7.48.58-PM.jpeg\" data-link=\"https:\/\/minaguas.gob.ve\/?attachment_id=1724\" class=\"wp-image-1724\" srcset=\"https:\/\/minaguas.gob.ve\/wp-content\/uploads\/2021\/11\/WhatsApp-Image-2021-11-28-at-7.48.58-PM-768x1024.jpeg 768w, https:\/\/minaguas.gob.ve\/wp-content\/uploads\/2021\/11\/WhatsApp-Image-2021-11-28-at-7.48.58-PM-225x300.jpeg 225w, https:\/\/minaguas.gob.ve\/wp-content\/uploads\/2021\/11\/WhatsApp-Image-2021-11-28-at-7.48.58-PM.jpeg 780w\" sizes=\"auto, (max-width: 768px) 100vw, 768px\" \/><\/figure><\/li><li class=\"blocks-gallery-item\"><figure><img loading=\"lazy\" decoding=\"async\" width=\"768\" height=\"1024\" src=\"https:\/\/minaguas.gob.ve\/wp-content\/uploads\/2021\/11\/WhatsApp-Image-2021-11-28-at-7.48.57-PM-768x1024.jpeg\" alt=\"\" data-id=\"1725\" data-full-url=\"https:\/\/minaguas.gob.ve\/wp-content\/uploads\/2021\/11\/WhatsApp-Image-2021-11-28-at-7.48.57-PM.jpeg\" data-link=\"https:\/\/minaguas.gob.ve\/?attachment_id=1725\" class=\"wp-image-1725\" srcset=\"https:\/\/minaguas.gob.ve\/wp-content\/uploads\/2021\/11\/WhatsApp-Image-2021-11-28-at-7.48.57-PM-768x1024.jpeg 768w, https:\/\/minaguas.gob.ve\/wp-content\/uploads\/2021\/11\/WhatsApp-Image-2021-11-28-at-7.48.57-PM-225x300.jpeg 225w, https:\/\/minaguas.gob.ve\/wp-content\/uploads\/2021\/11\/WhatsApp-Image-2021-11-28-at-7.48.57-PM.jpeg 780w\" sizes=\"auto, (max-width: 768px) 100vw, 768px\" \/><\/figure><\/li><\/ul><\/figure>\n","protected":false},"excerpt":{"rendered":"<p>Dichos trabajos benefician a 8.000 habitantes de las comunidades Bucaral Sur, Valle de Oro, Las Petrocasas de Bucaral (Prensa MinAguas 29-11-2021).&#8211; Pueblo Trabajador del Agua de la Hidrol\u00f3gica del Centro (Hidrocentro) efectu\u00f3 la reparaci\u00f3n de una aver\u00eda registrada en una tuber\u00eda de 10&#8243; en la urbanizaci\u00f3n Bucaral Sur, parroquia Rafael Urdaneta del municipio Valencia, estado [&hellip;]<\/p>\n","protected":false},"author":28,"featured_media":1723,"comment_status":"open","ping_status":"open","sticky":false,"template":"","format":"standard","meta":{"footnotes":""},"categories":[1],"tags":[8],"class_list":["post-1722","post","type-post","status-publish","format-standard","has-post-thumbnail","hentry","category-noticias","tag-nacionales"],"_links":{"self":[{"href":"https:\/\/minaguas.gob.ve\/index.php?rest_route=\/wp\/v2\/posts\/1722","targetHints":{"allow":["GET"]}}],"collection":[{"href":"https:\/\/minaguas.gob.ve\/index.php?rest_route=\/wp\/v2\/posts"}],"about":[{"href":"https:\/\/minaguas.gob.ve\/index.php?rest_route=\/wp\/v2\/types\/post"}],"author":[{"embeddable":true,"href":"https:\/\/minaguas.gob.ve\/index.php?rest_route=\/wp\/v2\/users\/28"}],"replies":[{"embeddable":true,"href":"https:\/\/minaguas.gob.ve\/index.php?rest_route=%2Fwp%2Fv2%2Fcomments&post=1722"}],"version-history":[{"count":0,"href":"https:\/\/minaguas.gob.ve\/index.php?rest_route=\/wp\/v2\/posts\/1722\/revisions"}],"wp:featuredmedia":[{"embeddable":true,"href":"https:\/\/minaguas.gob.ve\/index.php?rest_route=\/wp\/v2\/media\/1723"}],"wp:attachment":[{"href":"https:\/\/minaguas.gob.ve\/index.php?rest_route=%2Fwp%2Fv2%2Fmedia&parent=1722"}],"wp:term":[{"taxonomy":"category","embeddable":true,"href":"https:\/\/minaguas.gob.ve\/index.php?rest_route=%2Fwp%2Fv2%2Fcategories&post=1722"},{"taxonomy":"post_tag","embeddable":true,"href":"https:\/\/minaguas.gob.ve\/index.php?rest_route=%2Fwp%2Fv2%2Ftags&post=1722"}],"curies":[{"name":"wp","href":"https:\/\/api.w.org\/{rel}","templated":true}]}}