{"id":1563,"date":"2021-11-13T15:55:55","date_gmt":"2021-11-13T19:55:55","guid":{"rendered":"https:\/\/minaguas.gob.ve\/?p=1563"},"modified":"2021-11-13T15:55:55","modified_gmt":"2021-11-13T19:55:55","slug":"ministro-marco-torres-en-50-dias-hemos-recuperado-mas-de-300-pozos-de-agua-en-el-pais","status":"publish","type":"post","link":"https:\/\/minaguas.gob.ve\/?p=1563","title":{"rendered":"Ministro Marco Torres: \u00abEn 50 d\u00edas hemos recuperado m\u00e1s de 300 pozos de agua en el pa\u00eds\u00bb"},"content":{"rendered":"\n<div class=\"wp-block-image\"><figure class=\"aligncenter size-large\"><img loading=\"lazy\" decoding=\"async\" width=\"1024\" height=\"683\" src=\"https:\/\/minaguas.gob.ve\/wp-content\/uploads\/2021\/11\/WhatsApp-Image-2021-09-29-at-5.47.32-PM-1024x683.jpeg\" alt=\"\" class=\"wp-image-1564\" srcset=\"https:\/\/minaguas.gob.ve\/wp-content\/uploads\/2021\/11\/WhatsApp-Image-2021-09-29-at-5.47.32-PM-1024x683.jpeg 1024w, https:\/\/minaguas.gob.ve\/wp-content\/uploads\/2021\/11\/WhatsApp-Image-2021-09-29-at-5.47.32-PM-300x200.jpeg 300w, https:\/\/minaguas.gob.ve\/wp-content\/uploads\/2021\/11\/WhatsApp-Image-2021-09-29-at-5.47.32-PM-768x512.jpeg 768w, https:\/\/minaguas.gob.ve\/wp-content\/uploads\/2021\/11\/WhatsApp-Image-2021-09-29-at-5.47.32-PM.jpeg 1080w\" sizes=\"auto, (max-width: 1024px) 100vw, 1024px\" \/><\/figure><\/div>\n\n\n\n<p><em><strong>La informaci\u00f3n la dio a conocer durante un contacto telef\u00f3nico con el programa \u00abNunca es Tarde\u00bb, transmitido por Radio Miraflores, la noche de este viernes 12 de noviembre<br><\/strong><\/em><br><strong>(Prensa MinAguas 12-11-2021).- <\/strong>Para el final del mes de noviembre se incorporar\u00e1n m\u00e1s de 4 mil 500 litros de agua por segundo al Sistema H\u00eddrico Nacional, con la activaci\u00f3n de 320 pozos de agua profunda, lo cual se traduce en una mayor disponibilidad del vital l\u00edquido en todo el pa\u00eds, as\u00ed lo inform\u00f3 el ministro del Poder Popular de Atenci\u00f3n de las Aguas (MinAguas), G\/D Rodolfo Marco Torres.<\/p>\n\n\n\n<p>El titular de la cartera de Aguas resalt\u00f3 que en apenas 50 d\u00edas de gesti\u00f3n se han logrado recuperar esta importante cantidad de pozos, gracias a que se ha mantenido desplegado en el territorio nacional, junto al resto de los viceministros, las hidrol\u00f3gicas y el pueblo trabajador, en b\u00fasqueda de soluciones en materia del servicio de agua potable y saneamiento.<\/p>\n\n\n\n<p>\u201cHemos trabajado de la mano con el pueblo, escuch\u00e1ndolo y atendi\u00e9ndolo, a\u00fan con las adversidades producidas por el bloqueo y las sanciones econ\u00f3micas, trabajando con el poder popular, siguiendo las instrucciones del presidente de la Rep\u00fablica, Nicol\u00e1s Maduro; la vicepresidenta ejecutiva, Delcy Rodr\u00edguez, al lado del vicepresidente sectorial de Obras P\u00fablicas y Servicios, N\u00e9stor Reverol\u201d, expres\u00f3 Marco Torres.<\/p>\n\n\n\n<p>En cuanto al trabajo desarrollado por los hombres y mujeres que mantienen un alto nivel de compromiso en torno a la prestaci\u00f3n del servicio de agua, Marco Torres manifest\u00f3: \u201cQuiero hacer un reconocimiento especial a los trabajadores del agua, a esa clase obrera comprometida con el pueblo, a las Brigadas del Poder Popular de las Aguas (BRIPPAS), que siempre est\u00e1n en las comunidades al lado del pueblo corrigiendo las aver\u00edas menores, atacando las tomas ilegales que afectan la presurizaci\u00f3n del sistema y con ello la prestaci\u00f3n del servicio, porque cada gota cuenta\u201d.<\/p>\n\n\n\n<p>Destac\u00f3 que desde que asumi\u00f3 la responsabilidad frente al MinAguas se ha desplegado en los estados Zulia, Falc\u00f3n, Miranda La Guaira, Sucre, Yaracuy, Lara, Nueva Esparta, Bol\u00edvar, Distrito Capital, Anzo\u00e1tegui, Cojedes, Trujillo, T\u00e1chira y pronto visitar\u00e1n Barinas; como parte de las metas trazadas para este 2021.<\/p>\n\n\n\n<p>\u201cMi meta este a\u00f1o es visitar todos los estados, reunirme con los trabajadores, conocer sus experiencias, planes y necesidades, as\u00ed como con el pueblo organizado, las Mesas T\u00e9cnicas del Agua (MTA), las cuales debemos seguir impulsando su conformaci\u00f3n. Asimismo, es una obligaci\u00f3n de las Unidades Territoriales de Atenci\u00f3n de las Aguas y de todo MinAguas o\u00edr y atender al pueblo, eso nos dar\u00e1 buenos resultados, a pesar de los problemas\u201d, precis\u00f3.<\/p>\n\n\n\n<p>Anunci\u00f3 que desde las hidrol\u00f3gicas del pa\u00eds se encuentran desarrollando un plan denominado \u201cS\u00e1bado de Transporte, Maquinaria y Equipo\u201d, que consiste en la rehabilitaci\u00f3n y recuperaci\u00f3n del parque automotor del sector h\u00eddrico y del todo equipamiento necesario que permite dar respuestas r\u00e1pidas al pueblo.<\/p>\n\n\n\n<p>Finalmente, felicit\u00f3 a los conductores de este espacio radial por esta nueva ventana en la que se puede informar a la colectividad sobre el trabajo que desarrolla el Gobierno Bolivariano en materia de servicios p\u00fablicos.<\/p>\n","protected":false},"excerpt":{"rendered":"<p>La informaci\u00f3n la dio a conocer durante un contacto telef\u00f3nico con el programa \u00abNunca es Tarde\u00bb, transmitido por Radio Miraflores, la noche de este viernes 12 de noviembre(Prensa MinAguas 12-11-2021).- Para el final del mes de noviembre se incorporar\u00e1n m\u00e1s de 4 mil 500 litros de agua por segundo al Sistema H\u00eddrico Nacional, con la [&hellip;]<\/p>\n","protected":false},"author":28,"featured_media":1564,"comment_status":"open","ping_status":"open","sticky":false,"template":"","format":"standard","meta":{"footnotes":""},"categories":[1],"tags":[8],"class_list":["post-1563","post","type-post","status-publish","format-standard","has-post-thumbnail","hentry","category-noticias","tag-nacionales"],"_links":{"self":[{"href":"https:\/\/minaguas.gob.ve\/index.php?rest_route=\/wp\/v2\/posts\/1563","targetHints":{"allow":["GET"]}}],"collection":[{"href":"https:\/\/minaguas.gob.ve\/index.php?rest_route=\/wp\/v2\/posts"}],"about":[{"href":"https:\/\/minaguas.gob.ve\/index.php?rest_route=\/wp\/v2\/types\/post"}],"author":[{"embeddable":true,"href":"https:\/\/minaguas.gob.ve\/index.php?rest_route=\/wp\/v2\/users\/28"}],"replies":[{"embeddable":true,"href":"https:\/\/minaguas.gob.ve\/index.php?rest_route=%2Fwp%2Fv2%2Fcomments&post=1563"}],"version-history":[{"count":0,"href":"https:\/\/minaguas.gob.ve\/index.php?rest_route=\/wp\/v2\/posts\/1563\/revisions"}],"wp:featuredmedia":[{"embeddable":true,"href":"https:\/\/minaguas.gob.ve\/index.php?rest_route=\/wp\/v2\/media\/1564"}],"wp:attachment":[{"href":"https:\/\/minaguas.gob.ve\/index.php?rest_route=%2Fwp%2Fv2%2Fmedia&parent=1563"}],"wp:term":[{"taxonomy":"category","embeddable":true,"href":"https:\/\/minaguas.gob.ve\/index.php?rest_route=%2Fwp%2Fv2%2Fcategories&post=1563"},{"taxonomy":"post_tag","embeddable":true,"href":"https:\/\/minaguas.gob.ve\/index.php?rest_route=%2Fwp%2Fv2%2Ftags&post=1563"}],"curies":[{"name":"wp","href":"https:\/\/api.w.org\/{rel}","templated":true}]}}