{"id":1551,"date":"2021-11-11T18:23:31","date_gmt":"2021-11-11T22:23:31","guid":{"rendered":"https:\/\/minaguas.gob.ve\/?p=1551"},"modified":"2021-11-11T18:47:56","modified_gmt":"2021-11-11T22:47:56","slug":"hidrocapital-culmino-trabajos-de-reparacion-en-la-calle-estadio-de-alta-vista","status":"publish","type":"post","link":"https:\/\/minaguas.gob.ve\/?p=1551","title":{"rendered":"Hidrocapital culmin\u00f3 trabajos de reparaci\u00f3n de aver\u00eda en la calle Estadio de Alta Vista"},"content":{"rendered":"\n<div class=\"wp-block-image\"><figure class=\"aligncenter size-full\"><img loading=\"lazy\" decoding=\"async\" width=\"480\" height=\"550\" src=\"https:\/\/minaguas.gob.ve\/wp-content\/uploads\/2021\/11\/WhatsApp-Image-2021-11-11-at-5.59.33-PM-2.jpeg\" alt=\"\" class=\"wp-image-1552\" srcset=\"https:\/\/minaguas.gob.ve\/wp-content\/uploads\/2021\/11\/WhatsApp-Image-2021-11-11-at-5.59.33-PM-2.jpeg 480w, https:\/\/minaguas.gob.ve\/wp-content\/uploads\/2021\/11\/WhatsApp-Image-2021-11-11-at-5.59.33-PM-2-262x300.jpeg 262w\" sizes=\"auto, (max-width: 480px) 100vw, 480px\" \/><\/figure><\/div>\n\n\n\n<p><strong><em>Durante la jornada se reemplaz\u00f3 un colector de 16 pulgadas con una longitud de 82 metros de largo aproximadamente. <\/em><\/strong><\/p>\n\n\n\n<p><strong>(Prensa MinAguas \/ Hidrocapital 11-11-2021).-<\/strong> El Pueblo Trabajador de Hidrocapital corrigi\u00f3 una aver\u00eda registrada en la calle Estadio, ubicada en el sector Alta Vista de la parroquia Sucre, en Caracas.<\/p>\n\n\n\n<p>El incidente fue reportado por los vecinos a la hidrol\u00f3gica, la cual, de manera inmediata despleg\u00f3 su fuerza laboral para realizar trabajos de inspecci\u00f3n, excavaci\u00f3n, rotura con maquinaria pesada y reemplazo de las tuber\u00edas da\u00f1adas.<\/p>\n\n\n\n<p>Las labores multidisciplinarias ejecutadas por el equipo de Hidrocapital, en conjunto con Corpoelec, se extendieron durante varios d\u00edas debido a la magnitud de la afectaci\u00f3n en el colector de aguas servidas y tuber\u00edas de agua potable.<\/p>\n\n\n\n<p>El ingeniero El\u00edas Hern\u00e1ndez, coordinador del \u00e1rea 3 de la instituci\u00f3n h\u00eddrica, precis\u00f3 que durante la jornada se reemplaz\u00f3 un colector de 16 pulgadas con una longitud de 82 metros de largo aproximadamente.<\/p>\n\n\n\n<p>Por su parte, Eduard Guzm\u00e1n, vocero de la \u201cComuna Jose P\u00e9rez M\u00e9ndez\u201d, reiter\u00f3 su \u201capoyo a las cuadrillas de Hidrocapital que respondieron al llamado desde el primer d\u00eda del incidente, realizando los trabajos requeridos para dar respuesta a la comunidad\u201d.<\/p>\n\n\n\n<p>Hidrocapital contin\u00faa trabajando arduamente y de manera eficiente, a trav\u00e9s de la implementaci\u00f3n de las maniobras preventivas, correctivas y de mantenimiento necesarias, para garantizar el suministro de agua a la poblaci\u00f3n.<\/p>\n\n\n\n<p><strong>Prensa Hidrocapital \/ Joselin Rodr\u00edguez<\/strong><\/p>\n\n\n\n<figure class=\"wp-block-gallery columns-3 is-cropped wp-block-gallery-1 is-layout-flex wp-block-gallery-is-layout-flex\"><ul class=\"blocks-gallery-grid\"><li class=\"blocks-gallery-item\"><figure><img loading=\"lazy\" decoding=\"async\" width=\"473\" height=\"1024\" src=\"https:\/\/minaguas.gob.ve\/wp-content\/uploads\/2021\/11\/WhatsApp-Image-2021-11-11-at-5.59.34-PM-473x1024.jpeg\" alt=\"\" data-id=\"1553\" data-full-url=\"https:\/\/minaguas.gob.ve\/wp-content\/uploads\/2021\/11\/WhatsApp-Image-2021-11-11-at-5.59.34-PM.jpeg\" data-link=\"https:\/\/minaguas.gob.ve\/?attachment_id=1553\" class=\"wp-image-1553\" srcset=\"https:\/\/minaguas.gob.ve\/wp-content\/uploads\/2021\/11\/WhatsApp-Image-2021-11-11-at-5.59.34-PM-473x1024.jpeg 473w, https:\/\/minaguas.gob.ve\/wp-content\/uploads\/2021\/11\/WhatsApp-Image-2021-11-11-at-5.59.34-PM-138x300.jpeg 138w, https:\/\/minaguas.gob.ve\/wp-content\/uploads\/2021\/11\/WhatsApp-Image-2021-11-11-at-5.59.34-PM.jpeg 480w\" sizes=\"auto, (max-width: 473px) 100vw, 473px\" \/><\/figure><\/li><li class=\"blocks-gallery-item\"><figure><img loading=\"lazy\" decoding=\"async\" width=\"473\" height=\"1024\" src=\"https:\/\/minaguas.gob.ve\/wp-content\/uploads\/2021\/11\/WhatsApp-Image-2021-11-11-at-5.59.33-PM-1-473x1024.jpeg\" alt=\"\" data-id=\"1554\" data-full-url=\"https:\/\/minaguas.gob.ve\/wp-content\/uploads\/2021\/11\/WhatsApp-Image-2021-11-11-at-5.59.33-PM-1.jpeg\" data-link=\"https:\/\/minaguas.gob.ve\/?attachment_id=1554\" class=\"wp-image-1554\" srcset=\"https:\/\/minaguas.gob.ve\/wp-content\/uploads\/2021\/11\/WhatsApp-Image-2021-11-11-at-5.59.33-PM-1-473x1024.jpeg 473w, https:\/\/minaguas.gob.ve\/wp-content\/uploads\/2021\/11\/WhatsApp-Image-2021-11-11-at-5.59.33-PM-1-138x300.jpeg 138w, https:\/\/minaguas.gob.ve\/wp-content\/uploads\/2021\/11\/WhatsApp-Image-2021-11-11-at-5.59.33-PM-1.jpeg 480w\" sizes=\"auto, (max-width: 473px) 100vw, 473px\" \/><\/figure><\/li><li class=\"blocks-gallery-item\"><figure><img loading=\"lazy\" decoding=\"async\" width=\"473\" height=\"1024\" src=\"https:\/\/minaguas.gob.ve\/wp-content\/uploads\/2021\/11\/WhatsApp-Image-2021-11-11-at-5.59.33-PM-473x1024.jpeg\" alt=\"\" data-id=\"1555\" data-full-url=\"https:\/\/minaguas.gob.ve\/wp-content\/uploads\/2021\/11\/WhatsApp-Image-2021-11-11-at-5.59.33-PM.jpeg\" data-link=\"https:\/\/minaguas.gob.ve\/?attachment_id=1555\" class=\"wp-image-1555\" srcset=\"https:\/\/minaguas.gob.ve\/wp-content\/uploads\/2021\/11\/WhatsApp-Image-2021-11-11-at-5.59.33-PM-473x1024.jpeg 473w, https:\/\/minaguas.gob.ve\/wp-content\/uploads\/2021\/11\/WhatsApp-Image-2021-11-11-at-5.59.33-PM-138x300.jpeg 138w, https:\/\/minaguas.gob.ve\/wp-content\/uploads\/2021\/11\/WhatsApp-Image-2021-11-11-at-5.59.33-PM.jpeg 480w\" sizes=\"auto, (max-width: 473px) 100vw, 473px\" \/><\/figure><\/li><\/ul><\/figure>\n","protected":false},"excerpt":{"rendered":"<p>Durante la jornada se reemplaz\u00f3 un colector de 16 pulgadas con una longitud de 82 metros de largo aproximadamente. (Prensa MinAguas \/ Hidrocapital 11-11-2021).- El Pueblo Trabajador de Hidrocapital corrigi\u00f3 una aver\u00eda registrada en la calle Estadio, ubicada en el sector Alta Vista de la parroquia Sucre, en Caracas. El incidente fue reportado por los [&hellip;]<\/p>\n","protected":false},"author":28,"featured_media":1552,"comment_status":"open","ping_status":"open","sticky":false,"template":"","format":"standard","meta":{"footnotes":""},"categories":[1],"tags":[8],"class_list":["post-1551","post","type-post","status-publish","format-standard","has-post-thumbnail","hentry","category-noticias","tag-nacionales"],"_links":{"self":[{"href":"https:\/\/minaguas.gob.ve\/index.php?rest_route=\/wp\/v2\/posts\/1551","targetHints":{"allow":["GET"]}}],"collection":[{"href":"https:\/\/minaguas.gob.ve\/index.php?rest_route=\/wp\/v2\/posts"}],"about":[{"href":"https:\/\/minaguas.gob.ve\/index.php?rest_route=\/wp\/v2\/types\/post"}],"author":[{"embeddable":true,"href":"https:\/\/minaguas.gob.ve\/index.php?rest_route=\/wp\/v2\/users\/28"}],"replies":[{"embeddable":true,"href":"https:\/\/minaguas.gob.ve\/index.php?rest_route=%2Fwp%2Fv2%2Fcomments&post=1551"}],"version-history":[{"count":0,"href":"https:\/\/minaguas.gob.ve\/index.php?rest_route=\/wp\/v2\/posts\/1551\/revisions"}],"wp:featuredmedia":[{"embeddable":true,"href":"https:\/\/minaguas.gob.ve\/index.php?rest_route=\/wp\/v2\/media\/1552"}],"wp:attachment":[{"href":"https:\/\/minaguas.gob.ve\/index.php?rest_route=%2Fwp%2Fv2%2Fmedia&parent=1551"}],"wp:term":[{"taxonomy":"category","embeddable":true,"href":"https:\/\/minaguas.gob.ve\/index.php?rest_route=%2Fwp%2Fv2%2Fcategories&post=1551"},{"taxonomy":"post_tag","embeddable":true,"href":"https:\/\/minaguas.gob.ve\/index.php?rest_route=%2Fwp%2Fv2%2Ftags&post=1551"}],"curies":[{"name":"wp","href":"https:\/\/api.w.org\/{rel}","templated":true}]}}