{"id":1480,"date":"2021-11-05T22:20:15","date_gmt":"2021-11-06T02:20:15","guid":{"rendered":"https:\/\/minaguas.gob.ve\/?p=1480"},"modified":"2021-11-05T22:20:15","modified_gmt":"2021-11-06T02:20:15","slug":"ministro-marco-torres-realizo-jornada-de-trabajo-para-el-fortalecimiento-del-sistema-hidrico-en-cojedes","status":"publish","type":"post","link":"https:\/\/minaguas.gob.ve\/?p=1480","title":{"rendered":"Ministro Marco Torres realiz\u00f3 jornada de trabajo para el fortalecimiento del sistema h\u00eddrico en Cojedes"},"content":{"rendered":"\n<div class=\"wp-block-image\"><figure class=\"aligncenter size-full\"><img loading=\"lazy\" decoding=\"async\" width=\"960\" height=\"540\" src=\"https:\/\/minaguas.gob.ve\/wp-content\/uploads\/2021\/11\/WhatsApp-Image-2021-11-05-at-2.04.19-PM.jpeg\" alt=\"\" class=\"wp-image-1478\" srcset=\"https:\/\/minaguas.gob.ve\/wp-content\/uploads\/2021\/11\/WhatsApp-Image-2021-11-05-at-2.04.19-PM.jpeg 960w, https:\/\/minaguas.gob.ve\/wp-content\/uploads\/2021\/11\/WhatsApp-Image-2021-11-05-at-2.04.19-PM-300x169.jpeg 300w, https:\/\/minaguas.gob.ve\/wp-content\/uploads\/2021\/11\/WhatsApp-Image-2021-11-05-at-2.04.19-PM-768x432.jpeg 768w\" sizes=\"auto, (max-width: 960px) 100vw, 960px\" \/><\/figure><\/div>\n\n\n\n<p><strong><em>El titular de la cartera de Aguas jurament\u00f3 tres Brigadas del Poder Popular de Atenci\u00f3n de las Aguas en el Complejo Habitacional Ezequiel Zamora<\/em><\/strong><\/p>\n\n\n\n<p><strong>(Prensa MinAguas 05-11-2021).-<\/strong> El ministro del Poder Popular de Atenci\u00f3n de las Aguas, G\/D Rodolfo Marco Torres, encabez\u00f3 este viernes 5 de noviembre un despliegue en el estado Cojedes para impulsar el fortalecimiento del servicio de agua potable y saneamiento en toda la entidad.<\/p>\n\n\n\n<p>El titular de la cartera de Aguas inspeccion\u00f3 las instalaciones de la Planta Potabilizadora El\u00edas Nazar Arroyo, ubicada en el municipio Ezequiel Zamora, donde se puso en funcionamiento la l\u00ednea 4 de su estaci\u00f3n de bombeo.<\/p>\n\n\n\n<p>Destac\u00f3 que esta planta surte del vital l\u00edquido a m\u00e1s de 190 mil habitantes de las ciudades de San Carlos y Tinaco y se espera elevar la producci\u00f3n de 560 a 750 litros de agua por segundo con los trabajos de rehabilitaci\u00f3n que se ejecutan actualmente.<\/p>\n\n\n\n<div class=\"wp-block-image\"><figure class=\"aligncenter size-large\"><img loading=\"lazy\" decoding=\"async\" width=\"1024\" height=\"802\" src=\"https:\/\/minaguas.gob.ve\/wp-content\/uploads\/2021\/11\/WhatsApp-Image-2021-11-05-at-2.04.21-PM-1024x802.jpeg\" alt=\"\" class=\"wp-image-1477\" srcset=\"https:\/\/minaguas.gob.ve\/wp-content\/uploads\/2021\/11\/WhatsApp-Image-2021-11-05-at-2.04.21-PM-1024x802.jpeg 1024w, https:\/\/minaguas.gob.ve\/wp-content\/uploads\/2021\/11\/WhatsApp-Image-2021-11-05-at-2.04.21-PM-300x235.jpeg 300w, https:\/\/minaguas.gob.ve\/wp-content\/uploads\/2021\/11\/WhatsApp-Image-2021-11-05-at-2.04.21-PM-768x602.jpeg 768w, https:\/\/minaguas.gob.ve\/wp-content\/uploads\/2021\/11\/WhatsApp-Image-2021-11-05-at-2.04.21-PM.jpeg 1080w\" sizes=\"auto, (max-width: 1024px) 100vw, 1024px\" \/><\/figure><\/div>\n\n\n\n<p>Asimismo, anunci\u00f3 la entrega de equipos de bombas y motores para la recuperaci\u00f3n de pozos profundos en la entidad e inform\u00f3 que se tiene previsto la instalaci\u00f3n de 1.540 metros de tuber\u00eda para aguas servidas.<\/p>\n\n\n\n<p>Durante su visita al estado Cojedes, Marco Torres tambi\u00e9n encabez\u00f3 la juramentaci\u00f3n y dotaci\u00f3n de herramientas y uniformes a tres Brigadas del Poder Popular de Atenci\u00f3n de las Aguas (BRIPPAS) del Complejo Habitacional Ezequiel Zamora, para la reparaci\u00f3n de aver\u00edas menores dentro de las comunidades.<\/p>\n\n\n\n<div class=\"wp-block-image\"><figure class=\"aligncenter size-large\"><img loading=\"lazy\" decoding=\"async\" width=\"1024\" height=\"661\" src=\"https:\/\/minaguas.gob.ve\/wp-content\/uploads\/2021\/11\/WhatsApp-Image-2021-11-05-at-4.48.48-PM-1024x661.jpeg\" alt=\"\" class=\"wp-image-1475\" srcset=\"https:\/\/minaguas.gob.ve\/wp-content\/uploads\/2021\/11\/WhatsApp-Image-2021-11-05-at-4.48.48-PM-1024x661.jpeg 1024w, https:\/\/minaguas.gob.ve\/wp-content\/uploads\/2021\/11\/WhatsApp-Image-2021-11-05-at-4.48.48-PM-300x194.jpeg 300w, https:\/\/minaguas.gob.ve\/wp-content\/uploads\/2021\/11\/WhatsApp-Image-2021-11-05-at-4.48.48-PM-768x496.jpeg 768w, https:\/\/minaguas.gob.ve\/wp-content\/uploads\/2021\/11\/WhatsApp-Image-2021-11-05-at-4.48.48-PM.jpeg 1080w\" sizes=\"auto, (max-width: 1024px) 100vw, 1024px\" \/><\/figure><\/div>\n\n\n\n<p>Igualmente, particip\u00f3 en la reuni\u00f3n extraordinaria de trabajo que se desarroll\u00f3 en la entidad, encabezada por el vicepresidente sectorial de Obras P\u00fablicas y Servicios (VPSOPS), G\/J N\u00e9stor Luis Reverol, en el marco del Plan Remate 2021, ordenado por el presidente de la Rep\u00fablica, Nicol\u00e1s Maduro.<\/p>\n\n\n\n<p>El Ministro resalt\u00f3 que se avanza, de manera exitosa, en la reparaci\u00f3n de aver\u00edas en aducciones, reactivaci\u00f3n de pozos y la eliminaci\u00f3n de tomas ilegales, en articulaci\u00f3n con los cuerpos de seguridad, lo cual permite recuperar litros de agua por segundo para fortalecer el suministro del vital l\u00edquido a la poblaci\u00f3n cojede\u00f1a.<\/p>\n\n\n\n<p>Dicho encuentro cont\u00f3 con la presencia del gobernador de la entidad, Indalecio S\u00e1nchez; el presidente de Hidrocentro, Leonel Ruiz; la presidenta de Aguas de Cojedes, Yesica Lombano; el ministro de Transporte, Hip\u00f3lito Abreu; el ministro de Obras P\u00fablicas y presidente de la Gran Misi\u00f3n Barrio Nuevo Barrio Tricolor, G\/D Ra\u00fal Paredes; y la presidenta de PDVSA Gas Comunal, Caryl Bertho.<\/p>\n\n\n\n<div class=\"wp-block-image\"><figure class=\"aligncenter size-full\"><img loading=\"lazy\" decoding=\"async\" width=\"960\" height=\"540\" src=\"https:\/\/minaguas.gob.ve\/wp-content\/uploads\/2021\/11\/WhatsApp-Image-2021-11-05-at-3.40.52-PM.jpeg\" alt=\"\" class=\"wp-image-1476\" srcset=\"https:\/\/minaguas.gob.ve\/wp-content\/uploads\/2021\/11\/WhatsApp-Image-2021-11-05-at-3.40.52-PM.jpeg 960w, https:\/\/minaguas.gob.ve\/wp-content\/uploads\/2021\/11\/WhatsApp-Image-2021-11-05-at-3.40.52-PM-300x169.jpeg 300w, https:\/\/minaguas.gob.ve\/wp-content\/uploads\/2021\/11\/WhatsApp-Image-2021-11-05-at-3.40.52-PM-768x432.jpeg 768w\" sizes=\"auto, (max-width: 960px) 100vw, 960px\" \/><\/figure><\/div>\n","protected":false},"excerpt":{"rendered":"<p>El titular de la cartera de Aguas jurament\u00f3 tres Brigadas del Poder Popular de Atenci\u00f3n de las Aguas en el Complejo Habitacional Ezequiel Zamora (Prensa MinAguas 05-11-2021).- El ministro del Poder Popular de Atenci\u00f3n de las Aguas, G\/D Rodolfo Marco Torres, encabez\u00f3 este viernes 5 de noviembre un despliegue en el estado Cojedes para impulsar [&hellip;]<\/p>\n","protected":false},"author":28,"featured_media":1478,"comment_status":"open","ping_status":"open","sticky":false,"template":"","format":"standard","meta":{"footnotes":""},"categories":[1],"tags":[8],"class_list":["post-1480","post","type-post","status-publish","format-standard","has-post-thumbnail","hentry","category-noticias","tag-nacionales"],"_links":{"self":[{"href":"https:\/\/minaguas.gob.ve\/index.php?rest_route=\/wp\/v2\/posts\/1480","targetHints":{"allow":["GET"]}}],"collection":[{"href":"https:\/\/minaguas.gob.ve\/index.php?rest_route=\/wp\/v2\/posts"}],"about":[{"href":"https:\/\/minaguas.gob.ve\/index.php?rest_route=\/wp\/v2\/types\/post"}],"author":[{"embeddable":true,"href":"https:\/\/minaguas.gob.ve\/index.php?rest_route=\/wp\/v2\/users\/28"}],"replies":[{"embeddable":true,"href":"https:\/\/minaguas.gob.ve\/index.php?rest_route=%2Fwp%2Fv2%2Fcomments&post=1480"}],"version-history":[{"count":0,"href":"https:\/\/minaguas.gob.ve\/index.php?rest_route=\/wp\/v2\/posts\/1480\/revisions"}],"wp:featuredmedia":[{"embeddable":true,"href":"https:\/\/minaguas.gob.ve\/index.php?rest_route=\/wp\/v2\/media\/1478"}],"wp:attachment":[{"href":"https:\/\/minaguas.gob.ve\/index.php?rest_route=%2Fwp%2Fv2%2Fmedia&parent=1480"}],"wp:term":[{"taxonomy":"category","embeddable":true,"href":"https:\/\/minaguas.gob.ve\/index.php?rest_route=%2Fwp%2Fv2%2Fcategories&post=1480"},{"taxonomy":"post_tag","embeddable":true,"href":"https:\/\/minaguas.gob.ve\/index.php?rest_route=%2Fwp%2Fv2%2Ftags&post=1480"}],"curies":[{"name":"wp","href":"https:\/\/api.w.org\/{rel}","templated":true}]}}