{"id":1468,"date":"2021-11-04T21:08:10","date_gmt":"2021-11-05T01:08:10","guid":{"rendered":"https:\/\/minaguas.gob.ve\/?p=1468"},"modified":"2021-11-04T21:08:10","modified_gmt":"2021-11-05T01:08:10","slug":"ministro-marco-torres-anuncio-plan-de-accion-para-rehabilitacion-de-planta-potabilizadora-san-felipe","status":"publish","type":"post","link":"https:\/\/minaguas.gob.ve\/?p=1468","title":{"rendered":"Ministro Marco Torres anunci\u00f3 plan de acci\u00f3n para rehabilitaci\u00f3n de Planta Potabilizadora San Felipe"},"content":{"rendered":"\n<figure class=\"wp-block-image size-full\"><img loading=\"lazy\" decoding=\"async\" width=\"960\" height=\"540\" src=\"https:\/\/minaguas.gob.ve\/wp-content\/uploads\/2021\/11\/WhatsApp-Image-2021-11-04-at-8.51.57-PM-1.jpeg\" alt=\"\" class=\"wp-image-1470\" srcset=\"https:\/\/minaguas.gob.ve\/wp-content\/uploads\/2021\/11\/WhatsApp-Image-2021-11-04-at-8.51.57-PM-1.jpeg 960w, https:\/\/minaguas.gob.ve\/wp-content\/uploads\/2021\/11\/WhatsApp-Image-2021-11-04-at-8.51.57-PM-1-300x169.jpeg 300w, https:\/\/minaguas.gob.ve\/wp-content\/uploads\/2021\/11\/WhatsApp-Image-2021-11-04-at-8.51.57-PM-1-768x432.jpeg 768w\" sizes=\"auto, (max-width: 960px) 100vw, 960px\" \/><\/figure>\n\n\n\n<p><strong><em>El titular de la cartera de Aguas tambi\u00e9n inform\u00f3 sobre la entrega de equipos y bombas para la reactivaci\u00f3n de 44 pozos profundos en edo. Yaracuy<\/em><\/strong><\/p>\n\n\n\n<p><strong>(Prensa MinAguas 04-11-2021).-<\/strong> El ministro del Poder Popular de Atenci\u00f3n de las Aguas, G\/D Rodolfo Marco Torres, anunci\u00f3 este jueves 4 de noviembre un plan de acci\u00f3n para la rehabilitaci\u00f3n de la Planta Potabilizadora San Felipe, en el estado Yaracuy, la cual tiene una producci\u00f3n actual de 250 litros por segundo.<\/p>\n\n\n\n<p>Desde las instalaciones de la planta, el titular de la cartera de Aguas destac\u00f3 que el objetivo de estas labores, que incluyen mejoras en el sistema de sedimentaci\u00f3n y filtraci\u00f3n, tienen como objetivo fortalecer el suministro de agua potable a las comunidades de los municipios Independencia y San Felipe.<\/p>\n\n\n\n<p>Asimismo, Marco Torres inspeccion\u00f3 las instalaciones y operatividad de la Planta Potabilizadora Cocorote, en la cual se tiene previsto optimizar la captaci\u00f3n del vital l\u00edquido, a trav\u00e9s de la construcci\u00f3n de un dique toma de 3.5 kil\u00f3metros en la aducci\u00f3n R\u00edo Claro, para mejorar el abastecimiento a los habitantes del municipio Cocorote, en articulaci\u00f3n con la Gobernaci\u00f3n del estado.<\/p>\n\n\n\n<div class=\"wp-block-image\"><figure class=\"aligncenter size-full\"><img loading=\"lazy\" decoding=\"async\" width=\"960\" height=\"540\" src=\"https:\/\/minaguas.gob.ve\/wp-content\/uploads\/2021\/11\/WhatsApp-Image-2021-11-04-at-8.51.57-PM.jpeg\" alt=\"\" class=\"wp-image-1471\" srcset=\"https:\/\/minaguas.gob.ve\/wp-content\/uploads\/2021\/11\/WhatsApp-Image-2021-11-04-at-8.51.57-PM.jpeg 960w, https:\/\/minaguas.gob.ve\/wp-content\/uploads\/2021\/11\/WhatsApp-Image-2021-11-04-at-8.51.57-PM-300x169.jpeg 300w, https:\/\/minaguas.gob.ve\/wp-content\/uploads\/2021\/11\/WhatsApp-Image-2021-11-04-at-8.51.57-PM-768x432.jpeg 768w\" sizes=\"auto, (max-width: 960px) 100vw, 960px\" \/><\/figure><\/div>\n\n\n\n<p>Tambi\u00e9n inform\u00f3 sobre la entrega de equipos y bombas para la reactivaci\u00f3n de 44 pozos profundos en la entidad, lo que contribuir\u00e1 a recuperar 600 litros de agua por segundo, que van a optimizar el servicio h\u00eddrico en los 14 municipios de Yaracuy.<\/p>\n\n\n\n<p>El Ministro adem\u00e1s particip\u00f3 en la reuni\u00f3n extraordinaria de trabajo que desarroll\u00f3 en la entidad el vicepresidente sectorial de Obras P\u00fablicas y Servicios (VPSOPS), G\/J N\u00e9stor Reverol, como parte del Plan Remate 2021, instruido por el Presidente de la Rep\u00fablica, Nicol\u00e1s Maduro.<\/p>\n\n\n\n<p>Marco Torres resalt\u00f3 los avances que se han materializado en la correcci\u00f3n de fugas de agua potable y servidas, as\u00ed como en la eliminaci\u00f3n de tomas clandestinas en el sistema de tuber\u00edas de la Estaci\u00f3n de Bombeo Cumaripa, a trav\u00e9s de la fuerza trabajadora del Agua de Yaracuy.<\/p>\n\n\n\n<figure class=\"wp-block-image size-large\"><img loading=\"lazy\" decoding=\"async\" width=\"960\" height=\"640\" src=\"https:\/\/minaguas.gob.ve\/wp-content\/uploads\/2021\/11\/WhatsApp-Image-2021-11-04-at-8.51.56-PM.jpeg\" alt=\"\" class=\"wp-image-1472\" srcset=\"https:\/\/minaguas.gob.ve\/wp-content\/uploads\/2021\/11\/WhatsApp-Image-2021-11-04-at-8.51.56-PM.jpeg 960w, https:\/\/minaguas.gob.ve\/wp-content\/uploads\/2021\/11\/WhatsApp-Image-2021-11-04-at-8.51.56-PM-300x200.jpeg 300w, https:\/\/minaguas.gob.ve\/wp-content\/uploads\/2021\/11\/WhatsApp-Image-2021-11-04-at-8.51.56-PM-768x512.jpeg 768w\" sizes=\"auto, (max-width: 960px) 100vw, 960px\" \/><\/figure>\n\n\n\n<p>Igualmente, destac\u00f3 que se tiene previsto la rehabilitaci\u00f3n de las plantas potabilizadoras Cumaripa, Caicara y Cocorote; el fortalecimiento de las Mesas T\u00e9cnicas de Agua (MTA) y la conformaci\u00f3n y equipamiento de la Brigadas del Poder Popular de Atenci\u00f3n de las Aguas (BRIPPAS).<\/p>\n\n\n\n<p>El encuentro cont\u00f3 con la presencia del gobernador de la entidad, Julio Le\u00f3n Heredia; el ministro de Obras P\u00fablicas y presidente de la Gran Misi\u00f3n Barrio Nuevo Barrio Tricolor, G\/D Ra\u00fal Paredes, ministro del Poder Popular para el Transporte, Hip\u00f3lito Abreu y la presidenta de PDVSA Gas Comunal, Caryl Bertho.<\/p>\n\n\n\n<div class=\"wp-block-image\"><figure class=\"aligncenter size-full\"><img loading=\"lazy\" decoding=\"async\" width=\"960\" height=\"540\" src=\"https:\/\/minaguas.gob.ve\/wp-content\/uploads\/2021\/11\/WhatsApp-Image-2021-11-04-at-8.51.55-PM.jpeg\" alt=\"\" class=\"wp-image-1473\" srcset=\"https:\/\/minaguas.gob.ve\/wp-content\/uploads\/2021\/11\/WhatsApp-Image-2021-11-04-at-8.51.55-PM.jpeg 960w, https:\/\/minaguas.gob.ve\/wp-content\/uploads\/2021\/11\/WhatsApp-Image-2021-11-04-at-8.51.55-PM-300x169.jpeg 300w, https:\/\/minaguas.gob.ve\/wp-content\/uploads\/2021\/11\/WhatsApp-Image-2021-11-04-at-8.51.55-PM-768x432.jpeg 768w\" sizes=\"auto, (max-width: 960px) 100vw, 960px\" \/><\/figure><\/div>\n","protected":false},"excerpt":{"rendered":"<p>El titular de la cartera de Aguas tambi\u00e9n inform\u00f3 sobre la entrega de equipos y bombas para la reactivaci\u00f3n de 44 pozos profundos en edo. Yaracuy (Prensa MinAguas 04-11-2021).- El ministro del Poder Popular de Atenci\u00f3n de las Aguas, G\/D Rodolfo Marco Torres, anunci\u00f3 este jueves 4 de noviembre un plan de acci\u00f3n para la [&hellip;]<\/p>\n","protected":false},"author":28,"featured_media":1470,"comment_status":"open","ping_status":"open","sticky":false,"template":"","format":"standard","meta":{"footnotes":""},"categories":[1],"tags":[8],"class_list":["post-1468","post","type-post","status-publish","format-standard","has-post-thumbnail","hentry","category-noticias","tag-nacionales"],"_links":{"self":[{"href":"https:\/\/minaguas.gob.ve\/index.php?rest_route=\/wp\/v2\/posts\/1468","targetHints":{"allow":["GET"]}}],"collection":[{"href":"https:\/\/minaguas.gob.ve\/index.php?rest_route=\/wp\/v2\/posts"}],"about":[{"href":"https:\/\/minaguas.gob.ve\/index.php?rest_route=\/wp\/v2\/types\/post"}],"author":[{"embeddable":true,"href":"https:\/\/minaguas.gob.ve\/index.php?rest_route=\/wp\/v2\/users\/28"}],"replies":[{"embeddable":true,"href":"https:\/\/minaguas.gob.ve\/index.php?rest_route=%2Fwp%2Fv2%2Fcomments&post=1468"}],"version-history":[{"count":0,"href":"https:\/\/minaguas.gob.ve\/index.php?rest_route=\/wp\/v2\/posts\/1468\/revisions"}],"wp:featuredmedia":[{"embeddable":true,"href":"https:\/\/minaguas.gob.ve\/index.php?rest_route=\/wp\/v2\/media\/1470"}],"wp:attachment":[{"href":"https:\/\/minaguas.gob.ve\/index.php?rest_route=%2Fwp%2Fv2%2Fmedia&parent=1468"}],"wp:term":[{"taxonomy":"category","embeddable":true,"href":"https:\/\/minaguas.gob.ve\/index.php?rest_route=%2Fwp%2Fv2%2Fcategories&post=1468"},{"taxonomy":"post_tag","embeddable":true,"href":"https:\/\/minaguas.gob.ve\/index.php?rest_route=%2Fwp%2Fv2%2Ftags&post=1468"}],"curies":[{"name":"wp","href":"https:\/\/api.w.org\/{rel}","templated":true}]}}