{"id":14505,"date":"2026-05-01T21:28:43","date_gmt":"2026-05-02T01:28:43","guid":{"rendered":"https:\/\/minaguas.gob.ve\/?p=14505"},"modified":"2026-05-01T21:29:12","modified_gmt":"2026-05-02T01:29:12","slug":"minaguas-activa-estacion-de-bombeo-de-aguas-servidas-san-jacinto-i-y-ii-en-zulia","status":"publish","type":"post","link":"https:\/\/minaguas.gob.ve\/?p=14505","title":{"rendered":"MinAguas activa estaci\u00f3n de bombeo de aguas servidas San Jacinto I y II en Zulia"},"content":{"rendered":"\n<p><em>El Poder Popular junto al equipo de MinAguas y la Gobernaci\u00f3n del Zulia reactivaron esta instalaci\u00f3n de saneamiento que atiende cerca de 60 mil familias\u00a0<\/em><\/p>\n\n\n\n<p><strong>(Prensa Ministerio de las Aguas \u2013 01-05-2026).\u2013<\/strong> El Gobierno Bolivariano puso en marcha la estaci\u00f3n de bombeo para aguas servidas San Jacinto I y II, proyecto de Consulta Popular Nacional priorizada por la Comuna Juana de \u00c1vila Norte, que atiende a 60 mil familias de Maracaibo, estado Zulia.<\/p>\n\n\n\n<p>La rehabilitaci\u00f3n consisti\u00f3 en la instalaci\u00f3n de dos equipos de bombeo, uno de 75 HP y otro de 45 HP; adem\u00e1s, se colocaron 3 transformadores de 100 KVA con sus respectivos tableros el\u00e9ctricos. Incluy\u00f3 tambi\u00e9n la recuperaci\u00f3n integral de toda la instalaci\u00f3n h\u00eddrica al aplicar pintura a la fachada, limpieza de fosas y rejillas, as\u00ed como la poda y embellecimiento de todas las \u00e1reas.<\/p>\n\n\n\n<p>Las labores han estado orientadas a mejorar las condiciones operativas de la recolecci\u00f3n y disposici\u00f3n de aguas servidas en tres parroquias de Maracaibo, Juana de \u00c1vila, Idelfonso V\u00e1squez y Coquivacoa. Sectores emblem\u00e1ticos: Canchancha I y II, Las Salinas I y II, La Trinidad, Altos de Jalisco, Lago Mar Beach, Llano Alto y Loma Linda.&nbsp;<\/p>\n\n\n\n<p>El l\u00edder y vocero comunero de San Jacinto, H\u00e9ctor Chagaray, manifest\u00f3 estar muy contento con los trabajos de rehabilitaci\u00f3n y recuperaci\u00f3n de la estaci\u00f3n de bombeo de aguas servidas que atiende a tres territorios parroquiales. \u201cCon esta obra ratificamos que el Gobierno Nacional atiende y resuelve los proyectos de saneamiento de la Consulta Popular Nacional para su pronta ejecuci\u00f3n\u201d.<\/p>\n\n\n\n<p>Este proyecto, enmarcado en las l\u00edneas estrat\u00e9gicas del Plan de las 7 Transformaciones Sociales impulsado por el Presidente de la Rep\u00fablica, Nicol\u00e1s Maduro para la construcci\u00f3n de ciudades humanas, y reafirmada por la presidenta encargada Delcy Rodr\u00edguez, permite garantizar servicios p\u00fablicos de calidad para el buen vivir de los zulianos.<\/p>\n\n\n\n<figure class=\"wp-block-gallery has-nested-images columns-default is-cropped wp-block-gallery-1 is-layout-flex wp-block-gallery-is-layout-flex\">\n<figure class=\"wp-block-image size-large\"><img loading=\"lazy\" decoding=\"async\" width=\"1024\" height=\"576\" data-id=\"14507\" src=\"https:\/\/minaguas.gob.ve\/wp-content\/uploads\/2026\/05\/WhatsApp-Image-2026-04-30-at-9.20.56-PM-3-1024x576.jpeg\" alt=\"\" class=\"wp-image-14507\" srcset=\"https:\/\/minaguas.gob.ve\/wp-content\/uploads\/2026\/05\/WhatsApp-Image-2026-04-30-at-9.20.56-PM-3-1024x576.jpeg 1024w, https:\/\/minaguas.gob.ve\/wp-content\/uploads\/2026\/05\/WhatsApp-Image-2026-04-30-at-9.20.56-PM-3-300x169.jpeg 300w, https:\/\/minaguas.gob.ve\/wp-content\/uploads\/2026\/05\/WhatsApp-Image-2026-04-30-at-9.20.56-PM-3-768x432.jpeg 768w, https:\/\/minaguas.gob.ve\/wp-content\/uploads\/2026\/05\/WhatsApp-Image-2026-04-30-at-9.20.56-PM-3.jpeg 1280w\" sizes=\"auto, (max-width: 1024px) 100vw, 1024px\" \/><\/figure>\n\n\n\n<figure class=\"wp-block-image size-large\"><img loading=\"lazy\" decoding=\"async\" width=\"1024\" height=\"576\" data-id=\"14509\" src=\"https:\/\/minaguas.gob.ve\/wp-content\/uploads\/2026\/05\/WhatsApp-Image-2026-04-30-at-9.20.56-PM-2-1024x576.jpeg\" alt=\"\" class=\"wp-image-14509\" srcset=\"https:\/\/minaguas.gob.ve\/wp-content\/uploads\/2026\/05\/WhatsApp-Image-2026-04-30-at-9.20.56-PM-2-1024x576.jpeg 1024w, https:\/\/minaguas.gob.ve\/wp-content\/uploads\/2026\/05\/WhatsApp-Image-2026-04-30-at-9.20.56-PM-2-300x169.jpeg 300w, https:\/\/minaguas.gob.ve\/wp-content\/uploads\/2026\/05\/WhatsApp-Image-2026-04-30-at-9.20.56-PM-2-768x432.jpeg 768w, https:\/\/minaguas.gob.ve\/wp-content\/uploads\/2026\/05\/WhatsApp-Image-2026-04-30-at-9.20.56-PM-2.jpeg 1280w\" sizes=\"auto, (max-width: 1024px) 100vw, 1024px\" \/><\/figure>\n\n\n\n<figure class=\"wp-block-image size-large\"><img loading=\"lazy\" decoding=\"async\" width=\"1024\" height=\"577\" data-id=\"14508\" src=\"https:\/\/minaguas.gob.ve\/wp-content\/uploads\/2026\/05\/WhatsApp-Image-2026-04-30-at-9.20.56-PM-1024x577.jpeg\" alt=\"\" class=\"wp-image-14508\" srcset=\"https:\/\/minaguas.gob.ve\/wp-content\/uploads\/2026\/05\/WhatsApp-Image-2026-04-30-at-9.20.56-PM-1024x577.jpeg 1024w, https:\/\/minaguas.gob.ve\/wp-content\/uploads\/2026\/05\/WhatsApp-Image-2026-04-30-at-9.20.56-PM-300x169.jpeg 300w, https:\/\/minaguas.gob.ve\/wp-content\/uploads\/2026\/05\/WhatsApp-Image-2026-04-30-at-9.20.56-PM-768x433.jpeg 768w, https:\/\/minaguas.gob.ve\/wp-content\/uploads\/2026\/05\/WhatsApp-Image-2026-04-30-at-9.20.56-PM.jpeg 1280w\" sizes=\"auto, (max-width: 1024px) 100vw, 1024px\" \/><\/figure>\n<\/figure>\n","protected":false},"excerpt":{"rendered":"<p>El Poder Popular junto al equipo de MinAguas y la Gobernaci\u00f3n del Zulia reactivaron esta instalaci\u00f3n de saneamiento que atiende cerca de 60 mil familias\u00a0 (Prensa Ministerio de las Aguas \u2013 01-05-2026).\u2013 El Gobierno Bolivariano puso en marcha la estaci\u00f3n de bombeo para aguas servidas San Jacinto I y II, proyecto de Consulta Popular Nacional [&hellip;]<\/p>\n","protected":false},"author":27,"featured_media":14506,"comment_status":"closed","ping_status":"open","sticky":false,"template":"","format":"standard","meta":{"footnotes":""},"categories":[1],"tags":[77,254,45,73],"class_list":["post-14505","post","type-post","status-publish","format-standard","has-post-thumbnail","hentry","category-noticias","tag-aguas-servidas","tag-equipo-multidisciplinario-del-agua","tag-regionales","tag-zulia"],"_links":{"self":[{"href":"https:\/\/minaguas.gob.ve\/index.php?rest_route=\/wp\/v2\/posts\/14505","targetHints":{"allow":["GET"]}}],"collection":[{"href":"https:\/\/minaguas.gob.ve\/index.php?rest_route=\/wp\/v2\/posts"}],"about":[{"href":"https:\/\/minaguas.gob.ve\/index.php?rest_route=\/wp\/v2\/types\/post"}],"author":[{"embeddable":true,"href":"https:\/\/minaguas.gob.ve\/index.php?rest_route=\/wp\/v2\/users\/27"}],"replies":[{"embeddable":true,"href":"https:\/\/minaguas.gob.ve\/index.php?rest_route=%2Fwp%2Fv2%2Fcomments&post=14505"}],"version-history":[{"count":1,"href":"https:\/\/minaguas.gob.ve\/index.php?rest_route=\/wp\/v2\/posts\/14505\/revisions"}],"predecessor-version":[{"id":14510,"href":"https:\/\/minaguas.gob.ve\/index.php?rest_route=\/wp\/v2\/posts\/14505\/revisions\/14510"}],"wp:featuredmedia":[{"embeddable":true,"href":"https:\/\/minaguas.gob.ve\/index.php?rest_route=\/wp\/v2\/media\/14506"}],"wp:attachment":[{"href":"https:\/\/minaguas.gob.ve\/index.php?rest_route=%2Fwp%2Fv2%2Fmedia&parent=14505"}],"wp:term":[{"taxonomy":"category","embeddable":true,"href":"https:\/\/minaguas.gob.ve\/index.php?rest_route=%2Fwp%2Fv2%2Fcategories&post=14505"},{"taxonomy":"post_tag","embeddable":true,"href":"https:\/\/minaguas.gob.ve\/index.php?rest_route=%2Fwp%2Fv2%2Ftags&post=14505"}],"curies":[{"name":"wp","href":"https:\/\/api.w.org\/{rel}","templated":true}]}}