{"id":14465,"date":"2026-04-30T18:34:26","date_gmt":"2026-04-30T22:34:26","guid":{"rendered":"https:\/\/minaguas.gob.ve\/?p=14465"},"modified":"2026-04-30T18:34:26","modified_gmt":"2026-04-30T22:34:26","slug":"hidroven-optimiza-suministro-de-agua-potable-en-la-comunidad-las-terrazas-estado-apure","status":"publish","type":"post","link":"https:\/\/minaguas.gob.ve\/?p=14465","title":{"rendered":"Hidroven optimiza suministro de agua potable en la comunidad Las Terrazas, estado Apure"},"content":{"rendered":"\n<p>Un total de 900 familias de la urbanizaci\u00f3n Las Terrazas, en el municipio San Fernando, cuentan ahora con un servicio de agua m\u00e1s confiable<\/p>\n\n\n\n<p><strong>(Prensa Ministerio de las Aguas &#8211; 30-04-26).-<\/strong> Dando cumplimiento a las directrices de la Presidenta encargada Delcy Rodr\u00edguez para garantizar el acceso al agua potable como derecho fundamental, el equipo multidisciplinario del Agua llev\u00f3 a cabo una intervenci\u00f3n en la urbanizaci\u00f3n Las Terrazas, municipio San Fernando, estado Apure, logrando consolidar mejoras sustanciales en la red de distribuci\u00f3n del sector.<\/p>\n\n\n\n<p>Los trabajos realizados por el equipo de Hidroven incluyeron la instalaci\u00f3n de una abrazadera de 24 pulgadas en tuber\u00eda PEAD (Polietileno de Alta Densidad), as\u00ed como el refuerzo estructural desde una tuber\u00eda del mismo di\u00e1metro. Adicionalmente, se colocaron 30 metros de tuber\u00eda PEAD de 4 pulgadas, lo que permiti\u00f3 fortalecer la conectividad y extender la vida \u00fatil del sistema h\u00eddrico en la zona.<\/p>\n\n\n\n<p>Como resultado directo de estos trabajos, se logr\u00f3 incorporar un caudal de 10 litros por segundo a la red de distribuci\u00f3n existente, aumentando de manera significativa la presi\u00f3n y continuidad del servicio. En consecuencia, las 900 familias que habitan en la urbanizaci\u00f3n Las Terrazas cuentan ahora con un suministro de agua m\u00e1s confiable, mejorando significativamente su calidad de vida.<\/p>\n\n\n\n<p>Al respecto, el jefe de la UBCH, Euclides Su\u00e1rez, reiter\u00f3 que estas acciones responden al compromiso del Ejecutivo Nacional de atender con eficacia las necesidades del Pueblo, tal como lo ha instruido la Presidenta encargada Delcy Rodr\u00edguez y orientado el Presidente Nicol\u00e1s Maduro. Su\u00e1rez mencion\u00f3: \u00abLa felicidad nos embarga a toda la comunidad, todos hacemos fiesta en la comunidad Las Terrazas\u00bb.<\/p>\n\n\n\n<p>Con estas labores, el Gobierno Bolivariano, a trav\u00e9s del Ministerio del Poder Popular de las Aguas, reafirma su determinaci\u00f3n de seguir construyendo ciudades m\u00e1s humanas, donde la gesti\u00f3n eficiente del recurso h\u00eddrico sea una realidad cotidiana para todas las familias venezolanas.<\/p>\n\n\n\n<figure class=\"wp-block-gallery has-nested-images columns-default is-cropped wp-block-gallery-1 is-layout-flex wp-block-gallery-is-layout-flex\">\n<figure class=\"wp-block-image size-large\"><img loading=\"lazy\" decoding=\"async\" width=\"1024\" height=\"768\" data-id=\"14467\" src=\"https:\/\/minaguas.gob.ve\/wp-content\/uploads\/2026\/04\/WhatsApp-Image-2026-04-29-at-3.58.15-PM-1-1024x768.jpeg\" alt=\"\" class=\"wp-image-14467\" srcset=\"https:\/\/minaguas.gob.ve\/wp-content\/uploads\/2026\/04\/WhatsApp-Image-2026-04-29-at-3.58.15-PM-1-1024x768.jpeg 1024w, https:\/\/minaguas.gob.ve\/wp-content\/uploads\/2026\/04\/WhatsApp-Image-2026-04-29-at-3.58.15-PM-1-300x225.jpeg 300w, https:\/\/minaguas.gob.ve\/wp-content\/uploads\/2026\/04\/WhatsApp-Image-2026-04-29-at-3.58.15-PM-1-768x576.jpeg 768w, https:\/\/minaguas.gob.ve\/wp-content\/uploads\/2026\/04\/WhatsApp-Image-2026-04-29-at-3.58.15-PM-1.jpeg 1080w\" sizes=\"auto, (max-width: 1024px) 100vw, 1024px\" \/><\/figure>\n\n\n\n<figure class=\"wp-block-image size-large\"><img loading=\"lazy\" decoding=\"async\" width=\"1024\" height=\"768\" data-id=\"14468\" src=\"https:\/\/minaguas.gob.ve\/wp-content\/uploads\/2026\/04\/WhatsApp-Image-2026-04-29-at-3.58.15-PM-1024x768.jpeg\" alt=\"\" class=\"wp-image-14468\" srcset=\"https:\/\/minaguas.gob.ve\/wp-content\/uploads\/2026\/04\/WhatsApp-Image-2026-04-29-at-3.58.15-PM-1024x768.jpeg 1024w, https:\/\/minaguas.gob.ve\/wp-content\/uploads\/2026\/04\/WhatsApp-Image-2026-04-29-at-3.58.15-PM-300x225.jpeg 300w, https:\/\/minaguas.gob.ve\/wp-content\/uploads\/2026\/04\/WhatsApp-Image-2026-04-29-at-3.58.15-PM-768x576.jpeg 768w, https:\/\/minaguas.gob.ve\/wp-content\/uploads\/2026\/04\/WhatsApp-Image-2026-04-29-at-3.58.15-PM.jpeg 1080w\" sizes=\"auto, (max-width: 1024px) 100vw, 1024px\" \/><\/figure>\n\n\n\n<figure class=\"wp-block-image size-large\"><img loading=\"lazy\" decoding=\"async\" width=\"1024\" height=\"768\" data-id=\"14469\" src=\"https:\/\/minaguas.gob.ve\/wp-content\/uploads\/2026\/04\/WhatsApp-Image-2026-04-29-at-3.58.13-PM-1024x768.jpeg\" alt=\"\" class=\"wp-image-14469\" srcset=\"https:\/\/minaguas.gob.ve\/wp-content\/uploads\/2026\/04\/WhatsApp-Image-2026-04-29-at-3.58.13-PM-1024x768.jpeg 1024w, https:\/\/minaguas.gob.ve\/wp-content\/uploads\/2026\/04\/WhatsApp-Image-2026-04-29-at-3.58.13-PM-300x225.jpeg 300w, https:\/\/minaguas.gob.ve\/wp-content\/uploads\/2026\/04\/WhatsApp-Image-2026-04-29-at-3.58.13-PM-768x576.jpeg 768w, https:\/\/minaguas.gob.ve\/wp-content\/uploads\/2026\/04\/WhatsApp-Image-2026-04-29-at-3.58.13-PM.jpeg 1080w\" sizes=\"auto, (max-width: 1024px) 100vw, 1024px\" \/><\/figure>\n\n\n\n<figure class=\"wp-block-image size-large\"><img loading=\"lazy\" decoding=\"async\" width=\"1024\" height=\"768\" data-id=\"14470\" src=\"https:\/\/minaguas.gob.ve\/wp-content\/uploads\/2026\/04\/WhatsApp-Image-2026-04-29-at-3.58.10-PM-1024x768.jpeg\" alt=\"\" class=\"wp-image-14470\" srcset=\"https:\/\/minaguas.gob.ve\/wp-content\/uploads\/2026\/04\/WhatsApp-Image-2026-04-29-at-3.58.10-PM-1024x768.jpeg 1024w, https:\/\/minaguas.gob.ve\/wp-content\/uploads\/2026\/04\/WhatsApp-Image-2026-04-29-at-3.58.10-PM-300x225.jpeg 300w, https:\/\/minaguas.gob.ve\/wp-content\/uploads\/2026\/04\/WhatsApp-Image-2026-04-29-at-3.58.10-PM-768x576.jpeg 768w, https:\/\/minaguas.gob.ve\/wp-content\/uploads\/2026\/04\/WhatsApp-Image-2026-04-29-at-3.58.10-PM.jpeg 1080w\" sizes=\"auto, (max-width: 1024px) 100vw, 1024px\" \/><\/figure>\n<\/figure>\n","protected":false},"excerpt":{"rendered":"<p>Un total de 900 familias de la urbanizaci\u00f3n Las Terrazas, en el municipio San Fernando, cuentan ahora con un servicio de agua m\u00e1s confiable (Prensa Ministerio de las Aguas &#8211; 30-04-26).- Dando cumplimiento a las directrices de la Presidenta encargada Delcy Rodr\u00edguez para garantizar el acceso al agua potable como derecho fundamental, el equipo multidisciplinario [&hellip;]<\/p>\n","protected":false},"author":27,"featured_media":14466,"comment_status":"closed","ping_status":"open","sticky":false,"template":"","format":"standard","meta":{"footnotes":""},"categories":[1],"tags":[42,62,254,45],"class_list":["post-14465","post","type-post","status-publish","format-standard","has-post-thumbnail","hentry","category-noticias","tag-agua-potable","tag-apure","tag-equipo-multidisciplinario-del-agua","tag-regionales"],"_links":{"self":[{"href":"https:\/\/minaguas.gob.ve\/index.php?rest_route=\/wp\/v2\/posts\/14465","targetHints":{"allow":["GET"]}}],"collection":[{"href":"https:\/\/minaguas.gob.ve\/index.php?rest_route=\/wp\/v2\/posts"}],"about":[{"href":"https:\/\/minaguas.gob.ve\/index.php?rest_route=\/wp\/v2\/types\/post"}],"author":[{"embeddable":true,"href":"https:\/\/minaguas.gob.ve\/index.php?rest_route=\/wp\/v2\/users\/27"}],"replies":[{"embeddable":true,"href":"https:\/\/minaguas.gob.ve\/index.php?rest_route=%2Fwp%2Fv2%2Fcomments&post=14465"}],"version-history":[{"count":1,"href":"https:\/\/minaguas.gob.ve\/index.php?rest_route=\/wp\/v2\/posts\/14465\/revisions"}],"predecessor-version":[{"id":14471,"href":"https:\/\/minaguas.gob.ve\/index.php?rest_route=\/wp\/v2\/posts\/14465\/revisions\/14471"}],"wp:featuredmedia":[{"embeddable":true,"href":"https:\/\/minaguas.gob.ve\/index.php?rest_route=\/wp\/v2\/media\/14466"}],"wp:attachment":[{"href":"https:\/\/minaguas.gob.ve\/index.php?rest_route=%2Fwp%2Fv2%2Fmedia&parent=14465"}],"wp:term":[{"taxonomy":"category","embeddable":true,"href":"https:\/\/minaguas.gob.ve\/index.php?rest_route=%2Fwp%2Fv2%2Fcategories&post=14465"},{"taxonomy":"post_tag","embeddable":true,"href":"https:\/\/minaguas.gob.ve\/index.php?rest_route=%2Fwp%2Fv2%2Ftags&post=14465"}],"curies":[{"name":"wp","href":"https:\/\/api.w.org\/{rel}","templated":true}]}}