{"id":14447,"date":"2026-04-29T19:34:39","date_gmt":"2026-04-29T23:34:39","guid":{"rendered":"https:\/\/minaguas.gob.ve\/?p=14447"},"modified":"2026-04-29T19:34:39","modified_gmt":"2026-04-29T23:34:39","slug":"equipo-multidisciplinario-del-agua-consolida-proyecto-hidrico-en-la-comuna-voces-del-campo-en-yaracuy","status":"publish","type":"post","link":"https:\/\/minaguas.gob.ve\/?p=14447","title":{"rendered":"Equipo Multidisciplinario del Agua consolida proyecto h\u00eddrico en la Comuna Voces del Campo en Yaracuy\u00a0"},"content":{"rendered":"\n<p>\u200eLa obra consisti\u00f3 en la construcci\u00f3n de 4.900 metros de tuber\u00eda de 3 pulgadas<\/p>\n\n\n\n<p><strong>\u200e(Prensa Ministerio de las Aguas &#8211; 29-4-2026).- <\/strong>Mediante un proyecto seleccionado en la segunda Consulta Popular Nacional del 2025, el Gobierno Bolivariano junto al Equipo Multidisciplinario del Agua y la Comuna Agr\u00edcola Voces del Campo, ubicada en el municipio Ar\u00edstides Bastidas del estado Yaracuy, culmin\u00f3 la consolidaci\u00f3n del proyecto para mejorar el servicio de agua potable en el sector Sabana Larga, impactando de manera directa a 1.500 habitantes.&nbsp;<\/p>\n\n\n\n<p>\u200e\u200eLa obra destaca la construcci\u00f3n de 4.900 metros de tuber\u00eda PEAD de 3 pulgadas de di\u00e1metro, cuyas acciones fueron concretadas por el Poder Popular, reafirmando la organizaci\u00f3n participativa y protag\u00f3nica que caracteriza al pueblo venezolano.&nbsp;<\/p>\n\n\n\n<p>Por su parte, la habitante de la comunidad, Juana Barico, expres\u00f3 su agradecimiento con el Gobierno Bolivariano por la consolidaci\u00f3n de la obra que viene a mejorar la distribuci\u00f3n del vital l\u00edquido. \u201cDefinitivamente las Consultas son todo un \u00e9xito gracias a las pol\u00edticas del presidente Nicol\u00e1s Maduro y nuestra Presidenta (E) Delcy Rodr\u00edguez por atender las necesidades del pueblo\u201d.&nbsp;&nbsp;<\/p>\n\n\n\n<p>\u200eCabe destacar, que el equipo multidisciplinario del Ministerio del Poder Popular de las Aguas, contin\u00faa desplegado en los 14 municipios de la regi\u00f3n, brindando soluciones efectivas a nuestra poblaci\u00f3n. \u200e<\/p>\n\n\n\n<figure class=\"wp-block-gallery has-nested-images columns-default is-cropped wp-block-gallery-1 is-layout-flex wp-block-gallery-is-layout-flex\">\n<figure class=\"wp-block-image size-large\"><img loading=\"lazy\" decoding=\"async\" width=\"1024\" height=\"576\" data-id=\"14450\" src=\"https:\/\/minaguas.gob.ve\/wp-content\/uploads\/2026\/04\/WhatsApp-Image-2026-04-29-at-4.35.40-PM-3-1024x576.jpeg\" alt=\"\" class=\"wp-image-14450\" srcset=\"https:\/\/minaguas.gob.ve\/wp-content\/uploads\/2026\/04\/WhatsApp-Image-2026-04-29-at-4.35.40-PM-3-1024x576.jpeg 1024w, https:\/\/minaguas.gob.ve\/wp-content\/uploads\/2026\/04\/WhatsApp-Image-2026-04-29-at-4.35.40-PM-3-300x169.jpeg 300w, https:\/\/minaguas.gob.ve\/wp-content\/uploads\/2026\/04\/WhatsApp-Image-2026-04-29-at-4.35.40-PM-3-768x432.jpeg 768w, https:\/\/minaguas.gob.ve\/wp-content\/uploads\/2026\/04\/WhatsApp-Image-2026-04-29-at-4.35.40-PM-3.jpeg 1280w\" sizes=\"auto, (max-width: 1024px) 100vw, 1024px\" \/><\/figure>\n\n\n\n<figure class=\"wp-block-image size-large\"><img loading=\"lazy\" decoding=\"async\" width=\"1024\" height=\"767\" data-id=\"14451\" src=\"https:\/\/minaguas.gob.ve\/wp-content\/uploads\/2026\/04\/WhatsApp-Image-2026-04-29-at-4.35.40-PM-2-1024x767.jpeg\" alt=\"\" class=\"wp-image-14451\" srcset=\"https:\/\/minaguas.gob.ve\/wp-content\/uploads\/2026\/04\/WhatsApp-Image-2026-04-29-at-4.35.40-PM-2-1024x767.jpeg 1024w, https:\/\/minaguas.gob.ve\/wp-content\/uploads\/2026\/04\/WhatsApp-Image-2026-04-29-at-4.35.40-PM-2-300x225.jpeg 300w, https:\/\/minaguas.gob.ve\/wp-content\/uploads\/2026\/04\/WhatsApp-Image-2026-04-29-at-4.35.40-PM-2-768x575.jpeg 768w, https:\/\/minaguas.gob.ve\/wp-content\/uploads\/2026\/04\/WhatsApp-Image-2026-04-29-at-4.35.40-PM-2.jpeg 1080w\" sizes=\"auto, (max-width: 1024px) 100vw, 1024px\" \/><\/figure>\n\n\n\n<figure class=\"wp-block-image size-large\"><img loading=\"lazy\" decoding=\"async\" width=\"1024\" height=\"767\" data-id=\"14452\" src=\"https:\/\/minaguas.gob.ve\/wp-content\/uploads\/2026\/04\/WhatsApp-Image-2026-04-29-at-4.35.40-PM-1-1-1024x767.jpeg\" alt=\"\" class=\"wp-image-14452\" srcset=\"https:\/\/minaguas.gob.ve\/wp-content\/uploads\/2026\/04\/WhatsApp-Image-2026-04-29-at-4.35.40-PM-1-1-1024x767.jpeg 1024w, https:\/\/minaguas.gob.ve\/wp-content\/uploads\/2026\/04\/WhatsApp-Image-2026-04-29-at-4.35.40-PM-1-1-300x225.jpeg 300w, https:\/\/minaguas.gob.ve\/wp-content\/uploads\/2026\/04\/WhatsApp-Image-2026-04-29-at-4.35.40-PM-1-1-768x575.jpeg 768w, https:\/\/minaguas.gob.ve\/wp-content\/uploads\/2026\/04\/WhatsApp-Image-2026-04-29-at-4.35.40-PM-1-1.jpeg 1080w\" sizes=\"auto, (max-width: 1024px) 100vw, 1024px\" \/><\/figure>\n<\/figure>\n","protected":false},"excerpt":{"rendered":"<p>\u200eLa obra consisti\u00f3 en la construcci\u00f3n de 4.900 metros de tuber\u00eda de 3 pulgadas \u200e(Prensa Ministerio de las Aguas &#8211; 29-4-2026).- Mediante un proyecto seleccionado en la segunda Consulta Popular Nacional del 2025, el Gobierno Bolivariano junto al Equipo Multidisciplinario del Agua y la Comuna Agr\u00edcola Voces del Campo, ubicada en el municipio Ar\u00edstides Bastidas [&hellip;]<\/p>\n","protected":false},"author":27,"featured_media":14448,"comment_status":"closed","ping_status":"open","sticky":false,"template":"","format":"standard","meta":{"footnotes":""},"categories":[1],"tags":[42,254,45,44],"class_list":["post-14447","post","type-post","status-publish","format-standard","has-post-thumbnail","hentry","category-noticias","tag-agua-potable","tag-equipo-multidisciplinario-del-agua","tag-regionales","tag-yaracuy"],"_links":{"self":[{"href":"https:\/\/minaguas.gob.ve\/index.php?rest_route=\/wp\/v2\/posts\/14447","targetHints":{"allow":["GET"]}}],"collection":[{"href":"https:\/\/minaguas.gob.ve\/index.php?rest_route=\/wp\/v2\/posts"}],"about":[{"href":"https:\/\/minaguas.gob.ve\/index.php?rest_route=\/wp\/v2\/types\/post"}],"author":[{"embeddable":true,"href":"https:\/\/minaguas.gob.ve\/index.php?rest_route=\/wp\/v2\/users\/27"}],"replies":[{"embeddable":true,"href":"https:\/\/minaguas.gob.ve\/index.php?rest_route=%2Fwp%2Fv2%2Fcomments&post=14447"}],"version-history":[{"count":1,"href":"https:\/\/minaguas.gob.ve\/index.php?rest_route=\/wp\/v2\/posts\/14447\/revisions"}],"predecessor-version":[{"id":14453,"href":"https:\/\/minaguas.gob.ve\/index.php?rest_route=\/wp\/v2\/posts\/14447\/revisions\/14453"}],"wp:featuredmedia":[{"embeddable":true,"href":"https:\/\/minaguas.gob.ve\/index.php?rest_route=\/wp\/v2\/media\/14448"}],"wp:attachment":[{"href":"https:\/\/minaguas.gob.ve\/index.php?rest_route=%2Fwp%2Fv2%2Fmedia&parent=14447"}],"wp:term":[{"taxonomy":"category","embeddable":true,"href":"https:\/\/minaguas.gob.ve\/index.php?rest_route=%2Fwp%2Fv2%2Fcategories&post=14447"},{"taxonomy":"post_tag","embeddable":true,"href":"https:\/\/minaguas.gob.ve\/index.php?rest_route=%2Fwp%2Fv2%2Ftags&post=14447"}],"curies":[{"name":"wp","href":"https:\/\/api.w.org\/{rel}","templated":true}]}}