{"id":14426,"date":"2026-04-28T22:51:12","date_gmt":"2026-04-29T02:51:12","guid":{"rendered":"https:\/\/minaguas.gob.ve\/?p=14426"},"modified":"2026-04-28T22:53:24","modified_gmt":"2026-04-29T02:53:24","slug":"minaguas-optimiza-suministro-de-agua-potable-para-28-familias-en-falcon","status":"publish","type":"post","link":"https:\/\/minaguas.gob.ve\/?p=14426","title":{"rendered":"MinAguas optimiza suministro de agua potable para 28 familias en Falc\u00f3n"},"content":{"rendered":"\n<p><em>Sustituyen 15 metros de tuber\u00eda de alta densidad en el sector Bicentenario de Carirubana para recuperar la presi\u00f3n hidr\u00e1ulica y garantizar el servicio<\/em><\/p>\n\n\n\n<p><strong>(Prensa Ministerio de las Aguas &#8211; 28-04-26).\u2013<\/strong> El Ministerio del Poder Popular de las Aguas (MinAguas) ejecut\u00f3 la sustituci\u00f3n de 15 metros de tuber\u00eda de 4 pulgadas de di\u00e1metro en el callej\u00f3n 11 Bicentenario, parroquia Punta Card\u00f3n, municipio Carirubana del estado Falc\u00f3n, atendiendo directamente a 28 familias con mejoras en el suministro de agua potable.<\/p>\n\n\n\n<p>Los trabajos consistieron en el reemplazo total del tramo por tuber\u00eda nueva de alta densidad, lo que permite recuperar la presi\u00f3n hidr\u00e1ulica y garantizar la continuidad del servicio.<\/p>\n\n\n\n<p>Adem\u00e1s, durante la intervenci\u00f3n, los equipos especializados realizaron limpieza de los tramos adyacentes y verificaci\u00f3n del estado de las v\u00e1lvulas de paso, optimizando as\u00ed la distribuci\u00f3n del caudal hacia las viviendas del sector.&nbsp;<\/p>\n\n\n\n<p>El habitante del Bicentenario, Jes\u00fas Bracho, expres\u00f3 su agradecimiento: \u201cEsta es una respuesta r\u00e1pida. El equipo de Hidroven atendi\u00f3 nuestra solicitud y estamos agradecidos ya que, est\u00e1 acci\u00f3n atiende a una mejora significativa en la calidad de vida de 28 familias\u201d.<br><br>Con estas labores, el Gobierno Bolivariano, a trav\u00e9s de MinAguas, contin\u00faa fortaleciendo la infraestructura h\u00eddrica en el estado Falc\u00f3n, brindando soluciones eficaces que elevan la calidad de vida de las comunidades mediante el Plan Nacional de Recuperaci\u00f3n, Estabilizaci\u00f3n y Mantenimiento (REM).<\/p>\n\n\n\n<figure class=\"wp-block-gallery has-nested-images columns-default is-cropped wp-block-gallery-1 is-layout-flex wp-block-gallery-is-layout-flex\">\n<figure class=\"wp-block-image size-large\"><img loading=\"lazy\" decoding=\"async\" width=\"1024\" height=\"522\" data-id=\"14428\" src=\"https:\/\/minaguas.gob.ve\/wp-content\/uploads\/2026\/04\/WhatsApp-Image-2026-04-28-at-8.08.57-PM-1-1024x522.jpeg\" alt=\"\" class=\"wp-image-14428\" srcset=\"https:\/\/minaguas.gob.ve\/wp-content\/uploads\/2026\/04\/WhatsApp-Image-2026-04-28-at-8.08.57-PM-1-1024x522.jpeg 1024w, https:\/\/minaguas.gob.ve\/wp-content\/uploads\/2026\/04\/WhatsApp-Image-2026-04-28-at-8.08.57-PM-1-300x153.jpeg 300w, https:\/\/minaguas.gob.ve\/wp-content\/uploads\/2026\/04\/WhatsApp-Image-2026-04-28-at-8.08.57-PM-1-768x392.jpeg 768w, https:\/\/minaguas.gob.ve\/wp-content\/uploads\/2026\/04\/WhatsApp-Image-2026-04-28-at-8.08.57-PM-1-1536x784.jpeg 1536w, https:\/\/minaguas.gob.ve\/wp-content\/uploads\/2026\/04\/WhatsApp-Image-2026-04-28-at-8.08.57-PM-1-2048x1045.jpeg 2048w\" sizes=\"auto, (max-width: 1024px) 100vw, 1024px\" \/><\/figure>\n\n\n\n<figure class=\"wp-block-image size-large\"><img loading=\"lazy\" decoding=\"async\" width=\"1024\" height=\"524\" data-id=\"14429\" src=\"https:\/\/minaguas.gob.ve\/wp-content\/uploads\/2026\/04\/WhatsApp-Image-2026-04-28-at-8.08.57-PM-1024x524.jpeg\" alt=\"\" class=\"wp-image-14429\" srcset=\"https:\/\/minaguas.gob.ve\/wp-content\/uploads\/2026\/04\/WhatsApp-Image-2026-04-28-at-8.08.57-PM-1024x524.jpeg 1024w, https:\/\/minaguas.gob.ve\/wp-content\/uploads\/2026\/04\/WhatsApp-Image-2026-04-28-at-8.08.57-PM-300x154.jpeg 300w, https:\/\/minaguas.gob.ve\/wp-content\/uploads\/2026\/04\/WhatsApp-Image-2026-04-28-at-8.08.57-PM-768x393.jpeg 768w, https:\/\/minaguas.gob.ve\/wp-content\/uploads\/2026\/04\/WhatsApp-Image-2026-04-28-at-8.08.57-PM-1536x786.jpeg 1536w, https:\/\/minaguas.gob.ve\/wp-content\/uploads\/2026\/04\/WhatsApp-Image-2026-04-28-at-8.08.57-PM-2048x1048.jpeg 2048w\" sizes=\"auto, (max-width: 1024px) 100vw, 1024px\" \/><\/figure>\n\n\n\n<figure class=\"wp-block-image size-large\"><img loading=\"lazy\" decoding=\"async\" width=\"1024\" height=\"524\" data-id=\"14430\" src=\"https:\/\/minaguas.gob.ve\/wp-content\/uploads\/2026\/04\/WhatsApp-Image-2026-04-28-at-8.08.56-PM-1-1024x524.jpeg\" alt=\"\" class=\"wp-image-14430\" srcset=\"https:\/\/minaguas.gob.ve\/wp-content\/uploads\/2026\/04\/WhatsApp-Image-2026-04-28-at-8.08.56-PM-1-1024x524.jpeg 1024w, https:\/\/minaguas.gob.ve\/wp-content\/uploads\/2026\/04\/WhatsApp-Image-2026-04-28-at-8.08.56-PM-1-300x154.jpeg 300w, https:\/\/minaguas.gob.ve\/wp-content\/uploads\/2026\/04\/WhatsApp-Image-2026-04-28-at-8.08.56-PM-1-768x393.jpeg 768w, https:\/\/minaguas.gob.ve\/wp-content\/uploads\/2026\/04\/WhatsApp-Image-2026-04-28-at-8.08.56-PM-1-1536x786.jpeg 1536w, https:\/\/minaguas.gob.ve\/wp-content\/uploads\/2026\/04\/WhatsApp-Image-2026-04-28-at-8.08.56-PM-1-2048x1048.jpeg 2048w\" sizes=\"auto, (max-width: 1024px) 100vw, 1024px\" \/><\/figure>\n<\/figure>\n","protected":false},"excerpt":{"rendered":"<p>Sustituyen 15 metros de tuber\u00eda de alta densidad en el sector Bicentenario de Carirubana para recuperar la presi\u00f3n hidr\u00e1ulica y garantizar el servicio (Prensa Ministerio de las Aguas &#8211; 28-04-26).\u2013 El Ministerio del Poder Popular de las Aguas (MinAguas) ejecut\u00f3 la sustituci\u00f3n de 15 metros de tuber\u00eda de 4 pulgadas de di\u00e1metro en el callej\u00f3n [&hellip;]<\/p>\n","protected":false},"author":27,"featured_media":14427,"comment_status":"closed","ping_status":"open","sticky":false,"template":"","format":"standard","meta":{"footnotes":""},"categories":[1],"tags":[77,254,152,45],"class_list":["post-14426","post","type-post","status-publish","format-standard","has-post-thumbnail","hentry","category-noticias","tag-aguas-servidas","tag-equipo-multidisciplinario-del-agua","tag-falcon","tag-regionales"],"_links":{"self":[{"href":"https:\/\/minaguas.gob.ve\/index.php?rest_route=\/wp\/v2\/posts\/14426","targetHints":{"allow":["GET"]}}],"collection":[{"href":"https:\/\/minaguas.gob.ve\/index.php?rest_route=\/wp\/v2\/posts"}],"about":[{"href":"https:\/\/minaguas.gob.ve\/index.php?rest_route=\/wp\/v2\/types\/post"}],"author":[{"embeddable":true,"href":"https:\/\/minaguas.gob.ve\/index.php?rest_route=\/wp\/v2\/users\/27"}],"replies":[{"embeddable":true,"href":"https:\/\/minaguas.gob.ve\/index.php?rest_route=%2Fwp%2Fv2%2Fcomments&post=14426"}],"version-history":[{"count":3,"href":"https:\/\/minaguas.gob.ve\/index.php?rest_route=\/wp\/v2\/posts\/14426\/revisions"}],"predecessor-version":[{"id":14433,"href":"https:\/\/minaguas.gob.ve\/index.php?rest_route=\/wp\/v2\/posts\/14426\/revisions\/14433"}],"wp:featuredmedia":[{"embeddable":true,"href":"https:\/\/minaguas.gob.ve\/index.php?rest_route=\/wp\/v2\/media\/14427"}],"wp:attachment":[{"href":"https:\/\/minaguas.gob.ve\/index.php?rest_route=%2Fwp%2Fv2%2Fmedia&parent=14426"}],"wp:term":[{"taxonomy":"category","embeddable":true,"href":"https:\/\/minaguas.gob.ve\/index.php?rest_route=%2Fwp%2Fv2%2Fcategories&post=14426"},{"taxonomy":"post_tag","embeddable":true,"href":"https:\/\/minaguas.gob.ve\/index.php?rest_route=%2Fwp%2Fv2%2Ftags&post=14426"}],"curies":[{"name":"wp","href":"https:\/\/api.w.org\/{rel}","templated":true}]}}