{"id":14418,"date":"2026-04-28T21:56:56","date_gmt":"2026-04-29T01:56:56","guid":{"rendered":"https:\/\/minaguas.gob.ve\/?p=14418"},"modified":"2026-04-28T22:05:26","modified_gmt":"2026-04-29T02:05:26","slug":"gobierno-bolivariano-repara-tuberia-de-36-pulgadas-para-garantizar-el-servicio-de-agua-potable-en-la-guajira","status":"publish","type":"post","link":"https:\/\/minaguas.gob.ve\/?p=14418","title":{"rendered":"Gobierno Bolivariano repara tuber\u00eda de 36 pulgadas para garantizar el servicio de agua potable en La Guajira"},"content":{"rendered":"\n<p>La obra optimiza la distribuci\u00f3n del servicio a m\u00e1s de 25 mil familias de nuestra etnia way\u00fau&nbsp;&nbsp;&nbsp;&nbsp;&nbsp;&nbsp;&nbsp;&nbsp;&nbsp;&nbsp;&nbsp;&nbsp;&nbsp;&nbsp;&nbsp;&nbsp;&nbsp;&nbsp;&nbsp;&nbsp;&nbsp;&nbsp;&nbsp;&nbsp;&nbsp;&nbsp;&nbsp;&nbsp;&nbsp;&nbsp;&nbsp;&nbsp;&nbsp;&nbsp;&nbsp;&nbsp;&nbsp;&nbsp;&nbsp;&nbsp;&nbsp;&nbsp;&nbsp;&nbsp;&nbsp;&nbsp;&nbsp;&nbsp;&nbsp;&nbsp;&nbsp;&nbsp;&nbsp;&nbsp;&nbsp;&nbsp;&nbsp;&nbsp;&nbsp;&nbsp;&nbsp;&nbsp;&nbsp;&nbsp;&nbsp;&nbsp;&nbsp;&nbsp;&nbsp;&nbsp;&nbsp;&nbsp;&nbsp;&nbsp;&nbsp;&nbsp;&nbsp;&nbsp;&nbsp;&nbsp;&nbsp;&nbsp;&nbsp;&nbsp;&nbsp;&nbsp;&nbsp;&nbsp;&nbsp;<\/p>\n\n\n\n<p><strong>(Prensa Ministerio de las Aguas \u2013 28-04-2026).\u2013<\/strong> El Gobierno Bolivariano realiza reparaci\u00f3n de aver\u00eda en tuber\u00eda de 36 pulgadas, en el eje Trinitaria &#8211; Las Trojas, municipio Ind\u00edgena La Guajira, en el estado Zulia, para garantizar mejoras en el servicio de distribuci\u00f3n de agua potable a m\u00e1s de 25 mil familias de nuestra etnia ind\u00edgena.<\/p>\n\n\n\n<p>El Equipo Multidisciplinario del Agua, se despleg\u00f3 en el lugar con maquinaria pesada y realiz\u00f3 excavaciones profundas para corregir 14 incidencias y proceder a mejorar la tuber\u00eda de 36 pulgadas de la v\u00e1lvula Las Trojas.&nbsp;<\/p>\n\n\n\n<p>Mediante los trabajos, se recuperan unos 40 (L\/S) de la tuber\u00eda que abastece a toda La Guajira, conformada por las parroquias Sinamaica, El\u00edas S\u00e1nchez Rubio, Guajira y Alta Guajira.<\/p>\n\n\n\n<p>Un vecino de la comunidad, El\u00ed Fern\u00e1ndez, refiri\u00f3 que estaba muy agradecido con el Gobierno Bolivariano y los trabajadores del Agua porque el eje Trinitaria &#8211; Las Trojas ya estaba recibiendo el servicio.&nbsp;<\/p>\n\n\n\n<p>La obra forma parte del Plan de la Patria impulsado por el presidente Nicol\u00e1s Maduro, en continuidad por la presidenta encargada Delcy Rodr\u00edguez, para garantizar el buen vivir de nuestros pueblos ind\u00edgenas en materia de servicios.<\/p>\n\n\n\n<figure class=\"wp-block-gallery has-nested-images columns-default is-cropped wp-block-gallery-1 is-layout-flex wp-block-gallery-is-layout-flex\">\n<figure class=\"wp-block-image size-large\"><img loading=\"lazy\" decoding=\"async\" width=\"896\" height=\"971\" data-id=\"14420\" src=\"https:\/\/minaguas.gob.ve\/wp-content\/uploads\/2026\/04\/WhatsApp-Image-2026-04-28-at-7.54.05-PM.jpeg\" alt=\"\" class=\"wp-image-14420\" srcset=\"https:\/\/minaguas.gob.ve\/wp-content\/uploads\/2026\/04\/WhatsApp-Image-2026-04-28-at-7.54.05-PM.jpeg 896w, https:\/\/minaguas.gob.ve\/wp-content\/uploads\/2026\/04\/WhatsApp-Image-2026-04-28-at-7.54.05-PM-277x300.jpeg 277w, https:\/\/minaguas.gob.ve\/wp-content\/uploads\/2026\/04\/WhatsApp-Image-2026-04-28-at-7.54.05-PM-768x832.jpeg 768w\" sizes=\"auto, (max-width: 896px) 100vw, 896px\" \/><\/figure>\n\n\n\n<figure class=\"wp-block-image size-large\"><img loading=\"lazy\" decoding=\"async\" width=\"896\" height=\"1010\" data-id=\"14421\" src=\"https:\/\/minaguas.gob.ve\/wp-content\/uploads\/2026\/04\/WhatsApp-Image-2026-04-28-at-7.54.04-PM-2.jpeg\" alt=\"\" class=\"wp-image-14421\" srcset=\"https:\/\/minaguas.gob.ve\/wp-content\/uploads\/2026\/04\/WhatsApp-Image-2026-04-28-at-7.54.04-PM-2.jpeg 896w, https:\/\/minaguas.gob.ve\/wp-content\/uploads\/2026\/04\/WhatsApp-Image-2026-04-28-at-7.54.04-PM-2-266x300.jpeg 266w, https:\/\/minaguas.gob.ve\/wp-content\/uploads\/2026\/04\/WhatsApp-Image-2026-04-28-at-7.54.04-PM-2-768x866.jpeg 768w\" sizes=\"auto, (max-width: 896px) 100vw, 896px\" \/><\/figure>\n\n\n\n<figure class=\"wp-block-image size-large\"><img loading=\"lazy\" decoding=\"async\" width=\"766\" height=\"1024\" data-id=\"14422\" src=\"https:\/\/minaguas.gob.ve\/wp-content\/uploads\/2026\/04\/WhatsApp-Image-2026-04-28-at-7.54.04-PM-1-766x1024.jpeg\" alt=\"\" class=\"wp-image-14422\" srcset=\"https:\/\/minaguas.gob.ve\/wp-content\/uploads\/2026\/04\/WhatsApp-Image-2026-04-28-at-7.54.04-PM-1-766x1024.jpeg 766w, https:\/\/minaguas.gob.ve\/wp-content\/uploads\/2026\/04\/WhatsApp-Image-2026-04-28-at-7.54.04-PM-1-224x300.jpeg 224w, https:\/\/minaguas.gob.ve\/wp-content\/uploads\/2026\/04\/WhatsApp-Image-2026-04-28-at-7.54.04-PM-1-768x1027.jpeg 768w, https:\/\/minaguas.gob.ve\/wp-content\/uploads\/2026\/04\/WhatsApp-Image-2026-04-28-at-7.54.04-PM-1.jpeg 896w\" sizes=\"auto, (max-width: 766px) 100vw, 766px\" \/><\/figure>\n<\/figure>\n","protected":false},"excerpt":{"rendered":"<p>La obra optimiza la distribuci\u00f3n del servicio a m\u00e1s de 25 mil familias de nuestra etnia way\u00fau&nbsp;&nbsp;&nbsp;&nbsp;&nbsp;&nbsp;&nbsp;&nbsp;&nbsp;&nbsp;&nbsp;&nbsp;&nbsp;&nbsp;&nbsp;&nbsp;&nbsp;&nbsp;&nbsp;&nbsp;&nbsp;&nbsp;&nbsp;&nbsp;&nbsp;&nbsp;&nbsp;&nbsp;&nbsp;&nbsp;&nbsp;&nbsp;&nbsp;&nbsp;&nbsp;&nbsp;&nbsp;&nbsp;&nbsp;&nbsp;&nbsp;&nbsp;&nbsp;&nbsp;&nbsp;&nbsp;&nbsp;&nbsp;&nbsp;&nbsp;&nbsp;&nbsp;&nbsp;&nbsp;&nbsp;&nbsp;&nbsp;&nbsp;&nbsp;&nbsp;&nbsp;&nbsp;&nbsp;&nbsp;&nbsp;&nbsp;&nbsp;&nbsp;&nbsp;&nbsp;&nbsp;&nbsp;&nbsp;&nbsp;&nbsp;&nbsp;&nbsp;&nbsp;&nbsp;&nbsp;&nbsp;&nbsp;&nbsp;&nbsp;&nbsp;&nbsp;&nbsp;&nbsp;&nbsp; (Prensa Ministerio de las Aguas \u2013 28-04-2026).\u2013 El Gobierno Bolivariano realiza reparaci\u00f3n de aver\u00eda en tuber\u00eda de 36 pulgadas, en el eje Trinitaria &#8211; Las Trojas, municipio Ind\u00edgena La Guajira, en el estado Zulia, para garantizar mejoras en [&hellip;]<\/p>\n","protected":false},"author":27,"featured_media":14419,"comment_status":"closed","ping_status":"open","sticky":false,"template":"","format":"standard","meta":{"footnotes":""},"categories":[1],"tags":[42,254,45,73],"class_list":["post-14418","post","type-post","status-publish","format-standard","has-post-thumbnail","hentry","category-noticias","tag-agua-potable","tag-equipo-multidisciplinario-del-agua","tag-regionales","tag-zulia"],"_links":{"self":[{"href":"https:\/\/minaguas.gob.ve\/index.php?rest_route=\/wp\/v2\/posts\/14418","targetHints":{"allow":["GET"]}}],"collection":[{"href":"https:\/\/minaguas.gob.ve\/index.php?rest_route=\/wp\/v2\/posts"}],"about":[{"href":"https:\/\/minaguas.gob.ve\/index.php?rest_route=\/wp\/v2\/types\/post"}],"author":[{"embeddable":true,"href":"https:\/\/minaguas.gob.ve\/index.php?rest_route=\/wp\/v2\/users\/27"}],"replies":[{"embeddable":true,"href":"https:\/\/minaguas.gob.ve\/index.php?rest_route=%2Fwp%2Fv2%2Fcomments&post=14418"}],"version-history":[{"count":3,"href":"https:\/\/minaguas.gob.ve\/index.php?rest_route=\/wp\/v2\/posts\/14418\/revisions"}],"predecessor-version":[{"id":14425,"href":"https:\/\/minaguas.gob.ve\/index.php?rest_route=\/wp\/v2\/posts\/14418\/revisions\/14425"}],"wp:featuredmedia":[{"embeddable":true,"href":"https:\/\/minaguas.gob.ve\/index.php?rest_route=\/wp\/v2\/media\/14419"}],"wp:attachment":[{"href":"https:\/\/minaguas.gob.ve\/index.php?rest_route=%2Fwp%2Fv2%2Fmedia&parent=14418"}],"wp:term":[{"taxonomy":"category","embeddable":true,"href":"https:\/\/minaguas.gob.ve\/index.php?rest_route=%2Fwp%2Fv2%2Fcategories&post=14418"},{"taxonomy":"post_tag","embeddable":true,"href":"https:\/\/minaguas.gob.ve\/index.php?rest_route=%2Fwp%2Fv2%2Ftags&post=14418"}],"curies":[{"name":"wp","href":"https:\/\/api.w.org\/{rel}","templated":true}]}}