{"id":14402,"date":"2026-04-28T21:04:47","date_gmt":"2026-04-29T01:04:47","guid":{"rendered":"https:\/\/minaguas.gob.ve\/?p=14402"},"modified":"2026-04-28T21:05:56","modified_gmt":"2026-04-29T01:05:56","slug":"aragua-hidroven-optimiza-red-de-aguas-servidas-para-300-familias-de-la-urbanizacion-bael","status":"publish","type":"post","link":"https:\/\/minaguas.gob.ve\/?p=14402","title":{"rendered":"Aragua | Hidroven optimiza red de aguas servidas para 300 familias de la urbanizaci\u00f3n BAEL"},"content":{"rendered":"\n<p>La participaci\u00f3n protag\u00f3nica del Pueblo fue clave para la ejecuci\u00f3n de este proyecto ganador de la Consulta Popular Nacional<\/p>\n\n\n\n<p><strong>(Prensa Ministerio de las Aguas &#8211; 28-04-2026).-<\/strong> El Equipo Multidisciplinario del Agua, cumpliendo con las directrices del Gobierno Bolivariano, ejecut\u00f3 la construcci\u00f3n de 32 metros de colector en el sector F de la urbanizaci\u00f3n Base A\u00e9rea El Libertador (BAEL), ubicada en la parroquia San Mart\u00edn de Porres, municipio Libertador del estado Aragua, con el prop\u00f3sito de mejorar el servicio de saneamiento a 300 familias de la zona.\u00a0<\/p>\n\n\n\n<p>Las labores desarrolladas en la calle 3, consistieron en la instalaci\u00f3n de aproximadamente 5 colectores de aguas servidas de 12 pulgadas de di\u00e1metro, que se conectaron a la red de descarga principal, a fin de optimizar el funcionamiento de la red de recolecci\u00f3n.<\/p>\n\n\n\n<p>Este trabajo es el resultado del Poder Popular organizado, que desde asambleas comunitarias dieron prioridad a este proyecto. La Jefa de comunidad, Alba Ram\u00edrez, declar\u00f3 que, \u00abestamos felices y contentos porque esto demuestra democracia directa, que decide y fiscaliza. Agradecemos al Ministerio del Poder Popular de las Aguas por todo el apoyo\u00bb.<\/p>\n\n\n\n<p>Las pol\u00edticas p\u00fablicas creadas por el Presidente Nicol\u00e1s Maduro y materializadas por la Presidenta encargada Delcy Rodr\u00edguez, garantizan la articulaci\u00f3n perfecta entre las instituciones y las comunidades, demostrando compromiso con el bienestar de todos y todas.<\/p>\n\n\n\n<figure class=\"wp-block-gallery has-nested-images columns-default is-cropped wp-block-gallery-1 is-layout-flex wp-block-gallery-is-layout-flex\">\n<figure class=\"wp-block-image size-large\"><img loading=\"lazy\" decoding=\"async\" width=\"1024\" height=\"576\" data-id=\"14404\" src=\"https:\/\/minaguas.gob.ve\/wp-content\/uploads\/2026\/04\/WhatsApp-Image-2026-04-28-at-9.01.28-PM-4-1024x576.jpeg\" alt=\"\" class=\"wp-image-14404\" srcset=\"https:\/\/minaguas.gob.ve\/wp-content\/uploads\/2026\/04\/WhatsApp-Image-2026-04-28-at-9.01.28-PM-4-1024x576.jpeg 1024w, https:\/\/minaguas.gob.ve\/wp-content\/uploads\/2026\/04\/WhatsApp-Image-2026-04-28-at-9.01.28-PM-4-300x169.jpeg 300w, https:\/\/minaguas.gob.ve\/wp-content\/uploads\/2026\/04\/WhatsApp-Image-2026-04-28-at-9.01.28-PM-4-768x432.jpeg 768w, https:\/\/minaguas.gob.ve\/wp-content\/uploads\/2026\/04\/WhatsApp-Image-2026-04-28-at-9.01.28-PM-4.jpeg 1280w\" sizes=\"auto, (max-width: 1024px) 100vw, 1024px\" \/><\/figure>\n\n\n\n<figure class=\"wp-block-image size-large\"><img loading=\"lazy\" decoding=\"async\" width=\"1024\" height=\"576\" data-id=\"14405\" src=\"https:\/\/minaguas.gob.ve\/wp-content\/uploads\/2026\/04\/WhatsApp-Image-2026-04-28-at-9.01.28-PM-3-1024x576.jpeg\" alt=\"\" class=\"wp-image-14405\" srcset=\"https:\/\/minaguas.gob.ve\/wp-content\/uploads\/2026\/04\/WhatsApp-Image-2026-04-28-at-9.01.28-PM-3-1024x576.jpeg 1024w, https:\/\/minaguas.gob.ve\/wp-content\/uploads\/2026\/04\/WhatsApp-Image-2026-04-28-at-9.01.28-PM-3-300x169.jpeg 300w, https:\/\/minaguas.gob.ve\/wp-content\/uploads\/2026\/04\/WhatsApp-Image-2026-04-28-at-9.01.28-PM-3-768x432.jpeg 768w, https:\/\/minaguas.gob.ve\/wp-content\/uploads\/2026\/04\/WhatsApp-Image-2026-04-28-at-9.01.28-PM-3.jpeg 1280w\" sizes=\"auto, (max-width: 1024px) 100vw, 1024px\" \/><\/figure>\n\n\n\n<figure class=\"wp-block-image size-large\"><img loading=\"lazy\" decoding=\"async\" width=\"1024\" height=\"522\" data-id=\"14406\" src=\"https:\/\/minaguas.gob.ve\/wp-content\/uploads\/2026\/04\/WhatsApp-Image-2026-04-28-at-9.01.28-PM-1.jpeg\" alt=\"\" class=\"wp-image-14406\" srcset=\"https:\/\/minaguas.gob.ve\/wp-content\/uploads\/2026\/04\/WhatsApp-Image-2026-04-28-at-9.01.28-PM-1.jpeg 1024w, https:\/\/minaguas.gob.ve\/wp-content\/uploads\/2026\/04\/WhatsApp-Image-2026-04-28-at-9.01.28-PM-1-300x153.jpeg 300w, https:\/\/minaguas.gob.ve\/wp-content\/uploads\/2026\/04\/WhatsApp-Image-2026-04-28-at-9.01.28-PM-1-768x392.jpeg 768w\" sizes=\"auto, (max-width: 1024px) 100vw, 1024px\" \/><\/figure>\n\n\n\n<figure class=\"wp-block-image size-large\"><img loading=\"lazy\" decoding=\"async\" width=\"1024\" height=\"572\" data-id=\"14407\" src=\"https:\/\/minaguas.gob.ve\/wp-content\/uploads\/2026\/04\/WhatsApp-Image-2026-04-28-at-9.01.28-PM-1024x572.jpeg\" alt=\"\" class=\"wp-image-14407\" srcset=\"https:\/\/minaguas.gob.ve\/wp-content\/uploads\/2026\/04\/WhatsApp-Image-2026-04-28-at-9.01.28-PM-1024x572.jpeg 1024w, https:\/\/minaguas.gob.ve\/wp-content\/uploads\/2026\/04\/WhatsApp-Image-2026-04-28-at-9.01.28-PM-300x167.jpeg 300w, https:\/\/minaguas.gob.ve\/wp-content\/uploads\/2026\/04\/WhatsApp-Image-2026-04-28-at-9.01.28-PM-768x429.jpeg 768w, https:\/\/minaguas.gob.ve\/wp-content\/uploads\/2026\/04\/WhatsApp-Image-2026-04-28-at-9.01.28-PM.jpeg 1376w\" sizes=\"auto, (max-width: 1024px) 100vw, 1024px\" \/><\/figure>\n<\/figure>\n","protected":false},"excerpt":{"rendered":"<p>La participaci\u00f3n protag\u00f3nica del Pueblo fue clave para la ejecuci\u00f3n de este proyecto ganador de la Consulta Popular Nacional (Prensa Ministerio de las Aguas &#8211; 28-04-2026).- El Equipo Multidisciplinario del Agua, cumpliendo con las directrices del Gobierno Bolivariano, ejecut\u00f3 la construcci\u00f3n de 32 metros de colector en el sector F de la urbanizaci\u00f3n Base A\u00e9rea [&hellip;]<\/p>\n","protected":false},"author":27,"featured_media":14403,"comment_status":"closed","ping_status":"open","sticky":false,"template":"","format":"standard","meta":{"footnotes":""},"categories":[1],"tags":[77,39,254,45],"class_list":["post-14402","post","type-post","status-publish","format-standard","has-post-thumbnail","hentry","category-noticias","tag-aguas-servidas","tag-aragua","tag-equipo-multidisciplinario-del-agua","tag-regionales"],"_links":{"self":[{"href":"https:\/\/minaguas.gob.ve\/index.php?rest_route=\/wp\/v2\/posts\/14402","targetHints":{"allow":["GET"]}}],"collection":[{"href":"https:\/\/minaguas.gob.ve\/index.php?rest_route=\/wp\/v2\/posts"}],"about":[{"href":"https:\/\/minaguas.gob.ve\/index.php?rest_route=\/wp\/v2\/types\/post"}],"author":[{"embeddable":true,"href":"https:\/\/minaguas.gob.ve\/index.php?rest_route=\/wp\/v2\/users\/27"}],"replies":[{"embeddable":true,"href":"https:\/\/minaguas.gob.ve\/index.php?rest_route=%2Fwp%2Fv2%2Fcomments&post=14402"}],"version-history":[{"count":2,"href":"https:\/\/minaguas.gob.ve\/index.php?rest_route=\/wp\/v2\/posts\/14402\/revisions"}],"predecessor-version":[{"id":14410,"href":"https:\/\/minaguas.gob.ve\/index.php?rest_route=\/wp\/v2\/posts\/14402\/revisions\/14410"}],"wp:featuredmedia":[{"embeddable":true,"href":"https:\/\/minaguas.gob.ve\/index.php?rest_route=\/wp\/v2\/media\/14403"}],"wp:attachment":[{"href":"https:\/\/minaguas.gob.ve\/index.php?rest_route=%2Fwp%2Fv2%2Fmedia&parent=14402"}],"wp:term":[{"taxonomy":"category","embeddable":true,"href":"https:\/\/minaguas.gob.ve\/index.php?rest_route=%2Fwp%2Fv2%2Fcategories&post=14402"},{"taxonomy":"post_tag","embeddable":true,"href":"https:\/\/minaguas.gob.ve\/index.php?rest_route=%2Fwp%2Fv2%2Ftags&post=14402"}],"curies":[{"name":"wp","href":"https:\/\/api.w.org\/{rel}","templated":true}]}}