{"id":14400,"date":"2026-04-28T23:17:25","date_gmt":"2026-04-29T03:17:25","guid":{"rendered":"https:\/\/minaguas.gob.ve\/?p=14400"},"modified":"2026-04-28T23:17:25","modified_gmt":"2026-04-29T03:17:25","slug":"hidroven-fortalece-suministro-hidrico-con-energia-solar-en-comunidades-del-eje-carretero-norte-del-estado-amazonas","status":"publish","type":"post","link":"https:\/\/minaguas.gob.ve\/?p=14400","title":{"rendered":"Hidroven fortalece suministro h\u00eddrico con energ\u00eda solar en comunidades del eje carretero norte del estado Amazonas"},"content":{"rendered":"\n<p><em>El despliegue contempl\u00f3 la activaci\u00f3n de tres pozos profundos en las comunidades Alfa, Los Gallitos y Los M\u00e9danos<\/em><\/p>\n\n\n\n<p><strong>\u200e(Prensa Ministerio de las Aguas &#8211; 28-04-2026).\u2013<\/strong> El Gobierno Bolivariano a trav\u00e9s de Hidroven ejecut\u00f3 con \u00e9xito la instalaci\u00f3n de tres sistemas fotovoltaicos y bombas sumergibles en el eje carretero norte de Puerto Ayacucho, estado Amazonas.<\/p>\n\n\n\n<p>\u200eEsta intervenci\u00f3n t\u00e9cnica representa el cumplimiento del primer proyecto de la Consulta Popular Nacional, donde las comunidades organizadas seleccionaron el uso de energ\u00edas alternativas para garantizar la soberan\u00eda h\u00eddrica.&nbsp;<\/p>\n\n\n\n<p>\u200eEl despliegue contempl\u00f3 la activaci\u00f3n de tres pozos profundos mediante tecnolog\u00eda de vanguardia en las comunidades Alfa, Los Gallitos y Los M\u00e9danos.<\/p>\n\n\n\n<p>\u200eEl protocolo operativo que incluy\u00f3:<\/p>\n\n\n\n<p>\u200eImplementaci\u00f3n tecnol\u00f3gica; Instalaci\u00f3n de tres (3) sistemas de paneles solares fotovoltaicos, dise\u00f1ados para generar la potencia necesaria para el funcionamiento aut\u00f3nomo de los equipos.<\/p>\n\n\n\n<p>\u200eMontaje de equipos: Instalaci\u00f3n de tres (3) bombas sumergibles de 0.7 HP, capaces de generar un caudal de 0.65 L\/S, acopladas a los nuevos sistemas de energ\u00eda renovable.<\/p>\n\n\n\n<p>\u200eGracias a la ejecuci\u00f3n se garantiza un servicio de agua potable autosustentable que no depende de la red el\u00e9ctrica convencional, optimizando la calidad de vida de las 56 familias que habitan en estas comunidades.<\/p>\n\n\n\n<p>\u200eCon estas maniobras, se ratifica el compromiso de transformar las decisiones del pueblo en soluciones de ingenier\u00eda concretas, impulsando la eficiencia en la gesti\u00f3n del agua y el desarrollo sostenible en el estado Amazonas.<\/p>\n\n\n\n<figure class=\"wp-block-gallery has-nested-images columns-default is-cropped wp-block-gallery-1 is-layout-flex wp-block-gallery-is-layout-flex\">\n<figure class=\"wp-block-image size-large\"><img loading=\"lazy\" decoding=\"async\" width=\"1016\" height=\"762\" data-id=\"14435\" src=\"https:\/\/minaguas.gob.ve\/wp-content\/uploads\/2026\/04\/WhatsApp-Image-2026-04-28-at-9.25.54-PM.jpeg\" alt=\"\" class=\"wp-image-14435\" srcset=\"https:\/\/minaguas.gob.ve\/wp-content\/uploads\/2026\/04\/WhatsApp-Image-2026-04-28-at-9.25.54-PM.jpeg 1016w, https:\/\/minaguas.gob.ve\/wp-content\/uploads\/2026\/04\/WhatsApp-Image-2026-04-28-at-9.25.54-PM-300x225.jpeg 300w, https:\/\/minaguas.gob.ve\/wp-content\/uploads\/2026\/04\/WhatsApp-Image-2026-04-28-at-9.25.54-PM-768x576.jpeg 768w\" sizes=\"auto, (max-width: 1016px) 100vw, 1016px\" \/><\/figure>\n\n\n\n<figure class=\"wp-block-image size-large\"><img loading=\"lazy\" decoding=\"async\" width=\"1016\" height=\"762\" data-id=\"14436\" src=\"https:\/\/minaguas.gob.ve\/wp-content\/uploads\/2026\/04\/WhatsApp-Image-2026-04-28-at-9.25.51-PM-1.jpeg\" alt=\"\" class=\"wp-image-14436\" srcset=\"https:\/\/minaguas.gob.ve\/wp-content\/uploads\/2026\/04\/WhatsApp-Image-2026-04-28-at-9.25.51-PM-1.jpeg 1016w, https:\/\/minaguas.gob.ve\/wp-content\/uploads\/2026\/04\/WhatsApp-Image-2026-04-28-at-9.25.51-PM-1-300x225.jpeg 300w, https:\/\/minaguas.gob.ve\/wp-content\/uploads\/2026\/04\/WhatsApp-Image-2026-04-28-at-9.25.51-PM-1-768x576.jpeg 768w\" sizes=\"auto, (max-width: 1016px) 100vw, 1016px\" \/><\/figure>\n\n\n\n<figure class=\"wp-block-image size-large\"><img loading=\"lazy\" decoding=\"async\" width=\"762\" height=\"1016\" data-id=\"14437\" src=\"https:\/\/minaguas.gob.ve\/wp-content\/uploads\/2026\/04\/WhatsApp-Image-2026-04-28-at-9.24.50-PM-2.jpeg\" alt=\"\" class=\"wp-image-14437\" srcset=\"https:\/\/minaguas.gob.ve\/wp-content\/uploads\/2026\/04\/WhatsApp-Image-2026-04-28-at-9.24.50-PM-2.jpeg 762w, https:\/\/minaguas.gob.ve\/wp-content\/uploads\/2026\/04\/WhatsApp-Image-2026-04-28-at-9.24.50-PM-2-225x300.jpeg 225w\" sizes=\"auto, (max-width: 762px) 100vw, 762px\" \/><\/figure>\n\n\n\n<figure class=\"wp-block-image size-large\"><img loading=\"lazy\" decoding=\"async\" width=\"762\" height=\"1016\" data-id=\"14438\" src=\"https:\/\/minaguas.gob.ve\/wp-content\/uploads\/2026\/04\/WhatsApp-Image-2026-04-28-at-9.24.50-PM-1.jpeg\" alt=\"\" class=\"wp-image-14438\" srcset=\"https:\/\/minaguas.gob.ve\/wp-content\/uploads\/2026\/04\/WhatsApp-Image-2026-04-28-at-9.24.50-PM-1.jpeg 762w, https:\/\/minaguas.gob.ve\/wp-content\/uploads\/2026\/04\/WhatsApp-Image-2026-04-28-at-9.24.50-PM-1-225x300.jpeg 225w\" sizes=\"auto, (max-width: 762px) 100vw, 762px\" \/><\/figure>\n<\/figure>\n","protected":false},"excerpt":{"rendered":"<p>El despliegue contempl\u00f3 la activaci\u00f3n de tres pozos profundos en las comunidades Alfa, Los Gallitos y Los M\u00e9danos \u200e(Prensa Ministerio de las Aguas &#8211; 28-04-2026).\u2013 El Gobierno Bolivariano a trav\u00e9s de Hidroven ejecut\u00f3 con \u00e9xito la instalaci\u00f3n de tres sistemas fotovoltaicos y bombas sumergibles en el eje carretero norte de Puerto Ayacucho, estado Amazonas. \u200eEsta [&hellip;]<\/p>\n","protected":false},"author":27,"featured_media":14434,"comment_status":"closed","ping_status":"open","sticky":false,"template":"","format":"standard","meta":{"footnotes":""},"categories":[1],"tags":[],"class_list":["post-14400","post","type-post","status-publish","format-standard","has-post-thumbnail","hentry","category-noticias"],"_links":{"self":[{"href":"https:\/\/minaguas.gob.ve\/index.php?rest_route=\/wp\/v2\/posts\/14400","targetHints":{"allow":["GET"]}}],"collection":[{"href":"https:\/\/minaguas.gob.ve\/index.php?rest_route=\/wp\/v2\/posts"}],"about":[{"href":"https:\/\/minaguas.gob.ve\/index.php?rest_route=\/wp\/v2\/types\/post"}],"author":[{"embeddable":true,"href":"https:\/\/minaguas.gob.ve\/index.php?rest_route=\/wp\/v2\/users\/27"}],"replies":[{"embeddable":true,"href":"https:\/\/minaguas.gob.ve\/index.php?rest_route=%2Fwp%2Fv2%2Fcomments&post=14400"}],"version-history":[{"count":2,"href":"https:\/\/minaguas.gob.ve\/index.php?rest_route=\/wp\/v2\/posts\/14400\/revisions"}],"predecessor-version":[{"id":14439,"href":"https:\/\/minaguas.gob.ve\/index.php?rest_route=\/wp\/v2\/posts\/14400\/revisions\/14439"}],"wp:featuredmedia":[{"embeddable":true,"href":"https:\/\/minaguas.gob.ve\/index.php?rest_route=\/wp\/v2\/media\/14434"}],"wp:attachment":[{"href":"https:\/\/minaguas.gob.ve\/index.php?rest_route=%2Fwp%2Fv2%2Fmedia&parent=14400"}],"wp:term":[{"taxonomy":"category","embeddable":true,"href":"https:\/\/minaguas.gob.ve\/index.php?rest_route=%2Fwp%2Fv2%2Fcategories&post=14400"},{"taxonomy":"post_tag","embeddable":true,"href":"https:\/\/minaguas.gob.ve\/index.php?rest_route=%2Fwp%2Fv2%2Ftags&post=14400"}],"curies":[{"name":"wp","href":"https:\/\/api.w.org\/{rel}","templated":true}]}}