{"id":14393,"date":"2026-04-28T20:22:22","date_gmt":"2026-04-29T00:22:22","guid":{"rendered":"https:\/\/minaguas.gob.ve\/?p=14393"},"modified":"2026-04-28T20:22:22","modified_gmt":"2026-04-29T00:22:22","slug":"hidroven-optimiza-suministro-de-agua-por-tuberia-en-el-estado-bolivar","status":"publish","type":"post","link":"https:\/\/minaguas.gob.ve\/?p=14393","title":{"rendered":"Hidroven optimiza suministro de agua por tuber\u00eda en el estado Bol\u00edvar"},"content":{"rendered":"\n<p><em>M\u00e1s de 22 mil habitantes fueron atendidos con la puesta en marcha de un conjunto motor &#8211; bomba de 75 HP<\/em><\/p>\n\n\n\n<p><strong>(Prensa Ministerio de las Aguas &#8211; 28-04-26).- <\/strong>En el marco de la Segunda Transformaci\u00f3n (2T) de los servicios p\u00fablicos y la visi\u00f3n de las ciudades m\u00e1s humanas; bajo la direcci\u00f3n estrat\u00e9gica de la presidenta encargada, Delcy Rodr\u00edguez, el equipo multidisciplinario de la Hidrol\u00f3gica Venezolana (Hidroven), instal\u00f3 un conjunto equipo electro-sumergible en el acueducto Guarataro, ubicado en el municipio Sucre del estado Bol\u00edvar.<\/p>\n\n\n\n<p>Con la instalaci\u00f3n de un motor de 250 HP y una bomba de 40 litros por segundo, se reactiv\u00f3 la Unidad Potabilizadora de Agua (UPA) para brindar atenci\u00f3n a las necesidades de 22 mil habitantes de la parroquia Guarataro, quienes han evidenciado mejoras en la distribuci\u00f3n del servicio de agua potable y el incremento del caudal en las tuber\u00edas.<\/p>\n\n\n\n<p>El Gobierno Bolivariano a trav\u00e9s de Hidroven, una vez m\u00e1s, certifica el compromiso con la optimizaci\u00f3n del suministro b\u00e1sico y garantiza que el vital l\u00edquido llegue a todos los rincones de Venezuela.<\/p>\n\n\n\n<p>En el municipio Cede\u00f1o<\/p>\n\n\n\n<p>Desde otro frente de trabajo, se llevaron a cabo labores de reparaci\u00f3n en los conductores de potencia que energizan la estaci\u00f3n balsa toma del acueducto Caicara del Orinoco, ubicado en el municipio General Manuel Cede\u00f1o.<\/p>\n\n\n\n<p>Luego de 35 horas de trabajo continuo se restablece la operatividad del acueducto, lo que da como resultado la optimizaci\u00f3n del servicio de agua potable en los hogares de m\u00e1s de 12 mil familias de la parroquia Secci\u00f3n Capital.<\/p>\n\n\n\n<figure class=\"wp-block-gallery has-nested-images columns-default is-cropped wp-block-gallery-1 is-layout-flex wp-block-gallery-is-layout-flex\">\n<figure class=\"wp-block-image size-large\"><img loading=\"lazy\" decoding=\"async\" width=\"768\" height=\"1024\" data-id=\"14397\" src=\"https:\/\/minaguas.gob.ve\/wp-content\/uploads\/2026\/04\/WhatsApp-Image-2026-04-28-at-10.57.09-AM-3.jpeg\" alt=\"\" class=\"wp-image-14397\" srcset=\"https:\/\/minaguas.gob.ve\/wp-content\/uploads\/2026\/04\/WhatsApp-Image-2026-04-28-at-10.57.09-AM-3.jpeg 768w, https:\/\/minaguas.gob.ve\/wp-content\/uploads\/2026\/04\/WhatsApp-Image-2026-04-28-at-10.57.09-AM-3-225x300.jpeg 225w\" sizes=\"auto, (max-width: 768px) 100vw, 768px\" \/><\/figure>\n\n\n\n<figure class=\"wp-block-image size-large\"><img loading=\"lazy\" decoding=\"async\" width=\"1024\" height=\"768\" data-id=\"14398\" src=\"https:\/\/minaguas.gob.ve\/wp-content\/uploads\/2026\/04\/WhatsApp-Image-2026-04-28-at-10.57.09-AM-2-1024x768.jpeg\" alt=\"\" class=\"wp-image-14398\" srcset=\"https:\/\/minaguas.gob.ve\/wp-content\/uploads\/2026\/04\/WhatsApp-Image-2026-04-28-at-10.57.09-AM-2-1024x768.jpeg 1024w, https:\/\/minaguas.gob.ve\/wp-content\/uploads\/2026\/04\/WhatsApp-Image-2026-04-28-at-10.57.09-AM-2-300x225.jpeg 300w, https:\/\/minaguas.gob.ve\/wp-content\/uploads\/2026\/04\/WhatsApp-Image-2026-04-28-at-10.57.09-AM-2-768x576.jpeg 768w, https:\/\/minaguas.gob.ve\/wp-content\/uploads\/2026\/04\/WhatsApp-Image-2026-04-28-at-10.57.09-AM-2.jpeg 1080w\" sizes=\"auto, (max-width: 1024px) 100vw, 1024px\" \/><\/figure>\n\n\n\n<figure class=\"wp-block-image size-large\"><img loading=\"lazy\" decoding=\"async\" width=\"765\" height=\"1020\" data-id=\"14396\" src=\"https:\/\/minaguas.gob.ve\/wp-content\/uploads\/2026\/04\/WhatsApp-Image-2026-04-28-at-10.57.09-AM-1.jpeg\" alt=\"\" class=\"wp-image-14396\" srcset=\"https:\/\/minaguas.gob.ve\/wp-content\/uploads\/2026\/04\/WhatsApp-Image-2026-04-28-at-10.57.09-AM-1.jpeg 765w, https:\/\/minaguas.gob.ve\/wp-content\/uploads\/2026\/04\/WhatsApp-Image-2026-04-28-at-10.57.09-AM-1-225x300.jpeg 225w\" sizes=\"auto, (max-width: 765px) 100vw, 765px\" \/><\/figure>\n<\/figure>\n","protected":false},"excerpt":{"rendered":"<p>M\u00e1s de 22 mil habitantes fueron atendidos con la puesta en marcha de un conjunto motor &#8211; bomba de 75 HP (Prensa Ministerio de las Aguas &#8211; 28-04-26).- En el marco de la Segunda Transformaci\u00f3n (2T) de los servicios p\u00fablicos y la visi\u00f3n de las ciudades m\u00e1s humanas; bajo la direcci\u00f3n estrat\u00e9gica de la presidenta [&hellip;]<\/p>\n","protected":false},"author":27,"featured_media":14395,"comment_status":"closed","ping_status":"open","sticky":false,"template":"","format":"standard","meta":{"footnotes":""},"categories":[1],"tags":[42,246,254,45],"class_list":["post-14393","post","type-post","status-publish","format-standard","has-post-thumbnail","hentry","category-noticias","tag-agua-potable","tag-bolivar","tag-equipo-multidisciplinario-del-agua","tag-regionales"],"_links":{"self":[{"href":"https:\/\/minaguas.gob.ve\/index.php?rest_route=\/wp\/v2\/posts\/14393","targetHints":{"allow":["GET"]}}],"collection":[{"href":"https:\/\/minaguas.gob.ve\/index.php?rest_route=\/wp\/v2\/posts"}],"about":[{"href":"https:\/\/minaguas.gob.ve\/index.php?rest_route=\/wp\/v2\/types\/post"}],"author":[{"embeddable":true,"href":"https:\/\/minaguas.gob.ve\/index.php?rest_route=\/wp\/v2\/users\/27"}],"replies":[{"embeddable":true,"href":"https:\/\/minaguas.gob.ve\/index.php?rest_route=%2Fwp%2Fv2%2Fcomments&post=14393"}],"version-history":[{"count":1,"href":"https:\/\/minaguas.gob.ve\/index.php?rest_route=\/wp\/v2\/posts\/14393\/revisions"}],"predecessor-version":[{"id":14399,"href":"https:\/\/minaguas.gob.ve\/index.php?rest_route=\/wp\/v2\/posts\/14393\/revisions\/14399"}],"wp:featuredmedia":[{"embeddable":true,"href":"https:\/\/minaguas.gob.ve\/index.php?rest_route=\/wp\/v2\/media\/14395"}],"wp:attachment":[{"href":"https:\/\/minaguas.gob.ve\/index.php?rest_route=%2Fwp%2Fv2%2Fmedia&parent=14393"}],"wp:term":[{"taxonomy":"category","embeddable":true,"href":"https:\/\/minaguas.gob.ve\/index.php?rest_route=%2Fwp%2Fv2%2Fcategories&post=14393"},{"taxonomy":"post_tag","embeddable":true,"href":"https:\/\/minaguas.gob.ve\/index.php?rest_route=%2Fwp%2Fv2%2Ftags&post=14393"}],"curies":[{"name":"wp","href":"https:\/\/api.w.org\/{rel}","templated":true}]}}