{"id":14380,"date":"2026-04-27T17:08:09","date_gmt":"2026-04-27T21:08:09","guid":{"rendered":"https:\/\/minaguas.gob.ve\/?p=14380"},"modified":"2026-04-27T17:08:09","modified_gmt":"2026-04-27T21:08:09","slug":"hidroven-optimizan-red-de-aguas-servidas-para-atender-a-mas-de-100-familias-en-monagas","status":"publish","type":"post","link":"https:\/\/minaguas.gob.ve\/?p=14380","title":{"rendered":"Hidroven optimizan red de aguas servidas para atender a m\u00e1s de 100 familias en Monagas"},"content":{"rendered":"\n<p>Estos trabajos se llevaron a cabo en cuatro sectores de la parroquia Quiriquire para optimizar de sistema de drenajes<\/p>\n\n\n\n<p><strong>(Prensa Ministerio de las Aguas &#8211; 27-04-2026).-<\/strong> En un esfuerzo articulado entre el Ministerio del Poder Popular de las Aguas (MinAguas), la Alcald\u00eda del municipio Punceres y el Poder Popular organizado, se ejecut\u00f3 con \u00e9xito el despliegue t\u00e9cnico para el saneamiento integral de la red de aguas servidas en la parroquia Quiriquire, garantizando el bienestar directo a m\u00e1s de 100 familias y restituyendo el correcto funcionamiento de las instituciones p\u00fablicas en la zona.<\/p>\n\n\n\n<p>Bajo las orientaciones de Hidroven, las cuadrillas especializadas desarrollaron un plan de mantenimiento correctivo que incluy\u00f3 el destape de tanquillas, desobstrucci\u00f3n de bocas de visitas, achiques de pozos s\u00e9pticos y empotramientos domiciliarios, siendo estas acciones fundamentales para normalizar el flujo y la recolecci\u00f3n de las aguas residuales, eliminando focos de contaminaci\u00f3n en los sectores atendidos.<\/p>\n\n\n\n<p>Mediante el uso de maquinaria de alta tecnolog\u00eda, espec\u00edficamente una unidad vacuum, se logr\u00f3 restablecer la operatividad de la red en las comunidades de La Pantalla, Bol\u00edvar 2000, Divino Ni\u00f1o y Miraflores. Asimismo, estas labores permitieron brindar atenci\u00f3n prioritaria a infraestructuras clave de los sectores salud y educaci\u00f3n.&nbsp;<\/p>\n\n\n\n<p>Con estas acciones, el Gobierno Bolivariano, reafirma su compromiso con la recuperaci\u00f3n de los sistemas de saneamiento en el estado, priorizando la inversi\u00f3n en infraestructura y la eficiencia en la prestaci\u00f3n de los servicios esenciales para elevar los est\u00e1ndares de vida de la poblaci\u00f3n monaguense.<\/p>\n\n\n\n<figure class=\"wp-block-gallery has-nested-images columns-default is-cropped wp-block-gallery-1 is-layout-flex wp-block-gallery-is-layout-flex\">\n<figure class=\"wp-block-image size-large\"><img loading=\"lazy\" decoding=\"async\" width=\"1024\" height=\"576\" data-id=\"14382\" src=\"https:\/\/minaguas.gob.ve\/wp-content\/uploads\/2026\/04\/WhatsApp-Image-2026-04-27-at-11.05.19-AM-1-1024x576.jpeg\" alt=\"\" class=\"wp-image-14382\" srcset=\"https:\/\/minaguas.gob.ve\/wp-content\/uploads\/2026\/04\/WhatsApp-Image-2026-04-27-at-11.05.19-AM-1-1024x576.jpeg 1024w, https:\/\/minaguas.gob.ve\/wp-content\/uploads\/2026\/04\/WhatsApp-Image-2026-04-27-at-11.05.19-AM-1-300x169.jpeg 300w, https:\/\/minaguas.gob.ve\/wp-content\/uploads\/2026\/04\/WhatsApp-Image-2026-04-27-at-11.05.19-AM-1-768x432.jpeg 768w, https:\/\/minaguas.gob.ve\/wp-content\/uploads\/2026\/04\/WhatsApp-Image-2026-04-27-at-11.05.19-AM-1.jpeg 1365w\" sizes=\"auto, (max-width: 1024px) 100vw, 1024px\" \/><\/figure>\n\n\n\n<figure class=\"wp-block-image size-large\"><img loading=\"lazy\" decoding=\"async\" width=\"1024\" height=\"576\" data-id=\"14383\" src=\"https:\/\/minaguas.gob.ve\/wp-content\/uploads\/2026\/04\/WhatsApp-Image-2026-04-27-at-11.05.19-AM-1024x576.jpeg\" alt=\"\" class=\"wp-image-14383\" srcset=\"https:\/\/minaguas.gob.ve\/wp-content\/uploads\/2026\/04\/WhatsApp-Image-2026-04-27-at-11.05.19-AM-1024x576.jpeg 1024w, https:\/\/minaguas.gob.ve\/wp-content\/uploads\/2026\/04\/WhatsApp-Image-2026-04-27-at-11.05.19-AM-300x169.jpeg 300w, https:\/\/minaguas.gob.ve\/wp-content\/uploads\/2026\/04\/WhatsApp-Image-2026-04-27-at-11.05.19-AM-768x432.jpeg 768w, https:\/\/minaguas.gob.ve\/wp-content\/uploads\/2026\/04\/WhatsApp-Image-2026-04-27-at-11.05.19-AM.jpeg 1365w\" sizes=\"auto, (max-width: 1024px) 100vw, 1024px\" \/><\/figure>\n\n\n\n<figure class=\"wp-block-image size-large\"><img loading=\"lazy\" decoding=\"async\" width=\"1024\" height=\"576\" data-id=\"14384\" src=\"https:\/\/minaguas.gob.ve\/wp-content\/uploads\/2026\/04\/WhatsApp-Image-2026-04-27-at-11.05.18-AM-1-1024x576.jpeg\" alt=\"\" class=\"wp-image-14384\" srcset=\"https:\/\/minaguas.gob.ve\/wp-content\/uploads\/2026\/04\/WhatsApp-Image-2026-04-27-at-11.05.18-AM-1-1024x576.jpeg 1024w, https:\/\/minaguas.gob.ve\/wp-content\/uploads\/2026\/04\/WhatsApp-Image-2026-04-27-at-11.05.18-AM-1-300x169.jpeg 300w, https:\/\/minaguas.gob.ve\/wp-content\/uploads\/2026\/04\/WhatsApp-Image-2026-04-27-at-11.05.18-AM-1-768x432.jpeg 768w, https:\/\/minaguas.gob.ve\/wp-content\/uploads\/2026\/04\/WhatsApp-Image-2026-04-27-at-11.05.18-AM-1.jpeg 1365w\" sizes=\"auto, (max-width: 1024px) 100vw, 1024px\" \/><\/figure>\n<\/figure>\n","protected":false},"excerpt":{"rendered":"<p>Estos trabajos se llevaron a cabo en cuatro sectores de la parroquia Quiriquire para optimizar de sistema de drenajes (Prensa Ministerio de las Aguas &#8211; 27-04-2026).- En un esfuerzo articulado entre el Ministerio del Poder Popular de las Aguas (MinAguas), la Alcald\u00eda del municipio Punceres y el Poder Popular organizado, se ejecut\u00f3 con \u00e9xito el [&hellip;]<\/p>\n","protected":false},"author":27,"featured_media":14381,"comment_status":"closed","ping_status":"open","sticky":false,"template":"","format":"standard","meta":{"footnotes":""},"categories":[1],"tags":[77,254,138,45],"class_list":["post-14380","post","type-post","status-publish","format-standard","has-post-thumbnail","hentry","category-noticias","tag-aguas-servidas","tag-equipo-multidisciplinario-del-agua","tag-monagas","tag-regionales"],"_links":{"self":[{"href":"https:\/\/minaguas.gob.ve\/index.php?rest_route=\/wp\/v2\/posts\/14380","targetHints":{"allow":["GET"]}}],"collection":[{"href":"https:\/\/minaguas.gob.ve\/index.php?rest_route=\/wp\/v2\/posts"}],"about":[{"href":"https:\/\/minaguas.gob.ve\/index.php?rest_route=\/wp\/v2\/types\/post"}],"author":[{"embeddable":true,"href":"https:\/\/minaguas.gob.ve\/index.php?rest_route=\/wp\/v2\/users\/27"}],"replies":[{"embeddable":true,"href":"https:\/\/minaguas.gob.ve\/index.php?rest_route=%2Fwp%2Fv2%2Fcomments&post=14380"}],"version-history":[{"count":1,"href":"https:\/\/minaguas.gob.ve\/index.php?rest_route=\/wp\/v2\/posts\/14380\/revisions"}],"predecessor-version":[{"id":14385,"href":"https:\/\/minaguas.gob.ve\/index.php?rest_route=\/wp\/v2\/posts\/14380\/revisions\/14385"}],"wp:featuredmedia":[{"embeddable":true,"href":"https:\/\/minaguas.gob.ve\/index.php?rest_route=\/wp\/v2\/media\/14381"}],"wp:attachment":[{"href":"https:\/\/minaguas.gob.ve\/index.php?rest_route=%2Fwp%2Fv2%2Fmedia&parent=14380"}],"wp:term":[{"taxonomy":"category","embeddable":true,"href":"https:\/\/minaguas.gob.ve\/index.php?rest_route=%2Fwp%2Fv2%2Fcategories&post=14380"},{"taxonomy":"post_tag","embeddable":true,"href":"https:\/\/minaguas.gob.ve\/index.php?rest_route=%2Fwp%2Fv2%2Ftags&post=14380"}],"curies":[{"name":"wp","href":"https:\/\/api.w.org\/{rel}","templated":true}]}}