{"id":1398,"date":"2021-10-28T19:26:53","date_gmt":"2021-10-28T23:26:53","guid":{"rendered":"https:\/\/minaguas.gob.ve\/?p=1398"},"modified":"2021-10-28T19:26:53","modified_gmt":"2021-10-28T23:26:53","slug":"gobierno-bolivariano-reactivo-dos-pozos-en-rio-caribe-en-el-estado-sucre","status":"publish","type":"post","link":"https:\/\/minaguas.gob.ve\/?p=1398","title":{"rendered":"Gobierno Bolivariano reactiv\u00f3 dos pozos en R\u00edo Caribe en el estado Sucre"},"content":{"rendered":"\n<div class=\"wp-block-image\"><figure class=\"aligncenter size-full\"><img loading=\"lazy\" decoding=\"async\" width=\"774\" height=\"774\" src=\"https:\/\/minaguas.gob.ve\/wp-content\/uploads\/2021\/10\/WhatsApp-Image-2021-10-28-at-6.19.27-PM.jpeg\" alt=\"\" class=\"wp-image-1399\" srcset=\"https:\/\/minaguas.gob.ve\/wp-content\/uploads\/2021\/10\/WhatsApp-Image-2021-10-28-at-6.19.27-PM.jpeg 774w, https:\/\/minaguas.gob.ve\/wp-content\/uploads\/2021\/10\/WhatsApp-Image-2021-10-28-at-6.19.27-PM-300x300.jpeg 300w, https:\/\/minaguas.gob.ve\/wp-content\/uploads\/2021\/10\/WhatsApp-Image-2021-10-28-at-6.19.27-PM-150x150.jpeg 150w, https:\/\/minaguas.gob.ve\/wp-content\/uploads\/2021\/10\/WhatsApp-Image-2021-10-28-at-6.19.27-PM-768x768.jpeg 768w\" sizes=\"auto, (max-width: 774px) 100vw, 774px\" \/><\/figure><\/div>\n\n\n\n<p><strong><em>Las acciones permiten seguir garantizando el servicio de agua potable a m\u00e1s de 2 mil 500 habitantes del municipio Arismendi<\/em><\/strong><\/p>\n\n\n\n<p>(<strong>Prensa MinAguas \/ Hidrocaribe 28-10-2021).<\/strong>&#8211; El Ministerio del Poder Popular de Atenci\u00f3n de las Aguas (MinAguas), a trav\u00e9s de la Hidrol\u00f3gica del Caribe (HidroCaribe), reactiv\u00f3 los pozos El Refugio y Benito, ubicados en el municipio Arismendi, que benefician a m\u00e1s de 2 mil 500 habitantes de la zona este del estado Sucre.<\/p>\n\n\n\n<p>Wilmer Moreno, presidente de HidroCaribe, se\u00f1al\u00f3 que, gracias al trabajo en conjunto con la Gobernaci\u00f3n del estado Sucre, la Alcald\u00eda del municipio Arismendi y &nbsp;las Unidades de Batalla Hugo Ch\u00e1vez (UBCH), se instal\u00f3 un equipo de sumergible de 30HP&nbsp;y se colocaron 42 metros de tuber\u00eda de PVC de tres pulgadas, al igual que 50 metros de cable en el pozo El Refugio, situado en la parroquia Puerto Santo, cuya producci\u00f3n de 13 litros por segundos (LPS) beneficiar\u00e1 a mil 200 habitantes.<\/p>\n\n\n\n<p>Seguidamente, explic\u00f3 que, para la puesta en marcha del segundo acu\u00edfero Benito, se efectu\u00f3 la instalaci\u00f3n de un equipo electrosumergible de 30HP, el cual qued\u00f3<br>operativo para garantizar el suministro a mil 300 habitantes del sector Puerto Santo de la entidad. &nbsp;<\/p>\n\n\n\n<p>Moreno se\u00f1al\u00f3 que la consolidaci\u00f3n de estas acciones se logr\u00f3 gracias a los esfuerzos del Gobierno Bolivariano, liderado por el Presidente de la Rep\u00fablica, Nicol\u00e1s Maduro; el vicepresidente sectorial de Obras P\u00fablicas y Servicios, G\/J N\u00e9stor Reverol, y el ministro del Poder Popular de Atenci\u00f3n de las Aguas, G\/D Rodolfo Marco Torres, en pro del bienestar de los habitantes de la regi\u00f3n oriental.<\/p>\n\n\n\n<figure class=\"wp-block-gallery columns-2 is-cropped wp-block-gallery-1 is-layout-flex wp-block-gallery-is-layout-flex\"><ul class=\"blocks-gallery-grid\"><li class=\"blocks-gallery-item\"><figure><img loading=\"lazy\" decoding=\"async\" width=\"774\" height=\"774\" src=\"https:\/\/minaguas.gob.ve\/wp-content\/uploads\/2021\/10\/WhatsApp-Image-2021-10-28-at-6.19.28-PM.jpeg\" alt=\"\" data-id=\"1400\" data-full-url=\"https:\/\/minaguas.gob.ve\/wp-content\/uploads\/2021\/10\/WhatsApp-Image-2021-10-28-at-6.19.28-PM.jpeg\" data-link=\"https:\/\/minaguas.gob.ve\/?attachment_id=1400\" class=\"wp-image-1400\" srcset=\"https:\/\/minaguas.gob.ve\/wp-content\/uploads\/2021\/10\/WhatsApp-Image-2021-10-28-at-6.19.28-PM.jpeg 774w, https:\/\/minaguas.gob.ve\/wp-content\/uploads\/2021\/10\/WhatsApp-Image-2021-10-28-at-6.19.28-PM-300x300.jpeg 300w, https:\/\/minaguas.gob.ve\/wp-content\/uploads\/2021\/10\/WhatsApp-Image-2021-10-28-at-6.19.28-PM-150x150.jpeg 150w, https:\/\/minaguas.gob.ve\/wp-content\/uploads\/2021\/10\/WhatsApp-Image-2021-10-28-at-6.19.28-PM-768x768.jpeg 768w\" sizes=\"auto, (max-width: 774px) 100vw, 774px\" \/><\/figure><\/li><li class=\"blocks-gallery-item\"><figure><img loading=\"lazy\" decoding=\"async\" width=\"774\" height=\"774\" src=\"https:\/\/minaguas.gob.ve\/wp-content\/uploads\/2021\/10\/WhatsApp-Image-2021-10-28-at-6.19.27-PM-1.jpeg\" alt=\"\" data-id=\"1401\" data-full-url=\"https:\/\/minaguas.gob.ve\/wp-content\/uploads\/2021\/10\/WhatsApp-Image-2021-10-28-at-6.19.27-PM-1.jpeg\" data-link=\"https:\/\/minaguas.gob.ve\/?attachment_id=1401\" class=\"wp-image-1401\" srcset=\"https:\/\/minaguas.gob.ve\/wp-content\/uploads\/2021\/10\/WhatsApp-Image-2021-10-28-at-6.19.27-PM-1.jpeg 774w, https:\/\/minaguas.gob.ve\/wp-content\/uploads\/2021\/10\/WhatsApp-Image-2021-10-28-at-6.19.27-PM-1-300x300.jpeg 300w, https:\/\/minaguas.gob.ve\/wp-content\/uploads\/2021\/10\/WhatsApp-Image-2021-10-28-at-6.19.27-PM-1-150x150.jpeg 150w, https:\/\/minaguas.gob.ve\/wp-content\/uploads\/2021\/10\/WhatsApp-Image-2021-10-28-at-6.19.27-PM-1-768x768.jpeg 768w\" sizes=\"auto, (max-width: 774px) 100vw, 774px\" \/><\/figure><\/li><\/ul><\/figure>\n","protected":false},"excerpt":{"rendered":"<p>Las acciones permiten seguir garantizando el servicio de agua potable a m\u00e1s de 2 mil 500 habitantes del municipio Arismendi (Prensa MinAguas \/ Hidrocaribe 28-10-2021).&#8211; El Ministerio del Poder Popular de Atenci\u00f3n de las Aguas (MinAguas), a trav\u00e9s de la Hidrol\u00f3gica del Caribe (HidroCaribe), reactiv\u00f3 los pozos El Refugio y Benito, ubicados en el municipio [&hellip;]<\/p>\n","protected":false},"author":28,"featured_media":1399,"comment_status":"open","ping_status":"open","sticky":false,"template":"","format":"standard","meta":{"footnotes":""},"categories":[1],"tags":[8],"class_list":["post-1398","post","type-post","status-publish","format-standard","has-post-thumbnail","hentry","category-noticias","tag-nacionales"],"_links":{"self":[{"href":"https:\/\/minaguas.gob.ve\/index.php?rest_route=\/wp\/v2\/posts\/1398","targetHints":{"allow":["GET"]}}],"collection":[{"href":"https:\/\/minaguas.gob.ve\/index.php?rest_route=\/wp\/v2\/posts"}],"about":[{"href":"https:\/\/minaguas.gob.ve\/index.php?rest_route=\/wp\/v2\/types\/post"}],"author":[{"embeddable":true,"href":"https:\/\/minaguas.gob.ve\/index.php?rest_route=\/wp\/v2\/users\/28"}],"replies":[{"embeddable":true,"href":"https:\/\/minaguas.gob.ve\/index.php?rest_route=%2Fwp%2Fv2%2Fcomments&post=1398"}],"version-history":[{"count":0,"href":"https:\/\/minaguas.gob.ve\/index.php?rest_route=\/wp\/v2\/posts\/1398\/revisions"}],"wp:featuredmedia":[{"embeddable":true,"href":"https:\/\/minaguas.gob.ve\/index.php?rest_route=\/wp\/v2\/media\/1399"}],"wp:attachment":[{"href":"https:\/\/minaguas.gob.ve\/index.php?rest_route=%2Fwp%2Fv2%2Fmedia&parent=1398"}],"wp:term":[{"taxonomy":"category","embeddable":true,"href":"https:\/\/minaguas.gob.ve\/index.php?rest_route=%2Fwp%2Fv2%2Fcategories&post=1398"},{"taxonomy":"post_tag","embeddable":true,"href":"https:\/\/minaguas.gob.ve\/index.php?rest_route=%2Fwp%2Fv2%2Ftags&post=1398"}],"curies":[{"name":"wp","href":"https:\/\/api.w.org\/{rel}","templated":true}]}}