{"id":1380,"date":"2021-10-25T18:51:55","date_gmt":"2021-10-25T22:51:55","guid":{"rendered":"https:\/\/minaguas.gob.ve\/?p=1380"},"modified":"2021-10-25T20:04:54","modified_gmt":"2021-10-26T00:04:54","slug":"ministro-marco-torres-encabezo-jornada-de-trabajo-en-lara-para-el-fortalecimiento-del-sistema-hidrico","status":"publish","type":"post","link":"https:\/\/minaguas.gob.ve\/?p=1380","title":{"rendered":"Ministro Marco Torres encabez\u00f3 jornada de trabajo en Lara para el fortalecimiento del sistema h\u00eddrico"},"content":{"rendered":"\n<div class=\"wp-block-image\"><figure class=\"aligncenter size-large\"><img loading=\"lazy\" decoding=\"async\" width=\"1024\" height=\"576\" src=\"https:\/\/minaguas.gob.ve\/wp-content\/uploads\/2021\/10\/WhatsApp-Image-2021-10-25-at-2.21.13-PM-1024x576.jpeg\" alt=\"\" class=\"wp-image-1381\" srcset=\"https:\/\/minaguas.gob.ve\/wp-content\/uploads\/2021\/10\/WhatsApp-Image-2021-10-25-at-2.21.13-PM-1024x576.jpeg 1024w, https:\/\/minaguas.gob.ve\/wp-content\/uploads\/2021\/10\/WhatsApp-Image-2021-10-25-at-2.21.13-PM-300x169.jpeg 300w, https:\/\/minaguas.gob.ve\/wp-content\/uploads\/2021\/10\/WhatsApp-Image-2021-10-25-at-2.21.13-PM-768x432.jpeg 768w, https:\/\/minaguas.gob.ve\/wp-content\/uploads\/2021\/10\/WhatsApp-Image-2021-10-25-at-2.21.13-PM.jpeg 1280w\" sizes=\"auto, (max-width: 1024px) 100vw, 1024px\" \/><\/figure><\/div>\n\n\n\n<p><\/p>\n\n\n\n<p><strong><em>El titular de la cartera de Aguas supervis\u00f3 las labores de reconstrucci\u00f3n del colector principal ubicado en la avenida Bracamonte con Venezuela, parroquia Catedral del municipio Iribarren, el cual beneficiar\u00e1 a 350 mil habitantes.<\/em><\/strong><\/p>\n\n\n\n<p><strong>Prensa MinAguas (25-10-2021) <\/strong>El ministro del Poder Popular de Atenci\u00f3n de las Aguas, G\/D Rodolfo Marco Torres, encabez\u00f3 este lunes 25 de octubre un despliegue en el estado Lara para evaluar los proyectos en materia de fortalecimiento del agua potable y saneamiento en toda la entidad.<\/p>\n\n\n\n<p>En compa\u00f1\u00eda del presidente de Hidrolara, Joel Tifor, el titular de la cartera de Aguas supervis\u00f3 las labores de reconstrucci\u00f3n del colector principal de 24\u201d ubicado en la avenida Bracamonte con Venezuela, parroquia Catedral del municipio Iribarren, el cual beneficiar\u00e1 a 350 mil habitantes.<\/p>\n\n\n\n<figure class=\"wp-block-gallery columns-2 is-cropped wp-block-gallery-1 is-layout-flex wp-block-gallery-is-layout-flex\"><ul class=\"blocks-gallery-grid\"><li class=\"blocks-gallery-item\"><figure><img loading=\"lazy\" decoding=\"async\" width=\"1024\" height=\"576\" src=\"https:\/\/minaguas.gob.ve\/wp-content\/uploads\/2021\/10\/WhatsApp-Image-2021-10-25-at-2.21.15-PM-1024x576.jpeg\" alt=\"\" data-id=\"1382\" data-full-url=\"https:\/\/minaguas.gob.ve\/wp-content\/uploads\/2021\/10\/WhatsApp-Image-2021-10-25-at-2.21.15-PM.jpeg\" data-link=\"https:\/\/minaguas.gob.ve\/?attachment_id=1382\" class=\"wp-image-1382\" srcset=\"https:\/\/minaguas.gob.ve\/wp-content\/uploads\/2021\/10\/WhatsApp-Image-2021-10-25-at-2.21.15-PM-1024x576.jpeg 1024w, https:\/\/minaguas.gob.ve\/wp-content\/uploads\/2021\/10\/WhatsApp-Image-2021-10-25-at-2.21.15-PM-300x169.jpeg 300w, https:\/\/minaguas.gob.ve\/wp-content\/uploads\/2021\/10\/WhatsApp-Image-2021-10-25-at-2.21.15-PM-768x432.jpeg 768w, https:\/\/minaguas.gob.ve\/wp-content\/uploads\/2021\/10\/WhatsApp-Image-2021-10-25-at-2.21.15-PM.jpeg 1280w\" sizes=\"auto, (max-width: 1024px) 100vw, 1024px\" \/><\/figure><\/li><li class=\"blocks-gallery-item\"><figure><img loading=\"lazy\" decoding=\"async\" width=\"1024\" height=\"576\" src=\"https:\/\/minaguas.gob.ve\/wp-content\/uploads\/2021\/10\/WhatsApp-Image-2021-10-25-at-2.21.10-PM-1024x576.jpeg\" alt=\"\" data-id=\"1383\" data-full-url=\"https:\/\/minaguas.gob.ve\/wp-content\/uploads\/2021\/10\/WhatsApp-Image-2021-10-25-at-2.21.10-PM.jpeg\" data-link=\"https:\/\/minaguas.gob.ve\/?attachment_id=1383\" class=\"wp-image-1383\" srcset=\"https:\/\/minaguas.gob.ve\/wp-content\/uploads\/2021\/10\/WhatsApp-Image-2021-10-25-at-2.21.10-PM-1024x576.jpeg 1024w, https:\/\/minaguas.gob.ve\/wp-content\/uploads\/2021\/10\/WhatsApp-Image-2021-10-25-at-2.21.10-PM-300x169.jpeg 300w, https:\/\/minaguas.gob.ve\/wp-content\/uploads\/2021\/10\/WhatsApp-Image-2021-10-25-at-2.21.10-PM-768x432.jpeg 768w, https:\/\/minaguas.gob.ve\/wp-content\/uploads\/2021\/10\/WhatsApp-Image-2021-10-25-at-2.21.10-PM.jpeg 1280w\" sizes=\"auto, (max-width: 1024px) 100vw, 1024px\" \/><\/figure><\/li><\/ul><\/figure>\n\n\n\n<p>Destac\u00f3 que los avances en esta obra han sido posibles gracias al trabajo articulado del pueblo trabajador de Hidrolara, junto a la Gobernaci\u00f3n de la entidad, que ha permitido la sustituci\u00f3n de 250 metros de colector.<\/p>\n\n\n\n<p>El titular de la cartera de Aguas tambi\u00e9n particip\u00f3 en la reuni\u00f3n extraordinaria de trabajo que se desarroll\u00f3 en la entidad, encabezada por el vicepresidente sectorial de Obras P\u00fablicas y Servicios (VPSOPS), G\/J N\u00e9stor Luis Reverol, en el marco del Plan Remate 2021, instruido por el presidente de la Rep\u00fablica, Nicol\u00e1s Maduro.<\/p>\n\n\n\n<figure class=\"wp-block-gallery columns-2 is-cropped wp-block-gallery-2 is-layout-flex wp-block-gallery-is-layout-flex\"><ul class=\"blocks-gallery-grid\"><li class=\"blocks-gallery-item\"><figure><img loading=\"lazy\" decoding=\"async\" width=\"1024\" height=\"576\" src=\"https:\/\/minaguas.gob.ve\/wp-content\/uploads\/2021\/10\/WhatsApp-Image-2021-10-25-at-2.21.08-PM-1024x576.jpeg\" alt=\"\" data-id=\"1384\" data-full-url=\"https:\/\/minaguas.gob.ve\/wp-content\/uploads\/2021\/10\/WhatsApp-Image-2021-10-25-at-2.21.08-PM.jpeg\" data-link=\"https:\/\/minaguas.gob.ve\/?attachment_id=1384\" class=\"wp-image-1384\" srcset=\"https:\/\/minaguas.gob.ve\/wp-content\/uploads\/2021\/10\/WhatsApp-Image-2021-10-25-at-2.21.08-PM-1024x576.jpeg 1024w, https:\/\/minaguas.gob.ve\/wp-content\/uploads\/2021\/10\/WhatsApp-Image-2021-10-25-at-2.21.08-PM-300x169.jpeg 300w, https:\/\/minaguas.gob.ve\/wp-content\/uploads\/2021\/10\/WhatsApp-Image-2021-10-25-at-2.21.08-PM-768x432.jpeg 768w, https:\/\/minaguas.gob.ve\/wp-content\/uploads\/2021\/10\/WhatsApp-Image-2021-10-25-at-2.21.08-PM.jpeg 1280w\" sizes=\"auto, (max-width: 1024px) 100vw, 1024px\" \/><\/figure><\/li><li class=\"blocks-gallery-item\"><figure><img loading=\"lazy\" decoding=\"async\" width=\"1024\" height=\"576\" src=\"https:\/\/minaguas.gob.ve\/wp-content\/uploads\/2021\/10\/WhatsApp-Image-2021-10-25-at-2.21.16-PM-1024x576.jpeg\" alt=\"\" data-id=\"1385\" data-full-url=\"https:\/\/minaguas.gob.ve\/wp-content\/uploads\/2021\/10\/WhatsApp-Image-2021-10-25-at-2.21.16-PM.jpeg\" data-link=\"https:\/\/minaguas.gob.ve\/?attachment_id=1385\" class=\"wp-image-1385\" srcset=\"https:\/\/minaguas.gob.ve\/wp-content\/uploads\/2021\/10\/WhatsApp-Image-2021-10-25-at-2.21.16-PM-1024x576.jpeg 1024w, https:\/\/minaguas.gob.ve\/wp-content\/uploads\/2021\/10\/WhatsApp-Image-2021-10-25-at-2.21.16-PM-300x169.jpeg 300w, https:\/\/minaguas.gob.ve\/wp-content\/uploads\/2021\/10\/WhatsApp-Image-2021-10-25-at-2.21.16-PM-768x432.jpeg 768w, https:\/\/minaguas.gob.ve\/wp-content\/uploads\/2021\/10\/WhatsApp-Image-2021-10-25-at-2.21.16-PM.jpeg 1280w\" sizes=\"auto, (max-width: 1024px) 100vw, 1024px\" \/><\/figure><\/li><\/ul><\/figure>\n\n\n\n<p>Marco Torres inform\u00f3 que se avanza en la correcci\u00f3n de fugas en 12 puntos cr\u00edticos de la entidad, la eliminaci\u00f3n de tomas ilegales, la reactivaci\u00f3n de 10 pozos profundos, as\u00ed como la sustituci\u00f3n de motores, bombas, transformadores y tableros para continuar con la rehabilitaci\u00f3n de las estaciones de bombeo de agua potable y aguas servidas.<\/p>\n\n\n\n<p>Dicha actividad cont\u00f3 con la presencia del ministro de Ecosocialismo, Josu\u00e9 Lorca; el ministro de Obras P\u00fablicas y presidente de la Gran Misi\u00f3n Barrio Nuevo Barrio Tricolor, G\/D Ra\u00fal Paredes; y la presidenta de PDVSA Gas Comunal, Caryl Bertho.<\/p>\n\n\n\n<p>Durante la jornada de trabajo en el estado Lara, Marco Torres adem\u00e1s sostuvo un encuentro con las Mesas T\u00e9cnicas de Agua (MTA) y jurament\u00f3 a las Brigadas del Poder Popular de Atenci\u00f3n de las Aguas (BRIPPAS) de Sanare, Siquisique y Sarare, para la reparaci\u00f3n de aver\u00edas menores dentro de las comunidades.<\/p>\n\n\n\n<figure class=\"wp-block-gallery columns-2 is-cropped wp-block-gallery-3 is-layout-flex wp-block-gallery-is-layout-flex\"><ul class=\"blocks-gallery-grid\"><li class=\"blocks-gallery-item\"><figure><img loading=\"lazy\" decoding=\"async\" width=\"1024\" height=\"699\" src=\"https:\/\/minaguas.gob.ve\/wp-content\/uploads\/2021\/10\/WhatsApp-Image-2021-10-25-at-3.44.08-PM-1024x699.jpeg\" alt=\"\" data-id=\"1387\" data-link=\"https:\/\/minaguas.gob.ve\/?attachment_id=1387\" class=\"wp-image-1387\" srcset=\"https:\/\/minaguas.gob.ve\/wp-content\/uploads\/2021\/10\/WhatsApp-Image-2021-10-25-at-3.44.08-PM-1024x699.jpeg 1024w, https:\/\/minaguas.gob.ve\/wp-content\/uploads\/2021\/10\/WhatsApp-Image-2021-10-25-at-3.44.08-PM-300x205.jpeg 300w, https:\/\/minaguas.gob.ve\/wp-content\/uploads\/2021\/10\/WhatsApp-Image-2021-10-25-at-3.44.08-PM-768x524.jpeg 768w, https:\/\/minaguas.gob.ve\/wp-content\/uploads\/2021\/10\/WhatsApp-Image-2021-10-25-at-3.44.08-PM.jpeg 1080w\" sizes=\"auto, (max-width: 1024px) 100vw, 1024px\" \/><\/figure><\/li><li class=\"blocks-gallery-item\"><figure><img loading=\"lazy\" decoding=\"async\" width=\"1024\" height=\"718\" src=\"https:\/\/minaguas.gob.ve\/wp-content\/uploads\/2021\/10\/WhatsApp-Image-2021-10-25-at-3.45.03-PM-1024x718.jpeg\" alt=\"\" data-id=\"1390\" data-full-url=\"https:\/\/minaguas.gob.ve\/wp-content\/uploads\/2021\/10\/WhatsApp-Image-2021-10-25-at-3.45.03-PM.jpeg\" data-link=\"https:\/\/minaguas.gob.ve\/?attachment_id=1390\" class=\"wp-image-1390\" srcset=\"https:\/\/minaguas.gob.ve\/wp-content\/uploads\/2021\/10\/WhatsApp-Image-2021-10-25-at-3.45.03-PM-1024x718.jpeg 1024w, https:\/\/minaguas.gob.ve\/wp-content\/uploads\/2021\/10\/WhatsApp-Image-2021-10-25-at-3.45.03-PM-300x210.jpeg 300w, https:\/\/minaguas.gob.ve\/wp-content\/uploads\/2021\/10\/WhatsApp-Image-2021-10-25-at-3.45.03-PM-768x538.jpeg 768w, https:\/\/minaguas.gob.ve\/wp-content\/uploads\/2021\/10\/WhatsApp-Image-2021-10-25-at-3.45.03-PM.jpeg 1080w\" sizes=\"auto, (max-width: 1024px) 100vw, 1024px\" \/><\/figure><\/li><\/ul><\/figure>\n","protected":false},"excerpt":{"rendered":"<p>El titular de la cartera de Aguas supervis\u00f3 las labores de reconstrucci\u00f3n del colector principal ubicado en la avenida Bracamonte con Venezuela, parroquia Catedral del municipio Iribarren, el cual beneficiar\u00e1 a 350 mil habitantes. Prensa MinAguas (25-10-2021) El ministro del Poder Popular de Atenci\u00f3n de las Aguas, G\/D Rodolfo Marco Torres, encabez\u00f3 este lunes 25 [&hellip;]<\/p>\n","protected":false},"author":28,"featured_media":1381,"comment_status":"open","ping_status":"open","sticky":false,"template":"","format":"standard","meta":{"footnotes":""},"categories":[1],"tags":[8],"class_list":["post-1380","post","type-post","status-publish","format-standard","has-post-thumbnail","hentry","category-noticias","tag-nacionales"],"_links":{"self":[{"href":"https:\/\/minaguas.gob.ve\/index.php?rest_route=\/wp\/v2\/posts\/1380","targetHints":{"allow":["GET"]}}],"collection":[{"href":"https:\/\/minaguas.gob.ve\/index.php?rest_route=\/wp\/v2\/posts"}],"about":[{"href":"https:\/\/minaguas.gob.ve\/index.php?rest_route=\/wp\/v2\/types\/post"}],"author":[{"embeddable":true,"href":"https:\/\/minaguas.gob.ve\/index.php?rest_route=\/wp\/v2\/users\/28"}],"replies":[{"embeddable":true,"href":"https:\/\/minaguas.gob.ve\/index.php?rest_route=%2Fwp%2Fv2%2Fcomments&post=1380"}],"version-history":[{"count":0,"href":"https:\/\/minaguas.gob.ve\/index.php?rest_route=\/wp\/v2\/posts\/1380\/revisions"}],"wp:featuredmedia":[{"embeddable":true,"href":"https:\/\/minaguas.gob.ve\/index.php?rest_route=\/wp\/v2\/media\/1381"}],"wp:attachment":[{"href":"https:\/\/minaguas.gob.ve\/index.php?rest_route=%2Fwp%2Fv2%2Fmedia&parent=1380"}],"wp:term":[{"taxonomy":"category","embeddable":true,"href":"https:\/\/minaguas.gob.ve\/index.php?rest_route=%2Fwp%2Fv2%2Fcategories&post=1380"},{"taxonomy":"post_tag","embeddable":true,"href":"https:\/\/minaguas.gob.ve\/index.php?rest_route=%2Fwp%2Fv2%2Ftags&post=1380"}],"curies":[{"name":"wp","href":"https:\/\/api.w.org\/{rel}","templated":true}]}}