{"id":13768,"date":"2026-03-18T20:30:00","date_gmt":"2026-03-19T00:30:00","guid":{"rendered":"https:\/\/minaguas.gob.ve\/?p=13768"},"modified":"2026-03-18T23:08:34","modified_gmt":"2026-03-19T03:08:34","slug":"gobierno-bolivariano-recupera-sistema-de-aguas-servidas-en-el-sector-el-valle-de-falcon","status":"publish","type":"post","link":"https:\/\/minaguas.gob.ve\/?p=13768","title":{"rendered":"Gobierno Bolivariano recupera sistema de aguas servidas en el sector El Valle de Falc\u00f3n"},"content":{"rendered":"\n<p>Los trabajos de sustituci\u00f3n de 12 metros de colector de 12 pulgadas de di\u00e1metro fortalecen el sistema de drenaje de 140 familias en la parroquia Maparar\u00ed<\/p>\n\n\n\n<p><strong>(Prensa Ministerio de las Aguas &#8211; 18-03-2026).\u2013<\/strong> Siguiendo los lineamientos del Gobierno Bolivariano, el equipo multidisciplinario del agua ejecut\u00f3 con \u00e9xito la sustituci\u00f3n de un tramo cr\u00edtico del colector de aguas servidas en el sector El Valle, parroquia Maparar\u00ed, atendiendo una solicitud de las comunidades de esta zona del estado Falc\u00f3n.<\/p>\n\n\n\n<p>La intervenci\u00f3n consisti\u00f3 en el reemplazo de 12 metros lineales de colector de 12 pulgadas de di\u00e1metro, en los sectores El Valle y parte de El Manteco del municipio Federaci\u00f3n, mejorando la calidad de vida de 140 familias que ven materializada la respuesta del Estado a sus solicitudes.<\/p>\n\n\n\n<p>Los trabajos se ejecutaron gracias al despliegue de maquinaria especializada y personal operativo del Ministerio del Poder Popular de las Aguas (MinAguas), quienes realizaron labores de excavaci\u00f3n, nivelaci\u00f3n del terreno con material de base e instalaci\u00f3n de la nueva l\u00ednea de conducci\u00f3n de aguas residuales. La obra garantiza un flujo continuo y seguro hacia los sistemas de disposici\u00f3n final.<\/p>\n\n\n\n<p>Durante la supervisi\u00f3n de los trabajos, los habitantes del sector expresaron su satisfacci\u00f3n por la obra ejecutada. La residente de El Valle, Mireya Chirino, destac\u00f3 la importancia de esta rehabilitaci\u00f3n para el bienestar de su comunidad.<\/p>\n\n\n\n<p>\u00abGracias a Dios y al Gobierno Bolivariano por escucharnos. Ahora con esta tuber\u00eda nueva estamos m\u00e1s tranquilos. Que sigan trabajando as\u00ed, en la calle, resolviendo los problemas del pueblo como lo orient\u00f3 el presidente Nicol\u00e1s Maduro y que la presidenta encargada Delcy Rodr\u00edguez contin\u00faa\u00bb , expres\u00f3 Mireya Chirino, residente del sector atendido.<\/p>\n\n\n\n<p>La rehabilitaci\u00f3n de este colector en El Valle forma parte de las acciones de mantenimiento y recuperaci\u00f3n de la infraestructura hidrosanitaria que MinAguas&nbsp; ejecuta en los 25 municipios de la entidad, bajo la premisa del gobierno de calle y la atenci\u00f3n directa a las comunidades organizadas, garantizando servicios p\u00fablicos de calidad y fortaleciendo la gesti\u00f3n popular en cada rinc\u00f3n de la geograf\u00eda regional.<\/p>\n\n\n\n<figure class=\"wp-block-gallery has-nested-images columns-default is-cropped wp-block-gallery-1 is-layout-flex wp-block-gallery-is-layout-flex\">\n<figure class=\"wp-block-image size-large\"><img loading=\"lazy\" decoding=\"async\" width=\"1000\" height=\"750\" data-id=\"13769\" src=\"https:\/\/minaguas.gob.ve\/wp-content\/uploads\/2026\/03\/WhatsApp-Image-2026-03-18-at-8.05.33-PM-1.jpeg\" alt=\"\" class=\"wp-image-13769\" srcset=\"https:\/\/minaguas.gob.ve\/wp-content\/uploads\/2026\/03\/WhatsApp-Image-2026-03-18-at-8.05.33-PM-1.jpeg 1000w, https:\/\/minaguas.gob.ve\/wp-content\/uploads\/2026\/03\/WhatsApp-Image-2026-03-18-at-8.05.33-PM-1-300x225.jpeg 300w, https:\/\/minaguas.gob.ve\/wp-content\/uploads\/2026\/03\/WhatsApp-Image-2026-03-18-at-8.05.33-PM-1-768x576.jpeg 768w\" sizes=\"auto, (max-width: 1000px) 100vw, 1000px\" \/><\/figure>\n\n\n\n<figure class=\"wp-block-image size-large\"><img loading=\"lazy\" decoding=\"async\" width=\"1000\" height=\"750\" data-id=\"13771\" src=\"https:\/\/minaguas.gob.ve\/wp-content\/uploads\/2026\/03\/WhatsApp-Image-2026-03-18-at-8.05.33-PM.jpeg\" alt=\"\" class=\"wp-image-13771\" srcset=\"https:\/\/minaguas.gob.ve\/wp-content\/uploads\/2026\/03\/WhatsApp-Image-2026-03-18-at-8.05.33-PM.jpeg 1000w, https:\/\/minaguas.gob.ve\/wp-content\/uploads\/2026\/03\/WhatsApp-Image-2026-03-18-at-8.05.33-PM-300x225.jpeg 300w, https:\/\/minaguas.gob.ve\/wp-content\/uploads\/2026\/03\/WhatsApp-Image-2026-03-18-at-8.05.33-PM-768x576.jpeg 768w\" sizes=\"auto, (max-width: 1000px) 100vw, 1000px\" \/><\/figure>\n\n\n\n<figure class=\"wp-block-image size-large\"><img loading=\"lazy\" decoding=\"async\" width=\"1000\" height=\"750\" data-id=\"13773\" src=\"https:\/\/minaguas.gob.ve\/wp-content\/uploads\/2026\/03\/WhatsApp-Image-2026-03-18-at-8.05.32-PM.jpeg\" alt=\"\" class=\"wp-image-13773\" srcset=\"https:\/\/minaguas.gob.ve\/wp-content\/uploads\/2026\/03\/WhatsApp-Image-2026-03-18-at-8.05.32-PM.jpeg 1000w, https:\/\/minaguas.gob.ve\/wp-content\/uploads\/2026\/03\/WhatsApp-Image-2026-03-18-at-8.05.32-PM-300x225.jpeg 300w, https:\/\/minaguas.gob.ve\/wp-content\/uploads\/2026\/03\/WhatsApp-Image-2026-03-18-at-8.05.32-PM-768x576.jpeg 768w\" sizes=\"auto, (max-width: 1000px) 100vw, 1000px\" \/><\/figure>\n\n\n\n<figure class=\"wp-block-image size-large\"><img loading=\"lazy\" decoding=\"async\" width=\"1000\" height=\"750\" data-id=\"13772\" src=\"https:\/\/minaguas.gob.ve\/wp-content\/uploads\/2026\/03\/WhatsApp-Image-2026-03-18-at-8.05.31-PM-1.jpeg\" alt=\"\" class=\"wp-image-13772\" srcset=\"https:\/\/minaguas.gob.ve\/wp-content\/uploads\/2026\/03\/WhatsApp-Image-2026-03-18-at-8.05.31-PM-1.jpeg 1000w, https:\/\/minaguas.gob.ve\/wp-content\/uploads\/2026\/03\/WhatsApp-Image-2026-03-18-at-8.05.31-PM-1-300x225.jpeg 300w, https:\/\/minaguas.gob.ve\/wp-content\/uploads\/2026\/03\/WhatsApp-Image-2026-03-18-at-8.05.31-PM-1-768x576.jpeg 768w\" sizes=\"auto, (max-width: 1000px) 100vw, 1000px\" \/><\/figure>\n\n\n\n<figure class=\"wp-block-image size-large\"><img loading=\"lazy\" decoding=\"async\" width=\"1000\" height=\"750\" data-id=\"13770\" src=\"https:\/\/minaguas.gob.ve\/wp-content\/uploads\/2026\/03\/WhatsApp-Image-2026-03-18-at-8.05.31-PM.jpeg\" alt=\"\" class=\"wp-image-13770\" srcset=\"https:\/\/minaguas.gob.ve\/wp-content\/uploads\/2026\/03\/WhatsApp-Image-2026-03-18-at-8.05.31-PM.jpeg 1000w, https:\/\/minaguas.gob.ve\/wp-content\/uploads\/2026\/03\/WhatsApp-Image-2026-03-18-at-8.05.31-PM-300x225.jpeg 300w, https:\/\/minaguas.gob.ve\/wp-content\/uploads\/2026\/03\/WhatsApp-Image-2026-03-18-at-8.05.31-PM-768x576.jpeg 768w\" sizes=\"auto, (max-width: 1000px) 100vw, 1000px\" \/><\/figure>\n<\/figure>\n","protected":false},"excerpt":{"rendered":"<p>Los trabajos de sustituci\u00f3n de 12 metros de colector de 12 pulgadas de di\u00e1metro fortalecen el sistema de drenaje de 140 familias en la parroquia Maparar\u00ed (Prensa Ministerio de las Aguas &#8211; 18-03-2026).\u2013 Siguiendo los lineamientos del Gobierno Bolivariano, el equipo multidisciplinario del agua ejecut\u00f3 con \u00e9xito la sustituci\u00f3n de un tramo cr\u00edtico del colector [&hellip;]<\/p>\n","protected":false},"author":27,"featured_media":13774,"comment_status":"closed","ping_status":"open","sticky":false,"template":"","format":"standard","meta":{"footnotes":""},"categories":[1],"tags":[77,254,152,45],"class_list":["post-13768","post","type-post","status-publish","format-standard","has-post-thumbnail","hentry","category-noticias","tag-aguas-servidas","tag-equipo-multidisciplinario-del-agua","tag-falcon","tag-regionales"],"_links":{"self":[{"href":"https:\/\/minaguas.gob.ve\/index.php?rest_route=\/wp\/v2\/posts\/13768","targetHints":{"allow":["GET"]}}],"collection":[{"href":"https:\/\/minaguas.gob.ve\/index.php?rest_route=\/wp\/v2\/posts"}],"about":[{"href":"https:\/\/minaguas.gob.ve\/index.php?rest_route=\/wp\/v2\/types\/post"}],"author":[{"embeddable":true,"href":"https:\/\/minaguas.gob.ve\/index.php?rest_route=\/wp\/v2\/users\/27"}],"replies":[{"embeddable":true,"href":"https:\/\/minaguas.gob.ve\/index.php?rest_route=%2Fwp%2Fv2%2Fcomments&post=13768"}],"version-history":[{"count":1,"href":"https:\/\/minaguas.gob.ve\/index.php?rest_route=\/wp\/v2\/posts\/13768\/revisions"}],"predecessor-version":[{"id":13775,"href":"https:\/\/minaguas.gob.ve\/index.php?rest_route=\/wp\/v2\/posts\/13768\/revisions\/13775"}],"wp:featuredmedia":[{"embeddable":true,"href":"https:\/\/minaguas.gob.ve\/index.php?rest_route=\/wp\/v2\/media\/13774"}],"wp:attachment":[{"href":"https:\/\/minaguas.gob.ve\/index.php?rest_route=%2Fwp%2Fv2%2Fmedia&parent=13768"}],"wp:term":[{"taxonomy":"category","embeddable":true,"href":"https:\/\/minaguas.gob.ve\/index.php?rest_route=%2Fwp%2Fv2%2Fcategories&post=13768"},{"taxonomy":"post_tag","embeddable":true,"href":"https:\/\/minaguas.gob.ve\/index.php?rest_route=%2Fwp%2Fv2%2Ftags&post=13768"}],"curies":[{"name":"wp","href":"https:\/\/api.w.org\/{rel}","templated":true}]}}