{"id":1369,"date":"2021-10-24T10:43:39","date_gmt":"2021-10-24T14:43:39","guid":{"rendered":"https:\/\/minaguas.gob.ve\/?p=1369"},"modified":"2021-10-24T10:44:56","modified_gmt":"2021-10-24T14:44:56","slug":"juramentadas-7-brippas-en-el-estado-bolivar","status":"publish","type":"post","link":"https:\/\/minaguas.gob.ve\/?p=1369","title":{"rendered":"Juramentadas 7 BRIPPAS en el estado Bol\u00edvar"},"content":{"rendered":"\n<figure class=\"wp-block-image size-full\"><img loading=\"lazy\" decoding=\"async\" width=\"1000\" height=\"750\" src=\"https:\/\/minaguas.gob.ve\/wp-content\/uploads\/2021\/10\/WhatsApp-Image-2021-10-23-at-8.19.27-PM-1.jpeg\" alt=\"\" class=\"wp-image-1371\" srcset=\"https:\/\/minaguas.gob.ve\/wp-content\/uploads\/2021\/10\/WhatsApp-Image-2021-10-23-at-8.19.27-PM-1.jpeg 1000w, https:\/\/minaguas.gob.ve\/wp-content\/uploads\/2021\/10\/WhatsApp-Image-2021-10-23-at-8.19.27-PM-1-300x225.jpeg 300w, https:\/\/minaguas.gob.ve\/wp-content\/uploads\/2021\/10\/WhatsApp-Image-2021-10-23-at-8.19.27-PM-1-768x576.jpeg 768w\" sizes=\"auto, (max-width: 1000px) 100vw, 1000px\" \/><\/figure>\n\n\n\n<p><em><strong>La act<\/strong><\/em><span><strong><em>ividad fue encabezada por la viceministra de Gesti\u00f3n Popular de las Aguas, Jeniree Zerpa<\/em><\/strong><\/span>.<\/p>\n\n\n\n<p><strong>Prensa MinAguas (24-10-2021)\u00a0<\/strong> En cumplimiento de las instrucciones del presidente de la Rep\u00fablica, Nicol\u00e1s Maduro, este s\u00e1bado 23 de octubre\u00a0el Ministerio del Poder Popular de Atenci\u00f3n de las Aguas jurament\u00f3 y entreg\u00f3 una dotaci\u00f3n de herramientas a siete Brigadas del Poder Popular de las Aguas (BRIPPAS) en los municipios Caron\u00ed y Heres del estado Bol\u00edvar.<\/p>\n\n\n\n<p>La actividad fue encabezada por la viceministra de Gesti\u00f3n Popular de las Aguas, Jeniree Zerpa, desde el Parque La Llovizna, donde destac\u00f3 la importancia de estas brigadas para las intervenciones en materia de atenci\u00f3n de aver\u00edas de Agua Potable y Saneamiento (APS) en tomas domiciliarias menores a 6&#8243; en las comunidades, de la mano de Hidrobol\u00edvar. <\/p>\n\n\n\n<p>Zerpa tambi\u00e9n particip\u00f3 en el despliegue del Plan Amor en Acci\u00f3n a las V\u00edctimas del Bloqueo Econ\u00f3mico que se realiz\u00f3 en la comunidad San Jos\u00e9 de Cacahual de la parroquia 11 de Abril, junto al alcalde\u00a0Tito Oviedo; la presidenta de Hidrobol\u00edvar, Shelva Blanco; la autoridad de Servicio de la Alcald\u00eda,\u00a0Giovany Barrios, y el director de la\u00a0Unidad Territorial de las Aguas (UTAA),\u00a0Rub\u00e9n Cristofer.<\/p>\n\n\n\n<p>Durante esta jornada social, desarrollada en la Escuela de San Jos\u00e9 de Cacahual,\u00a0se brind\u00f3 asistencia m\u00e9dica integral, farmac\u00e9utica, odontol\u00f3gica, pedi\u00e1trica, ginecol\u00f3gica, nutricional y de vacunaci\u00f3n a m\u00e1s de 3.300 familias de la localidad. Asimismo, se practicaron pruebas de despistaje de COVID-19, diabetes e hipertensi\u00f3n.<\/p>\n\n\n\n<p>La poblaci\u00f3n tambi\u00e9n fue beneficiada con el abastecimiento de gas comunal, una feria de hortalizas, la entrega de bombillos LED y jornada de registro civil.<\/p>\n\n\n\n<figure class=\"wp-block-gallery columns-2 is-cropped wp-block-gallery-1 is-layout-flex wp-block-gallery-is-layout-flex\"><ul class=\"blocks-gallery-grid\"><li class=\"blocks-gallery-item\"><figure><img loading=\"lazy\" decoding=\"async\" width=\"1024\" height=\"631\" src=\"https:\/\/minaguas.gob.ve\/wp-content\/uploads\/2021\/10\/WhatsApp-Image-2021-10-23-at-8.18.11-PM-1024x631.jpeg\" alt=\"\" data-id=\"1372\" data-full-url=\"https:\/\/minaguas.gob.ve\/wp-content\/uploads\/2021\/10\/WhatsApp-Image-2021-10-23-at-8.18.11-PM.jpeg\" data-link=\"https:\/\/minaguas.gob.ve\/?attachment_id=1372\" class=\"wp-image-1372\" srcset=\"https:\/\/minaguas.gob.ve\/wp-content\/uploads\/2021\/10\/WhatsApp-Image-2021-10-23-at-8.18.11-PM-1024x631.jpeg 1024w, https:\/\/minaguas.gob.ve\/wp-content\/uploads\/2021\/10\/WhatsApp-Image-2021-10-23-at-8.18.11-PM-300x185.jpeg 300w, https:\/\/minaguas.gob.ve\/wp-content\/uploads\/2021\/10\/WhatsApp-Image-2021-10-23-at-8.18.11-PM-768x473.jpeg 768w, https:\/\/minaguas.gob.ve\/wp-content\/uploads\/2021\/10\/WhatsApp-Image-2021-10-23-at-8.18.11-PM.jpeg 1080w\" sizes=\"auto, (max-width: 1024px) 100vw, 1024px\" \/><\/figure><\/li><li class=\"blocks-gallery-item\"><figure><img loading=\"lazy\" decoding=\"async\" width=\"1000\" height=\"750\" src=\"https:\/\/minaguas.gob.ve\/wp-content\/uploads\/2021\/10\/WhatsApp-Image-2021-10-23-at-8.19.26-PM.jpeg\" alt=\"\" data-id=\"1373\" data-full-url=\"https:\/\/minaguas.gob.ve\/wp-content\/uploads\/2021\/10\/WhatsApp-Image-2021-10-23-at-8.19.26-PM.jpeg\" data-link=\"https:\/\/minaguas.gob.ve\/?attachment_id=1373\" class=\"wp-image-1373\" srcset=\"https:\/\/minaguas.gob.ve\/wp-content\/uploads\/2021\/10\/WhatsApp-Image-2021-10-23-at-8.19.26-PM.jpeg 1000w, https:\/\/minaguas.gob.ve\/wp-content\/uploads\/2021\/10\/WhatsApp-Image-2021-10-23-at-8.19.26-PM-300x225.jpeg 300w, https:\/\/minaguas.gob.ve\/wp-content\/uploads\/2021\/10\/WhatsApp-Image-2021-10-23-at-8.19.26-PM-768x576.jpeg 768w\" sizes=\"auto, (max-width: 1000px) 100vw, 1000px\" \/><\/figure><\/li><\/ul><\/figure>\n","protected":false},"excerpt":{"rendered":"<p>La actividad fue encabezada por la viceministra de Gesti\u00f3n Popular de las Aguas, Jeniree Zerpa. Prensa MinAguas (24-10-2021)\u00a0 En cumplimiento de las instrucciones del presidente de la Rep\u00fablica, Nicol\u00e1s Maduro, este s\u00e1bado 23 de octubre\u00a0el Ministerio del Poder Popular de Atenci\u00f3n de las Aguas jurament\u00f3 y entreg\u00f3 una dotaci\u00f3n de herramientas a siete Brigadas del [&hellip;]<\/p>\n","protected":false},"author":28,"featured_media":1371,"comment_status":"open","ping_status":"open","sticky":false,"template":"","format":"standard","meta":{"footnotes":""},"categories":[1],"tags":[13,8],"class_list":["post-1369","post","type-post","status-publish","format-standard","has-post-thumbnail","hentry","category-noticias","tag-brippas","tag-nacionales"],"_links":{"self":[{"href":"https:\/\/minaguas.gob.ve\/index.php?rest_route=\/wp\/v2\/posts\/1369","targetHints":{"allow":["GET"]}}],"collection":[{"href":"https:\/\/minaguas.gob.ve\/index.php?rest_route=\/wp\/v2\/posts"}],"about":[{"href":"https:\/\/minaguas.gob.ve\/index.php?rest_route=\/wp\/v2\/types\/post"}],"author":[{"embeddable":true,"href":"https:\/\/minaguas.gob.ve\/index.php?rest_route=\/wp\/v2\/users\/28"}],"replies":[{"embeddable":true,"href":"https:\/\/minaguas.gob.ve\/index.php?rest_route=%2Fwp%2Fv2%2Fcomments&post=1369"}],"version-history":[{"count":0,"href":"https:\/\/minaguas.gob.ve\/index.php?rest_route=\/wp\/v2\/posts\/1369\/revisions"}],"wp:featuredmedia":[{"embeddable":true,"href":"https:\/\/minaguas.gob.ve\/index.php?rest_route=\/wp\/v2\/media\/1371"}],"wp:attachment":[{"href":"https:\/\/minaguas.gob.ve\/index.php?rest_route=%2Fwp%2Fv2%2Fmedia&parent=1369"}],"wp:term":[{"taxonomy":"category","embeddable":true,"href":"https:\/\/minaguas.gob.ve\/index.php?rest_route=%2Fwp%2Fv2%2Fcategories&post=1369"},{"taxonomy":"post_tag","embeddable":true,"href":"https:\/\/minaguas.gob.ve\/index.php?rest_route=%2Fwp%2Fv2%2Ftags&post=1369"}],"curies":[{"name":"wp","href":"https:\/\/api.w.org\/{rel}","templated":true}]}}