{"id":13671,"date":"2026-03-13T17:46:34","date_gmt":"2026-03-13T21:46:34","guid":{"rendered":"https:\/\/minaguas.gob.ve\/?p=13671"},"modified":"2026-03-13T18:04:20","modified_gmt":"2026-03-13T22:04:20","slug":"gobierno-bolivariano-inaugura-cancha-deportiva-en-la-comuna-agroecologica-turistica-el-gran-topo","status":"publish","type":"post","link":"https:\/\/minaguas.gob.ve\/?p=13671","title":{"rendered":"VSOPS se despliega en la parroquia Sucre para inspeccionar proyectos enmarcados en el Corredor Comunal \u201cPueblos Caribe\u201d"},"content":{"rendered":"\n<p><em>En un 80 % de efectividad se encuentran los planes desarrollados por MinAguas para el robustecimiento de los sistemas h\u00eddrico de la Comuna \u201cAgroecol\u00f3gica Tur\u00edstica El Gran Topo\u201d<\/em><\/p>\n\n\n\n<p><em>(Prensa Ministerio de las Aguas &#8211; 13-03-2026).-<\/em> Enmarcados en las pol\u00edticas p\u00fablicas del Presidente Nicol\u00e1s Maduro y bajo las directrices de la Presidenta encargada Delcy Rodr\u00edguez, la Vicepresidencia Sectorial de Obras P\u00fablicas y Servicios (VSOPS), realiz\u00f3 este viernes un despliegue para inspeccionar los proyectos en materia de servicios desarrollados en el eje 4 del Corredor Comunal \u201cPueblos Caribe\u201d.<\/p>\n\n\n\n<p>Durante la inauguraci\u00f3n de la cancha deportiva en la Comuna \u201cAgroecol\u00f3gica Tur\u00edstica El Gran Topo\u201d se inform\u00f3 que el Ministerio de las Aguas (MinAguas), abastece con el recurso h\u00eddrico al 80 % de la poblaci\u00f3n.<\/p>\n\n\n\n<p>Es importante destacar que en el espacio se est\u00e1 realizando una obra que comprende la instalaci\u00f3n de 400 metros de tuber\u00eda de 2 \u00bd pulgadas de di\u00e1metro y 700 metros de tuber\u00eda PEAD de 32 mm, infraestructura esencial para estabilizar el servicio los consejos comunales La Pe\u00f1a de Zamora y Colina Bella.<\/p>\n\n\n\n<p>\u201cEs bonito, es satisfactorio, venir a ver como van los proyectos del eje Caracas-La Guaira y ver esta espectacular cancha y todas estas obras que estamos ejecutando\u201d, expres\u00f3 el vicepresidente sectorial M\/G, Jorge Elieser M\u00e1rquez, durante una asamblea comunal.<\/p>\n\n\n\n<p>La habitante de la zona, Yulieth Hoyos, destac\u00f3 la eficiencia de los trabajos: \u201cEn temas de aguas estamos pr\u00e1cticamente por cerrar, es muy poco lo que falta adecuar. Se puede decir que avanzamos con \u00e9xito en la atenci\u00f3n de las 142 familias del sector\u201d.<\/p>\n\n\n\n<p>Con estas acciones, el Gobierno Bolivariano ratifica su compromiso con la parroquia Sucre del municipio Libertador, consolidando el Corredor \u201cPueblos Caribe\u201d como un modelo de gesti\u00f3n directa donde la comunidad prioriza sus necesidades y el Estado garantiza los recursos para el bienestar social de la poblaci\u00f3n.<\/p>\n\n\n\n<p><\/p>\n\n\n\n<figure class=\"wp-block-gallery has-nested-images columns-default is-cropped wp-block-gallery-1 is-layout-flex wp-block-gallery-is-layout-flex\">\n<figure class=\"wp-block-image size-large\"><img loading=\"lazy\" decoding=\"async\" width=\"1024\" height=\"768\" data-id=\"13673\" src=\"https:\/\/minaguas.gob.ve\/wp-content\/uploads\/2026\/03\/WhatsApp-Image-2026-03-13-at-5.44.53-PM-1024x768.jpeg\" alt=\"\" class=\"wp-image-13673\" srcset=\"https:\/\/minaguas.gob.ve\/wp-content\/uploads\/2026\/03\/WhatsApp-Image-2026-03-13-at-5.44.53-PM-1024x768.jpeg 1024w, https:\/\/minaguas.gob.ve\/wp-content\/uploads\/2026\/03\/WhatsApp-Image-2026-03-13-at-5.44.53-PM-300x225.jpeg 300w, https:\/\/minaguas.gob.ve\/wp-content\/uploads\/2026\/03\/WhatsApp-Image-2026-03-13-at-5.44.53-PM-768x576.jpeg 768w, https:\/\/minaguas.gob.ve\/wp-content\/uploads\/2026\/03\/WhatsApp-Image-2026-03-13-at-5.44.53-PM.jpeg 1080w\" sizes=\"auto, (max-width: 1024px) 100vw, 1024px\" \/><\/figure>\n\n\n\n<figure class=\"wp-block-image size-large\"><img loading=\"lazy\" decoding=\"async\" width=\"1024\" height=\"768\" data-id=\"13674\" src=\"https:\/\/minaguas.gob.ve\/wp-content\/uploads\/2026\/03\/WhatsApp-Image-2026-03-13-at-5.44.54-PM-1-1024x768.jpeg\" alt=\"\" class=\"wp-image-13674\" srcset=\"https:\/\/minaguas.gob.ve\/wp-content\/uploads\/2026\/03\/WhatsApp-Image-2026-03-13-at-5.44.54-PM-1-1024x768.jpeg 1024w, https:\/\/minaguas.gob.ve\/wp-content\/uploads\/2026\/03\/WhatsApp-Image-2026-03-13-at-5.44.54-PM-1-300x225.jpeg 300w, https:\/\/minaguas.gob.ve\/wp-content\/uploads\/2026\/03\/WhatsApp-Image-2026-03-13-at-5.44.54-PM-1-768x576.jpeg 768w, https:\/\/minaguas.gob.ve\/wp-content\/uploads\/2026\/03\/WhatsApp-Image-2026-03-13-at-5.44.54-PM-1.jpeg 1080w\" sizes=\"auto, (max-width: 1024px) 100vw, 1024px\" \/><\/figure>\n\n\n\n<figure class=\"wp-block-image size-large\"><img loading=\"lazy\" decoding=\"async\" width=\"1024\" height=\"768\" data-id=\"13675\" src=\"https:\/\/minaguas.gob.ve\/wp-content\/uploads\/2026\/03\/WhatsApp-Image-2026-03-13-at-5.44.54-PM-1024x768.jpeg\" alt=\"\" class=\"wp-image-13675\" srcset=\"https:\/\/minaguas.gob.ve\/wp-content\/uploads\/2026\/03\/WhatsApp-Image-2026-03-13-at-5.44.54-PM-1024x768.jpeg 1024w, https:\/\/minaguas.gob.ve\/wp-content\/uploads\/2026\/03\/WhatsApp-Image-2026-03-13-at-5.44.54-PM-300x225.jpeg 300w, https:\/\/minaguas.gob.ve\/wp-content\/uploads\/2026\/03\/WhatsApp-Image-2026-03-13-at-5.44.54-PM-768x576.jpeg 768w, https:\/\/minaguas.gob.ve\/wp-content\/uploads\/2026\/03\/WhatsApp-Image-2026-03-13-at-5.44.54-PM.jpeg 1080w\" sizes=\"auto, (max-width: 1024px) 100vw, 1024px\" \/><\/figure>\n<\/figure>\n","protected":false},"excerpt":{"rendered":"<p>En un 80 % de efectividad se encuentran los planes desarrollados por MinAguas para el robustecimiento de los sistemas h\u00eddrico de la Comuna \u201cAgroecol\u00f3gica Tur\u00edstica El Gran Topo\u201d (Prensa Ministerio de las Aguas &#8211; 13-03-2026).- Enmarcados en las pol\u00edticas p\u00fablicas del Presidente Nicol\u00e1s Maduro y bajo las directrices de la Presidenta encargada Delcy Rodr\u00edguez, la [&hellip;]<\/p>\n","protected":false},"author":27,"featured_media":13672,"comment_status":"closed","ping_status":"open","sticky":false,"template":"","format":"standard","meta":{"footnotes":""},"categories":[1],"tags":[42,8,24],"class_list":["post-13671","post","type-post","status-publish","format-standard","has-post-thumbnail","hentry","category-noticias","tag-agua-potable","tag-nacionales","tag-pueblo-trabajador-del-agua"],"_links":{"self":[{"href":"https:\/\/minaguas.gob.ve\/index.php?rest_route=\/wp\/v2\/posts\/13671","targetHints":{"allow":["GET"]}}],"collection":[{"href":"https:\/\/minaguas.gob.ve\/index.php?rest_route=\/wp\/v2\/posts"}],"about":[{"href":"https:\/\/minaguas.gob.ve\/index.php?rest_route=\/wp\/v2\/types\/post"}],"author":[{"embeddable":true,"href":"https:\/\/minaguas.gob.ve\/index.php?rest_route=\/wp\/v2\/users\/27"}],"replies":[{"embeddable":true,"href":"https:\/\/minaguas.gob.ve\/index.php?rest_route=%2Fwp%2Fv2%2Fcomments&post=13671"}],"version-history":[{"count":4,"href":"https:\/\/minaguas.gob.ve\/index.php?rest_route=\/wp\/v2\/posts\/13671\/revisions"}],"predecessor-version":[{"id":13679,"href":"https:\/\/minaguas.gob.ve\/index.php?rest_route=\/wp\/v2\/posts\/13671\/revisions\/13679"}],"wp:featuredmedia":[{"embeddable":true,"href":"https:\/\/minaguas.gob.ve\/index.php?rest_route=\/wp\/v2\/media\/13672"}],"wp:attachment":[{"href":"https:\/\/minaguas.gob.ve\/index.php?rest_route=%2Fwp%2Fv2%2Fmedia&parent=13671"}],"wp:term":[{"taxonomy":"category","embeddable":true,"href":"https:\/\/minaguas.gob.ve\/index.php?rest_route=%2Fwp%2Fv2%2Fcategories&post=13671"},{"taxonomy":"post_tag","embeddable":true,"href":"https:\/\/minaguas.gob.ve\/index.php?rest_route=%2Fwp%2Fv2%2Ftags&post=13671"}],"curies":[{"name":"wp","href":"https:\/\/api.w.org\/{rel}","templated":true}]}}