{"id":13664,"date":"2026-03-13T17:28:03","date_gmt":"2026-03-13T21:28:03","guid":{"rendered":"https:\/\/minaguas.gob.ve\/?p=13664"},"modified":"2026-03-13T17:28:03","modified_gmt":"2026-03-13T21:28:03","slug":"minaguas-sustituye-77-metros-de-colector-para-aguas-servidas-en-yaracuy","status":"publish","type":"post","link":"https:\/\/minaguas.gob.ve\/?p=13664","title":{"rendered":"MinAguas sustituye 77 metros de colector para aguas servidas en Yaracuy"},"content":{"rendered":"\n<p><em>Estas acciones garantizan el saneamiento ambiental a 250 habitantes de los sectores Pradera 2 y La Ermita<\/em><\/p>\n\n\n\n<p><strong>(Prensa Ministerio de las Aguas \u2013 13-03-2026).-<\/strong> En respuesta efectiva a los reportes generados a trav\u00e9s de la plataforma del 1&#215;10 del Buen Gobierno, el equipo multidisciplinario del agua, ejecut\u00f3 la sustituci\u00f3n de 77 metros del colector de 8 pulgadas de di\u00e1metro para aguas servidas en los sectores La Ermita y Pradera 2 del municipio Cocorote. La obra permite optimizar la red de saneamiento y mejorar la calidad de vida de 250 habitantes.<\/p>\n\n\n\n<p>Los trabajos consistieron en la instalaci\u00f3n de 77 metros de tuber\u00eda pvc de 8 pulgadas de di\u00e1metro, una maniobra t\u00e9cnica que permiti\u00f3 normalizar el flujo de aguas servidas en los sectores.<\/p>\n\n\n\n<p>El habitante de la zona, Nolberto Peralta, expres\u00f3 su agradecimiento con la herramienta del 1&#215;10 del Buen Gobierno, \u201csin duda alguna es una herramienta que lleg\u00f3 para quedarse y solventar de manera efectiva todos los reportes generados, nos sentimos felices y contentos por la respuesta inmediata que nos prestaron, ahora la comunidad tiene tranquilidad\u201d, asegur\u00f3.<\/p>\n\n\n\n<p>Estas acciones se encuentran enmarcadas en las pol\u00edticas p\u00fablicas instruidas por el presidente Nicol\u00e1s Maduro y la Presidenta (E) Delcy Rodr\u00edguez, ejecutadas bajo la supervisi\u00f3n del Ministerio del poder popular de las Aguas y la Gobernaci\u00f3n del estado Yaracuy, con el fin de consolidar la atenci\u00f3n directa en el territorio.<\/p>\n\n\n\n<p>Con este despliegue, el Gobierno Bolivariano reafirma su compromiso de fortalecer los servicios p\u00fablicos y garantizar el bienestar social mediante la herramienta tecnol\u00f3gica de la VenApp, consolidando un sistema de gesti\u00f3n p\u00fablica eficiente y participativa.<\/p>\n\n\n\n<figure class=\"wp-block-gallery has-nested-images columns-default is-cropped wp-block-gallery-1 is-layout-flex wp-block-gallery-is-layout-flex\">\n<figure class=\"wp-block-image size-large\"><img loading=\"lazy\" decoding=\"async\" width=\"1020\" height=\"471\" data-id=\"13666\" src=\"https:\/\/minaguas.gob.ve\/wp-content\/uploads\/2026\/03\/WhatsApp-Image-2026-03-13-at-12.05.30-PM-2.jpeg\" alt=\"\" class=\"wp-image-13666\" srcset=\"https:\/\/minaguas.gob.ve\/wp-content\/uploads\/2026\/03\/WhatsApp-Image-2026-03-13-at-12.05.30-PM-2.jpeg 1020w, https:\/\/minaguas.gob.ve\/wp-content\/uploads\/2026\/03\/WhatsApp-Image-2026-03-13-at-12.05.30-PM-2-300x139.jpeg 300w, https:\/\/minaguas.gob.ve\/wp-content\/uploads\/2026\/03\/WhatsApp-Image-2026-03-13-at-12.05.30-PM-2-768x355.jpeg 768w\" sizes=\"auto, (max-width: 1020px) 100vw, 1020px\" \/><\/figure>\n\n\n\n<figure class=\"wp-block-image size-large\"><img loading=\"lazy\" decoding=\"async\" width=\"1024\" height=\"768\" data-id=\"13667\" src=\"https:\/\/minaguas.gob.ve\/wp-content\/uploads\/2026\/03\/WhatsApp-Image-2026-03-13-at-12.05.30-PM-1024x768.jpeg\" alt=\"\" class=\"wp-image-13667\" srcset=\"https:\/\/minaguas.gob.ve\/wp-content\/uploads\/2026\/03\/WhatsApp-Image-2026-03-13-at-12.05.30-PM-1024x768.jpeg 1024w, https:\/\/minaguas.gob.ve\/wp-content\/uploads\/2026\/03\/WhatsApp-Image-2026-03-13-at-12.05.30-PM-300x225.jpeg 300w, https:\/\/minaguas.gob.ve\/wp-content\/uploads\/2026\/03\/WhatsApp-Image-2026-03-13-at-12.05.30-PM-768x576.jpeg 768w, https:\/\/minaguas.gob.ve\/wp-content\/uploads\/2026\/03\/WhatsApp-Image-2026-03-13-at-12.05.30-PM.jpeg 1280w\" sizes=\"auto, (max-width: 1024px) 100vw, 1024px\" \/><\/figure>\n\n\n\n<figure class=\"wp-block-image size-large\"><img loading=\"lazy\" decoding=\"async\" width=\"1024\" height=\"682\" data-id=\"13668\" src=\"https:\/\/minaguas.gob.ve\/wp-content\/uploads\/2026\/03\/WhatsApp-Image-2026-03-13-at-12.05.29-PM-1024x682.jpeg\" alt=\"\" class=\"wp-image-13668\" srcset=\"https:\/\/minaguas.gob.ve\/wp-content\/uploads\/2026\/03\/WhatsApp-Image-2026-03-13-at-12.05.29-PM-1024x682.jpeg 1024w, https:\/\/minaguas.gob.ve\/wp-content\/uploads\/2026\/03\/WhatsApp-Image-2026-03-13-at-12.05.29-PM-300x200.jpeg 300w, https:\/\/minaguas.gob.ve\/wp-content\/uploads\/2026\/03\/WhatsApp-Image-2026-03-13-at-12.05.29-PM-768x512.jpeg 768w, https:\/\/minaguas.gob.ve\/wp-content\/uploads\/2026\/03\/WhatsApp-Image-2026-03-13-at-12.05.29-PM.jpeg 1280w\" sizes=\"auto, (max-width: 1024px) 100vw, 1024px\" \/><\/figure>\n<\/figure>\n","protected":false},"excerpt":{"rendered":"<p>Estas acciones garantizan el saneamiento ambiental a 250 habitantes de los sectores Pradera 2 y La Ermita (Prensa Ministerio de las Aguas \u2013 13-03-2026).- En respuesta efectiva a los reportes generados a trav\u00e9s de la plataforma del 1&#215;10 del Buen Gobierno, el equipo multidisciplinario del agua, ejecut\u00f3 la sustituci\u00f3n de 77 metros del colector de [&hellip;]<\/p>\n","protected":false},"author":27,"featured_media":13665,"comment_status":"closed","ping_status":"open","sticky":false,"template":"","format":"standard","meta":{"footnotes":""},"categories":[1],"tags":[77,24,45],"class_list":["post-13664","post","type-post","status-publish","format-standard","has-post-thumbnail","hentry","category-noticias","tag-aguas-servidas","tag-pueblo-trabajador-del-agua","tag-regionales"],"_links":{"self":[{"href":"https:\/\/minaguas.gob.ve\/index.php?rest_route=\/wp\/v2\/posts\/13664","targetHints":{"allow":["GET"]}}],"collection":[{"href":"https:\/\/minaguas.gob.ve\/index.php?rest_route=\/wp\/v2\/posts"}],"about":[{"href":"https:\/\/minaguas.gob.ve\/index.php?rest_route=\/wp\/v2\/types\/post"}],"author":[{"embeddable":true,"href":"https:\/\/minaguas.gob.ve\/index.php?rest_route=\/wp\/v2\/users\/27"}],"replies":[{"embeddable":true,"href":"https:\/\/minaguas.gob.ve\/index.php?rest_route=%2Fwp%2Fv2%2Fcomments&post=13664"}],"version-history":[{"count":1,"href":"https:\/\/minaguas.gob.ve\/index.php?rest_route=\/wp\/v2\/posts\/13664\/revisions"}],"predecessor-version":[{"id":13669,"href":"https:\/\/minaguas.gob.ve\/index.php?rest_route=\/wp\/v2\/posts\/13664\/revisions\/13669"}],"wp:featuredmedia":[{"embeddable":true,"href":"https:\/\/minaguas.gob.ve\/index.php?rest_route=\/wp\/v2\/media\/13665"}],"wp:attachment":[{"href":"https:\/\/minaguas.gob.ve\/index.php?rest_route=%2Fwp%2Fv2%2Fmedia&parent=13664"}],"wp:term":[{"taxonomy":"category","embeddable":true,"href":"https:\/\/minaguas.gob.ve\/index.php?rest_route=%2Fwp%2Fv2%2Fcategories&post=13664"},{"taxonomy":"post_tag","embeddable":true,"href":"https:\/\/minaguas.gob.ve\/index.php?rest_route=%2Fwp%2Fv2%2Ftags&post=13664"}],"curies":[{"name":"wp","href":"https:\/\/api.w.org\/{rel}","templated":true}]}}